{"id":13807,"date":"2026-07-19T08:02:05","date_gmt":"2026-07-19T11:02:05","guid":{"rendered":"https:\/\/blogs.correiobraziliense.com.br\/denise\/?p=13807"},"modified":"2026-07-19T08:02:05","modified_gmt":"2026-07-19T11:02:05","slug":"senado-virtual","status":"publish","type":"post","link":"https:\/\/blogs.correiobraziliense.com.br\/denise\/senado-virtual\/","title":{"rendered":"Senado virtual"},"content":{"rendered":"<p><em><strong>*Coluna Bras\u00edlia-DF publicada neste domingo (19\/7) por Denise Rothenburg e Eduarda Esposito<\/strong><\/em><\/p>\n<p>Das 38 sess\u00f5es deliberativas (de vota\u00e7\u00f5es), realizadas de fevereiro a julho no plen\u00e1rio do Senado, apenas 14 delas foram presenciais, exigindo-se a presen\u00e7a f\u00edsica dos senadores. Ou seja, em mais da metade dessas reuni\u00f5es imperou o recurso do Infoleg \u2014 o sistema de vota\u00e7\u00e3o on-line que funcionou na \u00e9poca da pandemia. Em julho, em todas as sess\u00f5es, as vota\u00e7\u00f5es puderam ser feitas pelo Infoleg. Em mar\u00e7o, das nove deliberativas realizadas, apenas duas foram presenciais. O \u00fanico m\u00eas em que todas as sess\u00f5es de vota\u00e7\u00e3o foram presenciais foi abril. N\u00e3o por acaso, muitos pol\u00edticos pensam em limitar esse expediente de vota\u00e7\u00e3o pelo Infoleg, em que os debates se tornam escassos, e o parlamentar termina dedicado a outras tarefas, que n\u00e3o a aprecia\u00e7\u00e3o de leis que mexem diretamente com a vida dos brasileiros.<\/p>\n<h3>Tem que ter limite<\/h3>\n<p>Entre os senadores, Izalci Lucas (PL-DF) \u00e9 um dos que t\u00eam reclamado desse expediente. &#8220;N\u00e3o d\u00e1 para querer votar emenda constitucional sem um debate s\u00e9rio em plen\u00e1rio com a presen\u00e7a de todos&#8221;, afirma. Na C\u00e2mara, conforme o leitor da coluna j\u00e1 sabe, o deputado J\u00falio Lopes (PP-RJ) tem uma proposta para tentar acabar com o abuso das sess\u00f5es virtuais, de forma a ampliar o debate parlamentar na Casa. Tanto o Senado quanto a C\u00e2mara ter\u00e3o duas semanas de esfor\u00e7o concentrado antes da elei\u00e7\u00e3o de outubro: de 10 a 14 de agosto e de 31 de agosto a 3 de setembro. A expectativa de muitos parlamentares \u00e9 a de que propostas importantes, como o caso da escala 6 x 1, sejam apreciadas nesse per\u00edodo de oito dias e de forma presencial.<\/p>\n<h3>O foco de Valdemar<\/h3>\n<p>Ao deixar para os Bolsonaro a escolha do nome para compor na chapa presidencial de Fl\u00e1vio na vaga \u00e0 Vice-Presid\u00eancia, o presidente do PL, Valdemar Costa Neto, fica com mais tempo para cuidar daquilo que mais interessa aos partidos a pre\u00e7os de hoje: eleger deputados federais. Esta \u00e9 a elei\u00e7\u00e3o que define o valor do fundo partid\u00e1rio e a propaganda na tev\u00ea.<\/p>\n<h3>Emendas se sobrep\u00f5em a vota\u00e7\u00f5es<\/h3>\n<p>A justificativa dada por muitos senadores para o uso do Infoleg na maioria das sess\u00f5es deliberativas foi o comparecimento a eventos pr\u00e9-eleitorais e de entrega de obras. As pr\u00e9-campanhas come\u00e7aram antes do carnaval e se intensificaram nos \u00faltimos meses. As presen\u00e7as na Casa diminu\u00edram ainda mais ap\u00f3s 60% das emendas impositivas terem sido pagas at\u00e9 junho, conforme estava previsto no Or\u00e7amento deste ano.<\/p>\n<h3>Fogo amigo<\/h3>\n<p>No Congresso, aliados da ex-primeira-dama Michelle Bolsonaro consideram que o aumento dos ataques a ela nas redes sociais tem o mesmo padr\u00e3o dos tempos em que os bolsonaristas atacavam o ent\u00e3o presidente da C\u00e2mara, Rodrigo Maia, nos idos do governo Bolsonaro, em 2019\/2020. Ou seja, tudo gente de casa.<\/p>\n<h3>Rio sem os Bolsonaro<\/h3>\n<p>Com os filhos de Jair Bolsonaro fora do Rio de Janeiro, o estado virou um dos pontos de refer\u00eancia para que Lula tente ampliar a sua vota\u00e7\u00e3o. O presidente tem concentrado suas agendas por l\u00e1, e Jair Bolsonaro n\u00e3o tem quem defenda o nome da fam\u00edlia onde ele fazia pol\u00edtica. Carlos Bolsonaro renunciou ao mandato de vereador no Rio e se mudou para Santa Catarina, onde concorre a uma vaga ao Senado. E, nesse sentido, carioca n\u00e3o perdoa. J\u00e1 se ouve na praia que Carlos largou o Rio.<\/p>\n<h3>CURTIDAS<\/h3>\n<p><strong>A esperan\u00e7a de Izalci\/<\/strong> O senador Izalci Lucas tem dito a amigos que s\u00f3 Fl\u00e1vio Bolsonaro poderia hoje salvar uma candidatura dele a uma vaga majorit\u00e1ria, governo ou Senado. S\u00f3 tem um probleminha: o partido j\u00e1 vestiu a camisa da governadora Celina Le\u00e3o (PP), em pr\u00e9-campanha para a reelei\u00e7\u00e3o no GDF, haja vista a presen\u00e7a de Bia Kicis (PL-DF), pr\u00e9-candidata ao Senado e presidente do PL do Distrito Federal, na festa de lan\u00e7amento da candidatura em Ceil\u00e2ndia.<\/p>\n<p><strong>E tem mais\/<\/strong> O presidente do PL, Valdemar Costa Neto, foi muito claro, na entrevista ao CB Poder que, no DF, o partido vai de Bia Kicis, e Michelle Bolsonaro ao Senado. O partido nem cogita hoje outros nomes. Vai apostar em Michelle at\u00e9 o \u00faltimo minuto.<\/p>\n<p><strong>Estudar \u00e9 preciso\/<\/strong> O Centro Cultural Get\u00falio Vargas, no Rio de Janeiro, ser\u00e1 palco esta semana, de segunda a quarta-feira, da Confer\u00eancia Internacional de Teoria Econ\u00f4mica P\u00fablica (PET). A programa\u00e7\u00e3o contar\u00e1 com a participa\u00e7\u00e3o dos Pr\u00eamios Nobel de Economia Lars Peter Hansen e James Heckman, ambos da Universidade de Chicago. O evento \u00e9 um dos mais importantes f\u00f3runs de debates sobre as aplica\u00e7\u00f5es das teorias econ\u00f4micas na forma\u00e7\u00e3o de pol\u00edticas p\u00fablicas. Ser\u00e3o quatro dias de sess\u00f5es cient\u00edficas, trocas de experi\u00eancias e ideias, de forma a aproximar a produ\u00e7\u00e3o acad\u00eamica de ponta dos desafios econ\u00f4micos e sociais do planeta.<\/p>\n<p>&nbsp;<\/p>\n","protected":false},"excerpt":{"rendered":"<p>*Coluna Bras\u00edlia-DF publicada neste domingo (19\/7) por Denise Rothenburg e Eduarda Esposito Das 38 sess\u00f5es deliberativas (de vota\u00e7\u00f5es), realizadas de fevereiro a julho no plen\u00e1rio do Senado, apenas 14 delas foram presenciais, exigindo-se a presen\u00e7a f\u00edsica dos senadores. Ou seja, em mais da metade dessas reuni\u00f5es imperou o recurso do Infoleg \u2014 o sistema de vota\u00e7\u00e3o on-line que funcionou na [&hellip;]<\/p>\n","protected":false},"author":164,"featured_media":13808,"comment_status":"closed","ping_status":"closed","sticky":false,"template":"","format":"standard","meta":{"footnotes":""},"categories":[4],"tags":[20],"class_list":["post-13807","post","type-post","status-publish","format-standard","has-post-thumbnail","hentry","category-coluna-brasilia-df","tag-eleicoes"],"_links":{"self":[{"href":"https:\/\/blogs.correiobraziliense.com.br\/denise\/wp-json\/wp\/v2\/posts\/13807","targetHints":{"allow":["GET"]}}],"collection":[{"href":"https:\/\/blogs.correiobraziliense.com.br\/denise\/wp-json\/wp\/v2\/posts"}],"about":[{"href":"https:\/\/blogs.correiobraziliense.com.br\/denise\/wp-json\/wp\/v2\/types\/post"}],"author":[{"embeddable":true,"href":"https:\/\/blogs.correiobraziliense.com.br\/denise\/wp-json\/wp\/v2\/users\/164"}],"replies":[{"embeddable":true,"href":"https:\/\/blogs.correiobraziliense.com.br\/denise\/wp-json\/wp\/v2\/comments?post=13807"}],"version-history":[{"count":1,"href":"https:\/\/blogs.correiobraziliense.com.br\/denise\/wp-json\/wp\/v2\/posts\/13807\/revisions"}],"predecessor-version":[{"id":13809,"href":"https:\/\/blogs.correiobraziliense.com.br\/denise\/wp-json\/wp\/v2\/posts\/13807\/revisions\/13809"}],"wp:featuredmedia":[{"embeddable":true,"href":"https:\/\/blogs.correiobraziliense.com.br\/denise\/wp-json\/wp\/v2\/media\/13808"}],"wp:attachment":[{"href":"https:\/\/blogs.correiobraziliense.com.br\/denise\/wp-json\/wp\/v2\/media?parent=13807"}],"wp:term":[{"taxonomy":"category","embeddable":true,"href":"https:\/\/blogs.correiobraziliense.com.br\/denise\/wp-json\/wp\/v2\/categories?post=13807"},{"taxonomy":"post_tag","embeddable":true,"href":"https:\/\/blogs.correiobraziliense.com.br\/denise\/wp-json\/wp\/v2\/tags?post=13807"}],"curies":[{"name":"wp","href":"https:\/\/api.w.org\/{rel}","templated":true}]}}