{"id":13793,"date":"2026-07-17T09:38:25","date_gmt":"2026-07-17T12:38:25","guid":{"rendered":"https:\/\/blogs.correiobraziliense.com.br\/denise\/?p=13793"},"modified":"2026-07-17T09:38:25","modified_gmt":"2026-07-17T12:38:25","slug":"tarifaco-negociacoes-so-depois-da-eleicao","status":"publish","type":"post","link":"https:\/\/blogs.correiobraziliense.com.br\/denise\/tarifaco-negociacoes-so-depois-da-eleicao\/","title":{"rendered":"Tarifa\u00e7o: negocia\u00e7\u00f5es s\u00f3 depois da elei\u00e7\u00e3o"},"content":{"rendered":"<p><em><strong>Coluna Bras\u00edlia-DF publicada na sexta-feira, 17 de julho de 2026, por Denise Rothenburg com Eduarda Esposito<\/strong><\/em><\/p>\n<figure id=\"attachment_13795\" aria-describedby=\"caption-attachment-13795\" style=\"width: 300px\" class=\"wp-caption alignleft\"><a href=\"https:\/\/blogs.correiobraziliense.com.br\/denise\/wp-content\/uploads\/sites\/12\/2026\/07\/coluna-17-de-julho.jpg\"><img loading=\"lazy\" decoding=\"async\" class=\"size-medium wp-image-13795\" src=\"https:\/\/blogs.correiobraziliense.com.br\/denise\/wp-content\/uploads\/sites\/12\/2026\/07\/coluna-17-de-julho-300x300.jpg\" alt=\"\" width=\"300\" height=\"300\" srcset=\"https:\/\/blogs.correiobraziliense.com.br\/denise\/wp-content\/uploads\/sites\/12\/2026\/07\/coluna-17-de-julho-300x300.jpg 300w, https:\/\/blogs.correiobraziliense.com.br\/denise\/wp-content\/uploads\/sites\/12\/2026\/07\/coluna-17-de-julho-150x150.jpg 150w, https:\/\/blogs.correiobraziliense.com.br\/denise\/wp-content\/uploads\/sites\/12\/2026\/07\/coluna-17-de-julho-768x768.jpg 768w, https:\/\/blogs.correiobraziliense.com.br\/denise\/wp-content\/uploads\/sites\/12\/2026\/07\/coluna-17-de-julho-1024x1024.jpg 1024w, https:\/\/blogs.correiobraziliense.com.br\/denise\/wp-content\/uploads\/sites\/12\/2026\/07\/coluna-17-de-julho-1440x1439.jpg 1440w, https:\/\/blogs.correiobraziliense.com.br\/denise\/wp-content\/uploads\/sites\/12\/2026\/07\/coluna-17-de-julho-800x800.jpg 800w, https:\/\/blogs.correiobraziliense.com.br\/denise\/wp-content\/uploads\/sites\/12\/2026\/07\/coluna-17-de-julho-550x550.jpg 550w, https:\/\/blogs.correiobraziliense.com.br\/denise\/wp-content\/uploads\/sites\/12\/2026\/07\/coluna-17-de-julho-230x230.jpg 230w, https:\/\/blogs.correiobraziliense.com.br\/denise\/wp-content\/uploads\/sites\/12\/2026\/07\/coluna-17-de-julho.jpg 1939w\" sizes=\"auto, (max-width: 300px) 100vw, 300px\" \/><\/a><figcaption id=\"caption-attachment-13795\" class=\"wp-caption-text\">Cr\u00e9dito: Caio Gomez<\/figcaption><\/figure>\n<p>A ordem agora no governo brasileiro \u00e9 dialogar com cada setor afetado pelo tarifa\u00e7o dos Estados Unidos, de forma a tentar reduzir os danos. Por\u00e9m, negocia\u00e7\u00e3o direta com os norte-americanos s\u00f3 mesmo depois das elei\u00e7\u00f5es. A ideia \u00e9 repisar que o tarifa\u00e7o \u00e9, na verdade, um \u201cTarifl\u00e1vio\u201d, numa refer\u00eancia ao pr\u00e9-candidato do PL \u00e0 Presid\u00eancia da Rep\u00fablica, que, quando das primeiras tarifas, no ano passado, elogiou a atitude dos Estados Unidos e, agora, amplia as cr\u00edticas a Lula sem atacar diretamente o governo de Donald Trump pela decis\u00e3o. Fl\u00e1vio, por sua vez, promete enfatizar o \u201cPT \u2014 o partido do tarifa\u00e7o\u201d. O tema vai tomar conta deste per\u00edodo de pr\u00e9-campanha justamente na largada das conven\u00e7\u00f5es. No entanto, a avalia\u00e7\u00e3o de aliados de Fl\u00e1vio \u00e9 de que, a partir de agosto, a seguran\u00e7a p\u00fablica ainda prevalecer\u00e1 sobre esse assunto das tarifas, em que o senador do PL espera ter mais vantagem sobre o presidente Lula.<\/p>\n<p style=\"text-align: center\"><strong>\u00bb \u00bb \u00bb \u00bb \u00bb \u00bb \u00bb \u00bb \u00bb <\/strong><\/p>\n<p><strong>Divisor de \u00e1guas\/<\/strong> A nota divulgada pela Federa\u00e7\u00e3o das Ind\u00fastrias de S\u00e3o Paulo (Fiesp) a respeito das tarifas, com cr\u00edticas \u00e0s negocia\u00e7\u00f5es por parte do governo brasileiro, deixou claro que a institui\u00e7\u00e3o n\u00e3o apoiar\u00e1 a reelei\u00e7\u00e3o de Lula. A d\u00favida de muitos empres\u00e1rios \u00e9 se abra\u00e7a Ronaldo Caiado ou Fl\u00e1vio Bolsonaro, a quem muitos paulistas t\u00eam forte resist\u00eancia.<\/p>\n<h3>Pouco a apresentar<\/h3>\n<p>At\u00e9 os deputados do PL titubeiam na hora de elencar os trabalhos de destaque do senador Fl\u00e1vio Bolsonaro (PL-RJ) no Parlamento. Este ano, ele n\u00e3o relatou qualquer proposta importante e votou de forma presencial apenas sete vezes, conforme levantamento da coluna no portal do Senado.<\/p>\n<h3>Um defensor inesperado<\/h3>\n<p>Especialista em Or\u00e7amento, o deputado Hildo Rocha (MDB-MA) foi, dia desses, \u00e0 tribuna defender o ministro Fl\u00e1vio Dino, do Supremo Tribunal Federal (STF), advers\u00e1rio ferrenho de seu partido no estado. Rocha tem dito que Dino est\u00e1 certo em cobrar transpar\u00eancia e foi incisivo ao dizer que, no MDB, presidente de partido n\u00e3o pede emendas a demais parlamentares. \u201cNo MDB n\u00e3o tem disso. Isso e coisa de partido que tem dono.\u201d<\/p>\n<h3>E a reforma tribut\u00e1ria, hein?<\/h3>\n<p>Estudo da consultoria fiscal V369, que analisou 6,4 milh\u00f5es de notas fiscais, mostra que 66,2% desses documentos t\u00eam inconsist\u00eancias que podem comprometer o cr\u00e9dito de IBS e CBS, previsto na reforma tribut\u00e1ria. A advogada tributarista e coordenadora do MBA em gest\u00e3o tribut\u00e1ria da Trevisan Escola de Neg\u00f3cios, Elizabeth Martos, adverte: \u201cA partir de 1\u00ba de agosto, encerram-se as flexibiliza\u00e7\u00f5es e passam a produzir efeitos as penalidades pelo descumprimento das novas obriga\u00e7\u00f5es acess\u00f3rias. Em 3 de agosto, os sistemas passar\u00e3o a rejeitar os documentos fiscais eletr\u00f4nicos emitidos sem os campos obrigat\u00f3rios de IBS e CBS\u201d.<\/p>\n<h3>Origem de tudo<\/h3>\n<p>O estudo demonstra que a origem do erro nas notas fiscais ocorre no come\u00e7o do processo, na compra de materiais com os fornecedores, que n\u00e3o est\u00e3o preenchendo o campo obrigat\u00f3rio de IBS e CBS. \u201cSe o documento for rejeitado e a opera\u00e7\u00e3o ocorrer sem documento fiscal v\u00e1lido, h\u00e1 risco de agravamento das penalidades e da responsabiliza\u00e7\u00e3o do contribuinte\u201d, ressalta Martos.<\/p>\n<h3>CURTIDAS<\/h3>\n<figure id=\"attachment_13796\" aria-describedby=\"caption-attachment-13796\" style=\"width: 156px\" class=\"wp-caption alignleft\"><a href=\"https:\/\/blogs.correiobraziliense.com.br\/denise\/wp-content\/uploads\/sites\/12\/2026\/07\/michelle.jpg\"><img loading=\"lazy\" decoding=\"async\" class=\" wp-image-13796\" src=\"https:\/\/blogs.correiobraziliense.com.br\/denise\/wp-content\/uploads\/sites\/12\/2026\/07\/michelle-256x300.jpg\" alt=\"\" width=\"156\" height=\"183\" srcset=\"https:\/\/blogs.correiobraziliense.com.br\/denise\/wp-content\/uploads\/sites\/12\/2026\/07\/michelle-256x300.jpg 256w, https:\/\/blogs.correiobraziliense.com.br\/denise\/wp-content\/uploads\/sites\/12\/2026\/07\/michelle-768x900.jpg 768w, https:\/\/blogs.correiobraziliense.com.br\/denise\/wp-content\/uploads\/sites\/12\/2026\/07\/michelle-873x1024.jpg 873w, https:\/\/blogs.correiobraziliense.com.br\/denise\/wp-content\/uploads\/sites\/12\/2026\/07\/michelle-1440x1688.jpg 1440w, https:\/\/blogs.correiobraziliense.com.br\/denise\/wp-content\/uploads\/sites\/12\/2026\/07\/michelle-800x938.jpg 800w, https:\/\/blogs.correiobraziliense.com.br\/denise\/wp-content\/uploads\/sites\/12\/2026\/07\/michelle-550x645.jpg 550w, https:\/\/blogs.correiobraziliense.com.br\/denise\/wp-content\/uploads\/sites\/12\/2026\/07\/michelle-230x270.jpg 230w, https:\/\/blogs.correiobraziliense.com.br\/denise\/wp-content\/uploads\/sites\/12\/2026\/07\/michelle.jpg 1920w\" sizes=\"auto, (max-width: 156px) 100vw, 156px\" \/><\/a><figcaption id=\"caption-attachment-13796\" class=\"wp-caption-text\">Cr\u00e9dito: Reprodu\u00e7\u00e3o\/Instagram<\/figcaption><\/figure>\n<p><strong>Atr\u00e1s delas\/<\/strong> Com o crescimento do eleitorado feminino, o senador Fl\u00e1vio Bolsonaro (PL-RJ) foi \u00e0s redes sociais com a ex-presidente da Caixa Econ\u00f4mica Federal Daniela Marques de forma a tentar alavancar sua empatia com as mulheres. No in\u00edcio, 2,8 mil pessoas acompanhavam a live.<\/p>\n<p><strong>Compensa a\u00ed\/<\/strong> Brigado com a ex-primeira-dama Michelle Bolsonaro (<em>foto<\/em>), Fl\u00e1vio quer transformar Daniela em sua grande ponte com as eleitoras brasileiras.<\/p>\n<p><strong>Prote\u00e7\u00e3o dos jovens\/<\/strong> O Estatuto da Crian\u00e7a e do Adolescente (ECA) no ambiente digital \u2014 lei que protege meninas e meninos na internet \u2014 completa quatro meses de vig\u00eancia e, at\u00e9 aqui, o iFood \u00e9 a \u00fanica plataforma de delivery a cumprir as exig\u00eancias do ECA. \u00c0 coluna, o Minist\u00e9rio da Justi\u00e7a justificou a classifica\u00e7\u00e3o: \u00e9 que o aplicativo \u201capresentou comprova\u00e7\u00e3o de bloqueio de acesso para crian\u00e7as e adolescentes n\u00e3o acessarem funcionalidades permitidas exclusivamente para adultos e, por isso, recebeu reclassifica\u00e7\u00e3o indicativa como n\u00e3o recomendado para menores de 14 anos\u201d, afirmou.<\/p>\n","protected":false},"excerpt":{"rendered":"<p>Coluna Bras\u00edlia-DF publicada na sexta-feira, 17 de julho de 2026, por Denise Rothenburg com Eduarda Esposito A ordem agora no governo brasileiro \u00e9 dialogar com cada setor afetado pelo tarifa\u00e7o dos Estados Unidos, de forma a tentar reduzir os danos. Por\u00e9m, negocia\u00e7\u00e3o direta com os norte-americanos s\u00f3 mesmo depois das elei\u00e7\u00f5es. A ideia \u00e9 repisar que o tarifa\u00e7o \u00e9, na [&hellip;]<\/p>\n","protected":false},"author":29,"featured_media":0,"comment_status":"closed","ping_status":"closed","sticky":false,"template":"","format":"standard","meta":{"footnotes":""},"categories":[505,4,78,1345,725,10,1448,1615,1343,1566,804,205,5,281,299],"tags":[20,437,101,47,98,133,1693],"class_list":["post-13793","post","type-post","status-publish","format-standard","hentry","category-camara-dos-deputados","category-coluna-brasilia-df","category-congresso","category-crise-com-os-eua","category-economia","category-eleicoes","category-eleicoes-2026","category-emendas","category-eua","category-flavio-bolsonaro","category-governo-lula","category-lula","category-politica","category-senado","category-stf","tag-eleicoes","tag-emendas","tag-eua","tag-flavio-bolsonaro","tag-lula","tag-reforma-tributaria","tag-tarifaco-de-trump"],"_links":{"self":[{"href":"https:\/\/blogs.correiobraziliense.com.br\/denise\/wp-json\/wp\/v2\/posts\/13793","targetHints":{"allow":["GET"]}}],"collection":[{"href":"https:\/\/blogs.correiobraziliense.com.br\/denise\/wp-json\/wp\/v2\/posts"}],"about":[{"href":"https:\/\/blogs.correiobraziliense.com.br\/denise\/wp-json\/wp\/v2\/types\/post"}],"author":[{"embeddable":true,"href":"https:\/\/blogs.correiobraziliense.com.br\/denise\/wp-json\/wp\/v2\/users\/29"}],"replies":[{"embeddable":true,"href":"https:\/\/blogs.correiobraziliense.com.br\/denise\/wp-json\/wp\/v2\/comments?post=13793"}],"version-history":[{"count":2,"href":"https:\/\/blogs.correiobraziliense.com.br\/denise\/wp-json\/wp\/v2\/posts\/13793\/revisions"}],"predecessor-version":[{"id":13797,"href":"https:\/\/blogs.correiobraziliense.com.br\/denise\/wp-json\/wp\/v2\/posts\/13793\/revisions\/13797"}],"wp:attachment":[{"href":"https:\/\/blogs.correiobraziliense.com.br\/denise\/wp-json\/wp\/v2\/media?parent=13793"}],"wp:term":[{"taxonomy":"category","embeddable":true,"href":"https:\/\/blogs.correiobraziliense.com.br\/denise\/wp-json\/wp\/v2\/categories?post=13793"},{"taxonomy":"post_tag","embeddable":true,"href":"https:\/\/blogs.correiobraziliense.com.br\/denise\/wp-json\/wp\/v2\/tags?post=13793"}],"curies":[{"name":"wp","href":"https:\/\/api.w.org\/{rel}","templated":true}]}}