{"id":13723,"date":"2026-07-03T11:20:05","date_gmt":"2026-07-03T14:20:05","guid":{"rendered":"https:\/\/blogs.correiobraziliense.com.br\/denise\/?p=13723"},"modified":"2026-07-03T11:20:05","modified_gmt":"2026-07-03T14:20:05","slug":"tarifaco-reforca-polarizacao-entre-lula-e-flavio","status":"publish","type":"post","link":"https:\/\/blogs.correiobraziliense.com.br\/denise\/tarifaco-reforca-polarizacao-entre-lula-e-flavio\/","title":{"rendered":"Tarifa\u00e7o refor\u00e7a polariza\u00e7\u00e3o entre Lula e Fl\u00e1vio"},"content":{"rendered":"<p><em><strong>Coluna Bras\u00edlia-DF publicada na sexta-feira, 3 de julho de 2026, por Carlos Alexandre de Souza com Eduarda Esposito<\/strong><\/em><\/p>\n<figure id=\"attachment_13725\" aria-describedby=\"caption-attachment-13725\" style=\"width: 300px\" class=\"wp-caption alignleft\"><a href=\"https:\/\/blogs.correiobraziliense.com.br\/denise\/wp-content\/uploads\/sites\/12\/2026\/07\/imagem_2026-07-03_111804250.png\"><img loading=\"lazy\" decoding=\"async\" class=\"size-medium wp-image-13725\" src=\"https:\/\/blogs.correiobraziliense.com.br\/denise\/wp-content\/uploads\/sites\/12\/2026\/07\/imagem_2026-07-03_111804250-300x175.png\" alt=\"\" width=\"300\" height=\"175\" srcset=\"https:\/\/blogs.correiobraziliense.com.br\/denise\/wp-content\/uploads\/sites\/12\/2026\/07\/imagem_2026-07-03_111804250-300x175.png 300w, https:\/\/blogs.correiobraziliense.com.br\/denise\/wp-content\/uploads\/sites\/12\/2026\/07\/imagem_2026-07-03_111804250-550x320.png 550w, https:\/\/blogs.correiobraziliense.com.br\/denise\/wp-content\/uploads\/sites\/12\/2026\/07\/imagem_2026-07-03_111804250-230x134.png 230w, https:\/\/blogs.correiobraziliense.com.br\/denise\/wp-content\/uploads\/sites\/12\/2026\/07\/imagem_2026-07-03_111804250.png 670w\" sizes=\"auto, (max-width: 300px) 100vw, 300px\" \/><\/a><figcaption id=\"caption-attachment-13725\" class=\"wp-caption-text\">Cr\u00e9dito: Maurenilson Freire<\/figcaption><\/figure>\n<p>&nbsp;<\/p>\n<p>A tens\u00e3o diplom\u00e1tica entre Brasil e Estados Unidos, \u00e0s v\u00e9speras de um novo tarifa\u00e7o imposto por Washington, reacendeu a polariza\u00e7\u00e3o entre os dois principais pr\u00e9-candidatos \u00e0 Presid\u00eancia. Mais do que refor\u00e7ar o discurso em defesa da soberania brasileira, o presidente Lula elevou novamente o tom, ao chamar o cl\u00e3 Bolsonaro e aliados de \u201ctraidores da p\u00e1tria\u201d. A proposta de Fl\u00e1vio Bolsonaro de adiar o tarifa\u00e7o a fim de evitar uma \u201cvit\u00f3ria pol\u00edtica\u201d de Lula inflamou a disputa eleitoral, a tr\u00eas meses do voto brasileiro nas urnas eletr\u00f4nicas.<\/p>\n<p>Epis\u00f3dios anteriores indicam que a estrat\u00e9gia bolsonarista de incitar o governo norte-americano contra a economia brasileira favorece o pr\u00e9-candidato petista. Com essa proposta apresentada por Fl\u00e1vio Bolsonaro aos EUA, Lula ganha mais pontos para convencer o eleitorado de que est\u00e1 ao lado do Brasil. Deixar\u00e1 cada vez mais expl\u00edcita a distin\u00e7\u00e3o entre quem atua em favor dos interesses do nosso pa\u00eds e quem articula por uma interfer\u00eancia externa na elei\u00e7\u00e3o brasileira e na economia nacional.<\/p>\n<p>A carta de Fl\u00e1vio se soma a outros movimentos que repercutiram mal no eleitorado brasileiro: a oferta de uma equipe de transi\u00e7\u00e3o para dialogar como governo norte-americano e o trabalho incessante de outros bolsonaristas em favor de puni\u00e7\u00f5es \u00e0 economia e a autoridades brasileiras. Em meio a uma crise partid\u00e1ria e \u00e0s suspeitas no esc\u00e2ndalo Master, o 01 se complica cada vez mais.<\/p>\n<h3>Debate no Recife<\/h3>\n<p>A quinta edi\u00e7\u00e3o do Semin\u00e1rios Facto ser\u00e1 realizada hoje, \u00e0s 14h30, no Beach Class Convention By Mai, no Recife. O evento reunir\u00e1 jornalistas, economistas e lideran\u00e7as pol\u00edticas para debater cen\u00e1rios eleitorais, jornalismo investigativo e as tend\u00eancias de mercado para o segundo semestre. A diretora de Reda\u00e7\u00e3o do Correio Braziliense, Ana Dubeux, participar\u00e1 do painel Pol\u00edtica e Jornalismo, que discutir\u00e1 os bastidores da cobertura das elei\u00e7\u00f5es e os desafios do jornalismo investigativo em meio a uma campanha eleitoral.<\/p>\n<h3>Cartas aos fi\u00e9is<\/h3>\n<p>Em menos de 30 dias, o Partido dos Trabalhadores divulgou cartas espec\u00edficas para cat\u00f3licos e evang\u00e9licos. Sem tratar da pauta de costumes ou de temas pol\u00eamicos como aborto, os documentos abordam a liberdade religiosa e comprometimento do governo Lula com as a\u00e7\u00f5es sociais. Em ambos, defendem a reelei\u00e7\u00e3o do presidente.<\/p>\n<h3>Resultados opostos<\/h3>\n<p>Segundo pesquisa Nexus\/BTG Pactual divulgada no in\u00edcio da semana, Lula e Fl\u00e1vio t\u00eam resultados pendulares na prefer\u00eancia dos eleitores, considerando a f\u00e9 religiosa. O presidente seria escolhido por 53% dos cat\u00f3licos, enquanto 38% votariam no senador bolsonarista. Entre os evang\u00e9licos, ocorre o oposto: Fl\u00e1vio Bolsonaro marca 60% das inten\u00e7\u00f5es de voto, e Lula fica com 32%.<\/p>\n<h3>Very good<\/h3>\n<p>Um m\u00eas depois de lan\u00e7ar a MEC Idiomas, plataforma digital para ensino gratuito de ingl\u00eas e espanhol, a iniciativa conta com mais de 560 mil inscritos. O minist\u00e9rio registrou 426,3 mil matr\u00edculas em cursos de ingl\u00eas, e 137,7 mil em espanhol. O portal e o aplicativo s\u00e3o gratuitos e buscam democratizar o acesso ao ensino de l\u00ednguas estrangeiras no pa\u00eds. Estimativas indicam que menos de 10% da popula\u00e7\u00e3o brasileira domina a l\u00edngua inglesa.<\/p>\n<h3>Encontro marcado<\/h3>\n<p>Em meio \u00e0 confus\u00e3o entre Michelle e Fl\u00e1vio Bolsonaro, o presidente do PL, Valdemar da Costa Neto, \u00e9 o convidado da semana no almo\u00e7o da Frente Parlamentar pelo Brasil Competitivo (FPBC), em parceria com as Frentes Parlamentares de Tecnologia e Atividades Nucleares (FPN), do Empreendedorismo (FPE) e em Defesa da Propriedade Intelectual e Combate \u00e0 Pirataria(FPI). As frentes j\u00e1 receberam os presidentes do PT, Edinho Silva, e do PSD, Gilberto Kassab.<\/p>\n<h3>Economia e Michelle<\/h3>\n<p>O tema do debate \u00e9 \u201cCompromissos para um Brasil Competitivo\u201d, com o intuito de discutir economia, fortalecimento da competitividade, inova\u00e7\u00e3o, seguran\u00e7a jur\u00eddica e prioridades para o futuro do pa\u00eds. Contudo, n\u00e3o h\u00e1 d\u00favida de que a crise no PL ser\u00e1 um dos temas das conversas de bastidores.<\/p>\n<h3>Cart\u00e3o vermelho<\/h3>\n<p>Come\u00e7ou no m\u00eas passado a campanha \u201cDesafio Contra Bets\u201d, promovido pelo Projeto Brief. A iniciativa tem o objetivo de mobilizar influenciadores de todo o pa\u00eds a expor os impactos sociais e econ\u00f4micos das bets durante a Copa do Mundo Fifa. A a\u00e7\u00e3o distribuir\u00e1 R$ 100 mil em pr\u00eamios para as melhores produ\u00e7\u00f5es, dividido em quatro categorias: \u201cFurou a Rede\u201d; \u201cTirou de Letra\u201d; \u201cIA em Campo\u201d; e \u201cCraque da Copa\u201d.<\/p>\n<h3>Sequestro<\/h3>\n<p>Para Carol Luck, antrop\u00f3loga e coordenadora do Projeto Brief, a a\u00e7\u00e3o \u00e9 uma forma de ocupar um terreno hoje dominado pela publicidade das bets: \u201cAs bets sequestraram uma paix\u00e3o nacional. \u00c9 preciso alertar sobre os impactos negativos dessa ind\u00fastria nociva, que est\u00e1 sendo vendida como entretenimento, e at\u00e9 investimento, quando na realidade \u00e9 respons\u00e1vel pelo endividamento e pela ru\u00edna de milh\u00f5es de fam\u00edlias brasileiras\u201d, argumenta.<\/p>\n<p>&nbsp;<\/p>\n","protected":false},"excerpt":{"rendered":"<p>Coluna Bras\u00edlia-DF publicada na sexta-feira, 3 de julho de 2026, por Carlos Alexandre de Souza com Eduarda Esposito &nbsp; A tens\u00e3o diplom\u00e1tica entre Brasil e Estados Unidos, \u00e0s v\u00e9speras de um novo tarifa\u00e7o imposto por Washington, reacendeu a polariza\u00e7\u00e3o entre os dois principais pr\u00e9-candidatos \u00e0 Presid\u00eancia. Mais do que refor\u00e7ar o discurso em defesa da soberania brasileira, o presidente Lula [&hellip;]<\/p>\n","protected":false},"author":29,"featured_media":13725,"comment_status":"closed","ping_status":"closed","sticky":false,"template":"","format":"standard","meta":{"footnotes":""},"categories":[4,78,725,10,1448,1343,1566,804,1571,5,1536,299],"tags":[1181,379,20,47,98,340,506,23,1346],"class_list":["post-13723","post","type-post","status-publish","format-standard","has-post-thumbnail","hentry","category-coluna-brasilia-df","category-congresso","category-economia","category-eleicoes","category-eleicoes-2026","category-eua","category-flavio-bolsonaro","category-governo-lula","category-pl","category-politica","category-pt","category-stf","tag-bets","tag-economia","tag-eleicoes","tag-flavio-bolsonaro","tag-lula","tag-pl","tag-politica","tag-pt","tag-tarifaco"],"_links":{"self":[{"href":"https:\/\/blogs.correiobraziliense.com.br\/denise\/wp-json\/wp\/v2\/posts\/13723","targetHints":{"allow":["GET"]}}],"collection":[{"href":"https:\/\/blogs.correiobraziliense.com.br\/denise\/wp-json\/wp\/v2\/posts"}],"about":[{"href":"https:\/\/blogs.correiobraziliense.com.br\/denise\/wp-json\/wp\/v2\/types\/post"}],"author":[{"embeddable":true,"href":"https:\/\/blogs.correiobraziliense.com.br\/denise\/wp-json\/wp\/v2\/users\/29"}],"replies":[{"embeddable":true,"href":"https:\/\/blogs.correiobraziliense.com.br\/denise\/wp-json\/wp\/v2\/comments?post=13723"}],"version-history":[{"count":2,"href":"https:\/\/blogs.correiobraziliense.com.br\/denise\/wp-json\/wp\/v2\/posts\/13723\/revisions"}],"predecessor-version":[{"id":13726,"href":"https:\/\/blogs.correiobraziliense.com.br\/denise\/wp-json\/wp\/v2\/posts\/13723\/revisions\/13726"}],"wp:featuredmedia":[{"embeddable":true,"href":"https:\/\/blogs.correiobraziliense.com.br\/denise\/wp-json\/wp\/v2\/media\/13725"}],"wp:attachment":[{"href":"https:\/\/blogs.correiobraziliense.com.br\/denise\/wp-json\/wp\/v2\/media?parent=13723"}],"wp:term":[{"taxonomy":"category","embeddable":true,"href":"https:\/\/blogs.correiobraziliense.com.br\/denise\/wp-json\/wp\/v2\/categories?post=13723"},{"taxonomy":"post_tag","embeddable":true,"href":"https:\/\/blogs.correiobraziliense.com.br\/denise\/wp-json\/wp\/v2\/tags?post=13723"}],"curies":[{"name":"wp","href":"https:\/\/api.w.org\/{rel}","templated":true}]}}