{"id":13714,"date":"2026-07-01T10:33:42","date_gmt":"2026-07-01T13:33:42","guid":{"rendered":"https:\/\/blogs.correiobraziliense.com.br\/denise\/?p=13714"},"modified":"2026-07-01T10:33:42","modified_gmt":"2026-07-01T13:33:42","slug":"michelle-no-jogo-bruto-da-politica","status":"publish","type":"post","link":"https:\/\/blogs.correiobraziliense.com.br\/denise\/michelle-no-jogo-bruto-da-politica\/","title":{"rendered":"Michelle no jogo bruto da pol\u00edtica"},"content":{"rendered":"<p><em><strong>Coluna Bras\u00edlia-DF publicada na quarta-feira, 1\u00ba de julho de 2026, por Carlos Alexandre de Souza com Eduarda Esposito<\/strong><\/em><\/p>\n<figure id=\"attachment_13716\" aria-describedby=\"caption-attachment-13716\" style=\"width: 300px\" class=\"wp-caption alignleft\"><a href=\"https:\/\/blogs.correiobraziliense.com.br\/denise\/wp-content\/uploads\/sites\/12\/2026\/07\/coluna-1-de-juhlo.jpg\"><img loading=\"lazy\" decoding=\"async\" class=\"wp-image-13716 size-medium\" src=\"https:\/\/blogs.correiobraziliense.com.br\/denise\/wp-content\/uploads\/sites\/12\/2026\/07\/coluna-1-de-juhlo-300x226.jpg\" alt=\"\" width=\"300\" height=\"226\" srcset=\"https:\/\/blogs.correiobraziliense.com.br\/denise\/wp-content\/uploads\/sites\/12\/2026\/07\/coluna-1-de-juhlo-300x226.jpg 300w, https:\/\/blogs.correiobraziliense.com.br\/denise\/wp-content\/uploads\/sites\/12\/2026\/07\/coluna-1-de-juhlo-768x579.jpg 768w, https:\/\/blogs.correiobraziliense.com.br\/denise\/wp-content\/uploads\/sites\/12\/2026\/07\/coluna-1-de-juhlo-1024x772.jpg 1024w, https:\/\/blogs.correiobraziliense.com.br\/denise\/wp-content\/uploads\/sites\/12\/2026\/07\/coluna-1-de-juhlo-1440x1085.jpg 1440w, https:\/\/blogs.correiobraziliense.com.br\/denise\/wp-content\/uploads\/sites\/12\/2026\/07\/coluna-1-de-juhlo-800x603.jpg 800w, https:\/\/blogs.correiobraziliense.com.br\/denise\/wp-content\/uploads\/sites\/12\/2026\/07\/coluna-1-de-juhlo-550x414.jpg 550w, https:\/\/blogs.correiobraziliense.com.br\/denise\/wp-content\/uploads\/sites\/12\/2026\/07\/coluna-1-de-juhlo-230x173.jpg 230w\" sizes=\"auto, (max-width: 300px) 100vw, 300px\" \/><\/a><figcaption id=\"caption-attachment-13716\" class=\"wp-caption-text\">Cr\u00e9dito: Caio Gomez<\/figcaption><\/figure>\n<p>A decis\u00e3o da ex-primeira-dama Michelle Bolsonaro de abrir m\u00e3o da presid\u00eancia nacional do PL Mulher \u00e9 um rev\u00e9s importante para o partido e torna ainda mais confusa a estrat\u00e9gia eleitoral da legenda de Fl\u00e1vio Bolsonaro. Ao abrir m\u00e3o do cargo de visibilidade \u2014 Michelle est\u00e1 h\u00e1 semanas no hor\u00e1rio eleitoral convidando mulheres a ingressarem no partido \u2014, a potencial candidata d\u00e1 sinais de desgaste na rela\u00e7\u00e3o com os caciques do PL e os enteados.<\/p>\n<p>Ainda que a esposa do ex-presidente diga que est\u00e1 deixando sementes para as mulheres, abre-se um v\u00e1cuo no n\u00facleo duro do bolsonarismo. As d\u00favidas e a m\u00e1goa de Michelle deixam cada vez mais evidente que Fl\u00e1vio Bolsonaro perde um ativo para a campanha presidencial. E colocam em xeque at\u00e9 mesmo a candidatura de Michelle ao Senado pelo Distrito Federal \u2014 o que abre brecha para os concorrentes, tanto de direita quanto de esquerda.<\/p>\n<p>Ao concluir que estava em desvantagem nos des\u00edgnios do partido e se sentir ofendida pelos ataques grosseiros \u00e0s suas convic\u00e7\u00f5es, Michelle Bolsonaro decidiu sair de cena. Abre m\u00e3o de um protagonismo para n\u00e3o lidar diretamente com o jogo bruto da pol\u00edtica.<\/p>\n<h3>Friamente<\/h3>\n<p>Na avalia\u00e7\u00e3o de bolsonaristas, a diverg\u00eancia entre Fl\u00e1vio com Michelle sobre as indica\u00e7\u00f5es ao Senado seria por causa da suposta falta de for\u00e7a pol\u00edtica das pessoas escolhidas. Alguns avaliam que, a pre\u00e7os de hoje, nomes defendidos pela ex-primeira-dama n\u00e3o s\u00e3o t\u00e3o competitivos nas urnas quanto os preferidos pela campanha de Fl\u00e1vio.<\/p>\n<h3>Pobres, n\u00e3o<\/h3>\n<p>Depois de o bolsonarista Paulo Figueiredo falar barbaridades sobre as mulheres, chegou a vez de os pobres serem achincalhados na internet. O Minist\u00e9rio P\u00fablico de S\u00e3o Paulo ajuizou a\u00e7\u00e3o contra o influenciador Leonardo Marcondes ap\u00f3s ele defender que pobre n\u00e3o deveria votar. \u201cUma pessoa que \u00e9 pobre n\u00e3o soube tomar boas decis\u00f5es para ter o melhor para sua fam\u00edlia e para si mesma\u201d, alega Fernandes. \u201cO pa\u00eds ou uma empresa n\u00e3o pode estar nas m\u00e3os de quem n\u00e3o consegue ter responsabilidade sobre as pr\u00f3prias atitudes\u201d, conclui.<\/p>\n<h3>Discurso de \u00f3dio<\/h3>\n<p>Para o Minist\u00e9rio P\u00fablico, o influenciador associa pobreza \u00e0 incapacidade, \u00e0 irresponsabilidade e \u00e0 exclus\u00e3o da participa\u00e7\u00e3o democr\u00e1tica. E lembra que liberdade de express\u00e3o n\u00e3o protege manifesta\u00e7\u00f5es de \u00f3dio e intoler\u00e2ncia, especialmente quando promovem a estigmatiza\u00e7\u00e3o de grupos vulner\u00e1veis.<\/p>\n<figure id=\"attachment_13147\" aria-describedby=\"caption-attachment-13147\" style=\"width: 300px\" class=\"wp-caption alignleft\"><a href=\"https:\/\/blogs.correiobraziliense.com.br\/denise\/wp-content\/uploads\/sites\/12\/2026\/02\/55088777829-a25d5e9a93-z-64355523.jpg\"><img loading=\"lazy\" decoding=\"async\" class=\"size-medium wp-image-13147\" src=\"https:\/\/blogs.correiobraziliense.com.br\/denise\/wp-content\/uploads\/sites\/12\/2026\/02\/55088777829-a25d5e9a93-z-64355523-300x200.jpg\" alt=\"\" width=\"300\" height=\"200\" srcset=\"https:\/\/blogs.correiobraziliense.com.br\/denise\/wp-content\/uploads\/sites\/12\/2026\/02\/55088777829-a25d5e9a93-z-64355523-300x200.jpg 300w, https:\/\/blogs.correiobraziliense.com.br\/denise\/wp-content\/uploads\/sites\/12\/2026\/02\/55088777829-a25d5e9a93-z-64355523-768x512.jpg 768w, https:\/\/blogs.correiobraziliense.com.br\/denise\/wp-content\/uploads\/sites\/12\/2026\/02\/55088777829-a25d5e9a93-z-64355523-1024x683.jpg 1024w, https:\/\/blogs.correiobraziliense.com.br\/denise\/wp-content\/uploads\/sites\/12\/2026\/02\/55088777829-a25d5e9a93-z-64355523-1440x961.jpg 1440w, https:\/\/blogs.correiobraziliense.com.br\/denise\/wp-content\/uploads\/sites\/12\/2026\/02\/55088777829-a25d5e9a93-z-64355523-800x534.jpg 800w, https:\/\/blogs.correiobraziliense.com.br\/denise\/wp-content\/uploads\/sites\/12\/2026\/02\/55088777829-a25d5e9a93-z-64355523-550x367.jpg 550w, https:\/\/blogs.correiobraziliense.com.br\/denise\/wp-content\/uploads\/sites\/12\/2026\/02\/55088777829-a25d5e9a93-z-64355523-230x153.jpg 230w\" sizes=\"auto, (max-width: 300px) 100vw, 300px\" \/><\/a><figcaption id=\"caption-attachment-13147\" class=\"wp-caption-text\">Cr\u00e9dito: Saulo Cruz\/Ag\u00eancia Senado<\/figcaption><\/figure>\n<h3>Decepcionante<\/h3>\n<p>A senadora e ex-ministra Tereza Cristina (PP-MS, <em>foto<\/em>) fez um contraponto ao festivo Plano Safra 2026\/2027, lan\u00e7ado ontem pelo governo federal. Segundo ela, o conjunto de medidas \u00e9 decepcionante. \u201cN\u00e3o tem recorde nenhum, a n\u00e3o ser no discurso de propaganda. Houve, na verdade, redu\u00e7\u00e3o de 30% nos valores para custeio. Os juros ca\u00edram um pouquinho, mas continuam alt\u00edssimos para o bolso dos agricultores \u2014 o que dificulta a tomada do cr\u00e9dito nos bancos\u201d, criticou. \u201cNenhuma palavra foi dita sobre o important\u00edssimo seguro rural, que teve os recursos reduzidos \u00e0 metade\u201d, acrescentou a parlamentar.<\/p>\n<h3>Compensa\u00e7\u00e3o<\/h3>\n<p>De fato, os recursos para custeio foram reduzidos. Mas o montante para investimento teve uma amplia\u00e7\u00e3o de 40% em rela\u00e7\u00e3o \u00e0 safra anterior. Press\u00e3o do agro Continua forte o lobby em favor da renegocia\u00e7\u00e3o da d\u00edvida de produtores rurais. Mais de 20 representantes da categoria procuraram o presidente da C\u00e2mara, Hugo Motta, para fazer o apelo. Mas a bancada petista pretende bloquear a iniciativa. Na vis\u00e3o do Executivo, o texto que veio do Senado Federal desvirtuou o objetivo principal: ajudar os produtores ga\u00fachos que passaram pelas enchentes de 2024.<\/p>\n<h3>Espera a\u00ed<\/h3>\n<p>O l\u00edder do governo na C\u00e2mara, Paulo Pimenta (PT-RS), considera a amplia\u00e7\u00e3o do projeto para produtores do Brasil inteiro de \u201ctrenzinho da alegria\u201d. \u201cPor que um produtor de 100 hectares no Mato Grosso, que n\u00e3o passou por seca ou enchente, vai poder usar dinheiro do contribuinte para renegociar sua d\u00edvida?\u201d, questiona o petista.<\/p>\n<h3>Doutrina<\/h3>\n<p>Na C\u00e2mara, o projeto que visa criminalizar a misoginia est\u00e1 empacado por falta de acordo. A direita quer garantir liberdade religiosa no texto e, sem esse ponto assegurado, n\u00e3o h\u00e1 consenso, segundo interlocutores ouvidos pela coluna.<\/p>\n<h3>Tocaia<\/h3>\n<p>A oposi\u00e7\u00e3o paraense tra\u00e7ou a estrat\u00e9gia de esperar o governo errar para capitalizar em cima das falhas da atual administra\u00e7\u00e3o. N\u00e3o ser\u00e1 tarefa f\u00e1cil. A atual governadora, Hana Ghassan Tuma (MDB), tem o apoio de 130 das 144 prefeituras no estado \u2014 al\u00e9m do respaldo do ex-governador Helder Barbalho (MDB) e do presidente Lula.<\/p>\n<h3>Descaminho<\/h3>\n<p>Estudo in\u00e9dito do Instituto Esfera Brasil revelou que 89% dos casos no Tribunal Regional Federal da 3\u00aa Regi\u00e3o (TRF3), em S\u00e3o Paulo, s\u00e3o de mercadorias apreendidas em rota proveniente do Paraguai. Entre os produtos mais contrabandeados, est\u00e3o eletr\u00f4nicos (10%) e aparelhos celulares (8%). Em seguida v\u00eam vestu\u00e1rio e gen\u00e9rico (4%), al\u00e9m de inform\u00e1tica e perfumes (3%).<\/p>\n","protected":false},"excerpt":{"rendered":"<p>Coluna Bras\u00edlia-DF publicada na quarta-feira, 1\u00ba de julho de 2026, por Carlos Alexandre de Souza com Eduarda Esposito A decis\u00e3o da ex-primeira-dama Michelle Bolsonaro de abrir m\u00e3o da presid\u00eancia nacional do PL Mulher \u00e9 um rev\u00e9s importante para o partido e torna ainda mais confusa a estrat\u00e9gia eleitoral da legenda de Fl\u00e1vio Bolsonaro. Ao abrir m\u00e3o do cargo de visibilidade [&hellip;]<\/p>\n","protected":false},"author":29,"featured_media":13716,"comment_status":"closed","ping_status":"closed","sticky":false,"template":"","format":"standard","meta":{"footnotes":""},"categories":[505,4,78,725,10,1448,1566,804,1571,5,281],"tags":[379,20,47,72,340,1684,353],"class_list":["post-13714","post","type-post","status-publish","format-standard","has-post-thumbnail","hentry","category-camara-dos-deputados","category-coluna-brasilia-df","category-congresso","category-economia","category-eleicoes","category-eleicoes-2026","category-flavio-bolsonaro","category-governo-lula","category-pl","category-politica","category-senado","tag-economia","tag-eleicoes","tag-flavio-bolsonaro","tag-michelle-bolsonaro","tag-pl","tag-pl-mulher","tag-plano-safra"],"_links":{"self":[{"href":"https:\/\/blogs.correiobraziliense.com.br\/denise\/wp-json\/wp\/v2\/posts\/13714","targetHints":{"allow":["GET"]}}],"collection":[{"href":"https:\/\/blogs.correiobraziliense.com.br\/denise\/wp-json\/wp\/v2\/posts"}],"about":[{"href":"https:\/\/blogs.correiobraziliense.com.br\/denise\/wp-json\/wp\/v2\/types\/post"}],"author":[{"embeddable":true,"href":"https:\/\/blogs.correiobraziliense.com.br\/denise\/wp-json\/wp\/v2\/users\/29"}],"replies":[{"embeddable":true,"href":"https:\/\/blogs.correiobraziliense.com.br\/denise\/wp-json\/wp\/v2\/comments?post=13714"}],"version-history":[{"count":2,"href":"https:\/\/blogs.correiobraziliense.com.br\/denise\/wp-json\/wp\/v2\/posts\/13714\/revisions"}],"predecessor-version":[{"id":13717,"href":"https:\/\/blogs.correiobraziliense.com.br\/denise\/wp-json\/wp\/v2\/posts\/13714\/revisions\/13717"}],"wp:featuredmedia":[{"embeddable":true,"href":"https:\/\/blogs.correiobraziliense.com.br\/denise\/wp-json\/wp\/v2\/media\/13716"}],"wp:attachment":[{"href":"https:\/\/blogs.correiobraziliense.com.br\/denise\/wp-json\/wp\/v2\/media?parent=13714"}],"wp:term":[{"taxonomy":"category","embeddable":true,"href":"https:\/\/blogs.correiobraziliense.com.br\/denise\/wp-json\/wp\/v2\/categories?post=13714"},{"taxonomy":"post_tag","embeddable":true,"href":"https:\/\/blogs.correiobraziliense.com.br\/denise\/wp-json\/wp\/v2\/tags?post=13714"}],"curies":[{"name":"wp","href":"https:\/\/api.w.org\/{rel}","templated":true}]}}