{"id":13710,"date":"2026-06-30T07:44:33","date_gmt":"2026-06-30T10:44:33","guid":{"rendered":"https:\/\/blogs.correiobraziliense.com.br\/denise\/?p=13710"},"modified":"2026-06-30T07:44:33","modified_gmt":"2026-06-30T10:44:33","slug":"perto-de-milei-longe-das-crises","status":"publish","type":"post","link":"https:\/\/blogs.correiobraziliense.com.br\/denise\/perto-de-milei-longe-das-crises\/","title":{"rendered":"Perto de Milei,\u00a0longe das crises"},"content":{"rendered":"<p><em><strong>Coluna Bras\u00edlia-DF publicada na ter\u00e7a-feira, 30 de junho de 2026, por Carlos Alexandre de Souza com Eduarda Esposito<\/strong><\/em><\/p>\n<figure id=\"attachment_13712\" aria-describedby=\"caption-attachment-13712\" style=\"width: 300px\" class=\"wp-caption alignleft\"><a href=\"https:\/\/blogs.correiobraziliense.com.br\/denise\/wp-content\/uploads\/sites\/12\/2026\/06\/coluna-30-de-junho.jpg\"><img loading=\"lazy\" decoding=\"async\" class=\"size-medium wp-image-13712\" src=\"https:\/\/blogs.correiobraziliense.com.br\/denise\/wp-content\/uploads\/sites\/12\/2026\/06\/coluna-30-de-junho-300x259.jpg\" alt=\"\" width=\"300\" height=\"259\" srcset=\"https:\/\/blogs.correiobraziliense.com.br\/denise\/wp-content\/uploads\/sites\/12\/2026\/06\/coluna-30-de-junho-300x259.jpg 300w, https:\/\/blogs.correiobraziliense.com.br\/denise\/wp-content\/uploads\/sites\/12\/2026\/06\/coluna-30-de-junho-768x664.jpg 768w, https:\/\/blogs.correiobraziliense.com.br\/denise\/wp-content\/uploads\/sites\/12\/2026\/06\/coluna-30-de-junho-1024x885.jpg 1024w, https:\/\/blogs.correiobraziliense.com.br\/denise\/wp-content\/uploads\/sites\/12\/2026\/06\/coluna-30-de-junho-1440x1244.jpg 1440w, https:\/\/blogs.correiobraziliense.com.br\/denise\/wp-content\/uploads\/sites\/12\/2026\/06\/coluna-30-de-junho-800x691.jpg 800w, https:\/\/blogs.correiobraziliense.com.br\/denise\/wp-content\/uploads\/sites\/12\/2026\/06\/coluna-30-de-junho-550x475.jpg 550w, https:\/\/blogs.correiobraziliense.com.br\/denise\/wp-content\/uploads\/sites\/12\/2026\/06\/coluna-30-de-junho-230x199.jpg 230w\" sizes=\"auto, (max-width: 300px) 100vw, 300px\" \/><\/a><figcaption id=\"caption-attachment-13712\" class=\"wp-caption-text\">Cr\u00e9dito: Caio Gomez<\/figcaption><\/figure>\n<p>Em mais um movimento para angariar apoio estrangeiro \u00e0 pr\u00e9-candidatura ao Pal\u00e1cio do Planalto, o senador Fl\u00e1vio Bolsonaro (PL-RJ) refor\u00e7ou os la\u00e7os com o ultraliberal chefe da Casa Rosada, Javier Milei. Para demonstrar que est\u00e1 fechado com o 01, o homem da motosserra disse ter certeza de que a \u201conda azul\u201d est\u00e1 a caminho do Brasil, tal e qual ocorreu no pa\u00eds vizinho. A ver.<\/p>\n<p>Logo ap\u00f3s a visita a Buenos Aires, Fl\u00e1vio pretende ir aos Estados Unidos, onde participar\u00e1 da audi\u00eancia p\u00fablica para tratar da nova onda de tarifa\u00e7o em gesta\u00e7\u00e3o pelo governo Trump. Diferentemente da aproxima\u00e7\u00e3o argentina, claramente ideol\u00f3gica, o contato com Washington tem a gravidade de implicar san\u00e7\u00f5es econ\u00f4micas para o Brasil\u00a0\u2014 injustificadas, como j\u00e1 exaustivamente ressaltado por Bras\u00edlia.<\/p>\n<p>No momento em que a Am\u00e9rica Latina se inclina para a direita, com vit\u00f3rias eleitorais em diversos pa\u00edses, Fl\u00e1vio aposta no discurso anti-esquerda. Ainda n\u00e3o se viu, entretanto, o efeito dessas articula\u00e7\u00f5es na corrida eleitoral. A agenda internacional, no caso do bolsonarista, tem servido para desviar a aten\u00e7\u00e3o do eleitorado a problemas como o caso Dark Horse ou a contenda em pra\u00e7a p\u00fablica com Michelle Bolsonaro.<\/p>\n<h3>Encontro marcado<\/h3>\n<p>A reuni\u00e3o de hoje entre Valdemar Costa Neto e Michelle Bolsonaro ser\u00e1 um teste para a vontade de Fl\u00e1vio Bolsonaro de tornar o imbr\u00f3glio com a ex-primeira-dama uma \u201cp\u00e1gina virada\u201d. At\u00e9 aqui, a bronca da ex-primeira-dama n\u00e3o mudou a realidade\u00a0\u2014 os acordos regionais como no Cear\u00e1 continuam, bem como a rela\u00e7\u00e3o conflituosa com os filhos do ex-presidente.<\/p>\n<h3>Incomodado<\/h3>\n<p>Mais do que superar diferen\u00e7as de relacionamento, o maior desafio no momento \u00e9 encontrar uma solu\u00e7\u00e3o que viabilize o apoio pol\u00edtico de Michelle \u00e0s pretens\u00f5es de Fl\u00e1vio em outubro. Com uma candidatura ao Senado encaminhada no Distrito Federal, a presidente do PL Mulher n\u00e3o d\u00e1 sinais de que pretende recuar nas suas queixas. Incomodado com as acusa\u00e7\u00f5es de que humilhou a madrasta, o senador tem buscado mostrar, desde a semana passada, o quanto valoriza as mulheres.<\/p>\n<h3>Bolsonarismo bruto<\/h3>\n<p>Enquanto Fl\u00e1vio tenta manifestar apre\u00e7o pelas mulheres, aliados pr\u00f3ximos explicitam o bolsonarismo raiz. O blogueiro Paulo Figueiredo, que forma dupla com Eduardo Bolsonaro nas tratativas com o governo norte-americano, n\u00e3o contemporizou. \u201cMulher vota estatisticamente mal, principalmente as solteiras. As casadas costumam acompanhar o marido\u201d, disse. Sobre Michelle, afirmou que ela prejudica a imagem de Am\u00e9lia quando resolve falar.<\/p>\n<h3>Ganha-ganha<\/h3>\n<p>Se Brasil e Jap\u00e3o tiveram de decidir quem continuaria na Copa do Mundo, os pa\u00edses devem caminhar cada vez mais juntos no com\u00e9rcio bilateral. A C\u00fapula do Mercosul em Assun\u00e7\u00e3o ser\u00e1 a ocasi\u00e3o para anunciar o in\u00edcio das negocia\u00e7\u00f5es entre o bloco econ\u00f4mico e o pa\u00eds integrante do G7, clube das economias mais ricas do mundo.<\/p>\n<h3>Interesses comuns<\/h3>\n<p>Na avalia\u00e7\u00e3o de especialistas, h\u00e1 uma complementariedade importante na rela\u00e7\u00e3o entre Brasil e Jap\u00e3o. Produ\u00e7\u00e3o agr\u00edcola, minerais cr\u00edticos e energia s\u00e3o alguns ativos importantes da plataforma exportadora nacional. Em contrapartida, investimentos e tecnologia representam oportunidades para a economia brasileira.<\/p>\n<figure id=\"attachment_12727\" aria-describedby=\"caption-attachment-12727\" style=\"width: 300px\" class=\"wp-caption alignleft\"><a href=\"https:\/\/blogs.correiobraziliense.com.br\/denise\/wp-content\/uploads\/sites\/12\/2025\/10\/congresso-Nacional.jpg\"><img loading=\"lazy\" decoding=\"async\" class=\"size-medium wp-image-12727\" src=\"https:\/\/blogs.correiobraziliense.com.br\/denise\/wp-content\/uploads\/sites\/12\/2025\/10\/congresso-Nacional-300x200.jpg\" alt=\"\" width=\"300\" height=\"200\" srcset=\"https:\/\/blogs.correiobraziliense.com.br\/denise\/wp-content\/uploads\/sites\/12\/2025\/10\/congresso-Nacional-300x200.jpg 300w, https:\/\/blogs.correiobraziliense.com.br\/denise\/wp-content\/uploads\/sites\/12\/2025\/10\/congresso-Nacional-768x512.jpg 768w, https:\/\/blogs.correiobraziliense.com.br\/denise\/wp-content\/uploads\/sites\/12\/2025\/10\/congresso-Nacional-1024x683.jpg 1024w, https:\/\/blogs.correiobraziliense.com.br\/denise\/wp-content\/uploads\/sites\/12\/2025\/10\/congresso-Nacional-1440x960.jpg 1440w, https:\/\/blogs.correiobraziliense.com.br\/denise\/wp-content\/uploads\/sites\/12\/2025\/10\/congresso-Nacional-800x533.jpg 800w, https:\/\/blogs.correiobraziliense.com.br\/denise\/wp-content\/uploads\/sites\/12\/2025\/10\/congresso-Nacional-550x367.jpg 550w, https:\/\/blogs.correiobraziliense.com.br\/denise\/wp-content\/uploads\/sites\/12\/2025\/10\/congresso-Nacional-230x153.jpg 230w, https:\/\/blogs.correiobraziliense.com.br\/denise\/wp-content\/uploads\/sites\/12\/2025\/10\/congresso-Nacional.jpg 1800w\" sizes=\"auto, (max-width: 300px) 100vw, 300px\" \/><\/a><figcaption id=\"caption-attachment-12727\" class=\"wp-caption-text\">Cr\u00e9dito: Pedro Fran\u00e7a\/Ag\u00eancia Senado<\/figcaption><\/figure>\n<h3>Fim do home office<\/h3>\n<p>Ap\u00f3s uma semana esvaziada, o Congresso retorna ao trabalho no modo turbinado. C\u00e2mara e Senado devem analisar o projeto de lei que aumenta o teto do microempreendedor individual (MEI), que foi enviado ontem pelo Planalto. J\u00e1 no Senado, os governistas t\u00eam a expectativa de que o presidente da Casa, Davi Alcolumbre (Uni\u00e3o-AP), encaminhe a Proposta de Emenda \u00e0 Constitui\u00e7\u00e3o (PEC) do fim da 6 x 1, aprovada na C\u00e2mara, para a Comiss\u00e3o de Constitui\u00e7\u00e3o e Justi\u00e7a.<\/p>\n<h3>Pol\u00edtica em campo<\/h3>\n<p>Os bolsonaristas n\u00e3o perderam tempo. Minutos ap\u00f3s o fim do jogo em que o Brasil venceu o Jap\u00e3o por 2 x 1, aliados de Fl\u00e1vio Bolsonaro compartilharam uma foto com o jogador Martinelli, que usa a camisa n\u00famero 22. A foto ainda tinha escrito: \u201cO 22 salvou o Brasil e pode salvar de novo\u201d.<\/p>\n<h3>Di\u00e1rio japon\u00eas<\/h3>\n<p>O Minist\u00e9rio do Desenvolvimento Agr\u00e1rio, por sua vez, tirou uma onda com o t\u00e9cnico da sele\u00e7\u00e3o japonesa, Hajime Moriyasu. Em um post nas redes sociais, a pasta indagou quais seriam as anota\u00e7\u00f5es, feitas \u00e0 m\u00e3o, em um bloco de notas \u00e0 beira do campo. E vieram os memes: \u201cCancelar o miojo e encher o prato com arroz e feij\u00e3o\u201d, \u201cConfirmar se o caf\u00e9 brasileiro d\u00e1 b\u00f4nus de energia\u201d, \u201cTrocar isot\u00f4nico por a\u00e7a\u00ed\u201d, em uma a\u00e7\u00e3o em favor da alimenta\u00e7\u00e3o saud\u00e1vel.<\/p>\n","protected":false},"excerpt":{"rendered":"<p>Coluna Bras\u00edlia-DF publicada na ter\u00e7a-feira, 30 de junho de 2026, por Carlos Alexandre de Souza com Eduarda Esposito Em mais um movimento para angariar apoio estrangeiro \u00e0 pr\u00e9-candidatura ao Pal\u00e1cio do Planalto, o senador Fl\u00e1vio Bolsonaro (PL-RJ) refor\u00e7ou os la\u00e7os com o ultraliberal chefe da Casa Rosada, Javier Milei. Para demonstrar que est\u00e1 fechado com o 01, o homem da [&hellip;]<\/p>\n","protected":false},"author":29,"featured_media":13712,"comment_status":"closed","ping_status":"closed","sticky":false,"template":"","format":"standard","meta":{"footnotes":""},"categories":[1568,505,4,78,725,10,1448,804,1571,5,281],"tags":[369,134,20,932,340],"class_list":["post-13710","post","type-post","status-publish","format-standard","has-post-thumbnail","hentry","category-6x1","category-camara-dos-deputados","category-coluna-brasilia-df","category-congresso","category-economia","category-eleicoes","category-eleicoes-2026","category-governo-lula","category-pl","category-politica","category-senado","tag-bolsonarismo","tag-congresso-nacional","tag-eleicoes","tag-javier-milei","tag-pl"],"_links":{"self":[{"href":"https:\/\/blogs.correiobraziliense.com.br\/denise\/wp-json\/wp\/v2\/posts\/13710","targetHints":{"allow":["GET"]}}],"collection":[{"href":"https:\/\/blogs.correiobraziliense.com.br\/denise\/wp-json\/wp\/v2\/posts"}],"about":[{"href":"https:\/\/blogs.correiobraziliense.com.br\/denise\/wp-json\/wp\/v2\/types\/post"}],"author":[{"embeddable":true,"href":"https:\/\/blogs.correiobraziliense.com.br\/denise\/wp-json\/wp\/v2\/users\/29"}],"replies":[{"embeddable":true,"href":"https:\/\/blogs.correiobraziliense.com.br\/denise\/wp-json\/wp\/v2\/comments?post=13710"}],"version-history":[{"count":2,"href":"https:\/\/blogs.correiobraziliense.com.br\/denise\/wp-json\/wp\/v2\/posts\/13710\/revisions"}],"predecessor-version":[{"id":13713,"href":"https:\/\/blogs.correiobraziliense.com.br\/denise\/wp-json\/wp\/v2\/posts\/13710\/revisions\/13713"}],"wp:featuredmedia":[{"embeddable":true,"href":"https:\/\/blogs.correiobraziliense.com.br\/denise\/wp-json\/wp\/v2\/media\/13712"}],"wp:attachment":[{"href":"https:\/\/blogs.correiobraziliense.com.br\/denise\/wp-json\/wp\/v2\/media?parent=13710"}],"wp:term":[{"taxonomy":"category","embeddable":true,"href":"https:\/\/blogs.correiobraziliense.com.br\/denise\/wp-json\/wp\/v2\/categories?post=13710"},{"taxonomy":"post_tag","embeddable":true,"href":"https:\/\/blogs.correiobraziliense.com.br\/denise\/wp-json\/wp\/v2\/tags?post=13710"}],"curies":[{"name":"wp","href":"https:\/\/api.w.org\/{rel}","templated":true}]}}