{"id":13687,"date":"2026-06-21T15:29:19","date_gmt":"2026-06-21T18:29:19","guid":{"rendered":"https:\/\/blogs.correiobraziliense.com.br\/denise\/?p=13687"},"modified":"2026-06-21T15:29:19","modified_gmt":"2026-06-21T18:29:19","slug":"colegio-de-lideres-mais-enxuto-deixara-muito-poder-nas-maos-de-poucos","status":"publish","type":"post","link":"https:\/\/blogs.correiobraziliense.com.br\/denise\/colegio-de-lideres-mais-enxuto-deixara-muito-poder-nas-maos-de-poucos\/","title":{"rendered":"Col\u00e9gio de l\u00edderes mais enxuto deixar\u00e1 muito poder nas m\u00e3os de poucos"},"content":{"rendered":"<figure id=\"attachment_13688\" aria-describedby=\"caption-attachment-13688\" style=\"width: 300px\" class=\"wp-caption alignleft\"><a href=\"https:\/\/blogs.correiobraziliense.com.br\/denise\/wp-content\/uploads\/sites\/12\/2026\/06\/2106-brasilia-df-66969575.jpg\"><img loading=\"lazy\" decoding=\"async\" class=\"size-medium wp-image-13688\" src=\"https:\/\/blogs.correiobraziliense.com.br\/denise\/wp-content\/uploads\/sites\/12\/2026\/06\/2106-brasilia-df-66969575-300x200.jpg\" alt=\"Mudan\u00e7as no col\u00e9gio de l\u00edderes do Congresso Nacional\" width=\"300\" height=\"200\" srcset=\"https:\/\/blogs.correiobraziliense.com.br\/denise\/wp-content\/uploads\/sites\/12\/2026\/06\/2106-brasilia-df-66969575-300x200.jpg 300w, https:\/\/blogs.correiobraziliense.com.br\/denise\/wp-content\/uploads\/sites\/12\/2026\/06\/2106-brasilia-df-66969575-768x512.jpg 768w, https:\/\/blogs.correiobraziliense.com.br\/denise\/wp-content\/uploads\/sites\/12\/2026\/06\/2106-brasilia-df-66969575-1024x683.jpg 1024w, https:\/\/blogs.correiobraziliense.com.br\/denise\/wp-content\/uploads\/sites\/12\/2026\/06\/2106-brasilia-df-66969575-1440x960.jpg 1440w, https:\/\/blogs.correiobraziliense.com.br\/denise\/wp-content\/uploads\/sites\/12\/2026\/06\/2106-brasilia-df-66969575-800x533.jpg 800w, https:\/\/blogs.correiobraziliense.com.br\/denise\/wp-content\/uploads\/sites\/12\/2026\/06\/2106-brasilia-df-66969575-550x367.jpg 550w, https:\/\/blogs.correiobraziliense.com.br\/denise\/wp-content\/uploads\/sites\/12\/2026\/06\/2106-brasilia-df-66969575-230x153.jpg 230w, https:\/\/blogs.correiobraziliense.com.br\/denise\/wp-content\/uploads\/sites\/12\/2026\/06\/2106-brasilia-df-66969575.jpg 1890w\" sizes=\"auto, (max-width: 300px) 100vw, 300px\" \/><\/a><figcaption id=\"caption-attachment-13688\" class=\"wp-caption-text\">Mudan\u00e7as no col\u00e9gio de l\u00edderes do Congresso Nacional<\/figcaption><\/figure>\n<p><strong>Coluna Bras\u00edlia-DF, por Denise Rothenburg (com Eduarda Esposito)<\/strong><\/p>\n<p>As apostas dos especialistas s\u00e3o de que o n\u00famero de federa\u00e7\u00f5es vai aumentar, e o de partidos tende a diminuir. \u00c9 que muitas legendas n\u00e3o atingir\u00e3o votos suficientes para se manter em carreira solo no Parlamento. Com isso, o tal col\u00e9gio de l\u00edderes, grupamento respons\u00e1vel por ditar a pauta da Casa junto com o presidente, ficar\u00e1 menor. As previs\u00f5es s\u00e3o de que ter\u00e1 entre oito e nove integrantes. Muito poder na m\u00e3o de poucos. Resta saber quem ser\u00e1 o protagonista. Ningu\u00e9m consegue dizer com seguran\u00e7a qual partido ter\u00e1 a predomin\u00e2ncia na Casa, uma vez que o eleitor est\u00e1 meio perdido. A contar pela pesquisa Correio\/Opini\u00e3o, 54,5% n\u00e3o sabem em quem votar para deputado federal. Esse percentual se repete em v\u00e1rias pesquisas em outros estados. A \u00fanica certeza \u00e9 que, se Hugo Motta for reeleito, e nada hoje indica o inverso, ser\u00e1 candidato a mais dois anos no comando da Casa.<\/p>\n<h2>Dinheiro para poucos<\/h2>\n<p>Junto com essa concentra\u00e7\u00e3o de poder, haver\u00e1 uma redu\u00e7\u00e3o do n\u00famero de partidos que poder\u00e3o receber a bolada do fundo partid\u00e1rio. &#8220;O sistema partid\u00e1rio caminha para uma configura\u00e7\u00e3o em que poucas siglas concentrar\u00e3o a maior parte dos recursos financeiros, do tempo de propaganda, dos mandatos parlamentares, e das estruturas de poder. Novas fus\u00f5es, incorpora\u00e7\u00f5es e federa\u00e7\u00f5es devem surgir ap\u00f3s o pleito, sobretudo entre partidos m\u00e9dios e pequenos que enfrentam dificuldades para alcan\u00e7ar a cl\u00e1usula de desempenho&#8221;, explicou o cientista pol\u00edtico da Universidade de Bras\u00edlia (UnB) Murilo Medeiros, que tem feito essas contas.<\/p>\n<h2>O calcanhar de Wagner<\/h2>\n<p>Quem circula pelo Pal\u00e1cio do Planalto ouve que o presidente mant\u00e9m a confian\u00e7a em Jaques Wagner. Por\u00e9m, muitos interlocutores titubeiam quando confrontados com a hist\u00f3ria do apartamento adquirido por Augusto Lima, ex-s\u00f3cio de Vorcaro, para o senador. Nesse caso, a resposta invariavelmente tem sido: &#8220;Tenho uma reuni\u00e3o agora, venha outra hora&#8221;.<\/p>\n<h2>Fatos consumados<\/h2>\n<p>A insist\u00eancia de alguns candidatos em lan\u00e7ar logo uma pr\u00e9-candidatura faz parte da estrat\u00e9gia de evitar troca mais \u00e0 frente. Est\u00e3o nessa onda Ricardo Cappelli, que concorrer\u00e1 ao Governo do Distrito Federal, e Andr\u00e9 do Prado, que disputar\u00e1 o Senado por S\u00e3o Paulo e ter\u00e1 Eduardo Bolsonaro como primeiro suplente.<\/p>\n<h2>Por falar em Eduardo Bolsonaro\u2026<\/h2>\n<p>Andr\u00e9 do Prado passar\u00e1 a campanha dizendo que ser\u00e1 ele o senador, e n\u00e3o o filho Zero Tr\u00eas de Jair Bolsonaro.<\/p>\n<h2>Se seguir o rito&#8230;<\/h2>\n<p>&#8230; vai apensar. A oposi\u00e7\u00e3o espera que o presidente do Senado, Davi Alcolumbre (Uni\u00e3o-AP), siga o caminho normal para a tramita\u00e7\u00e3o da proposta de emenda constitucional (PEC) do fim da escala 6&#215;1 na Casa. Isso inclui enviar o projeto para a Comiss\u00e3o de Constitui\u00e7\u00e3o e Justi\u00e7a (CCJ), onde est\u00e1 a PEC do l\u00edder da oposi\u00e7\u00e3o, Rog\u00e9rio Marinho (PL-RN). Com isso, a direita espera que o projeto de Marinho seja apensado ao do governo e, com isso, d\u00ea uma chance de votar um destaque de prefer\u00eancia ou emendar trechos.<\/p>\n<h2>O que eles querem<\/h2>\n<p>Prefeitos pressionam seus representantes no Congresso Nacional para aprovar o projeto de lei que prev\u00ea aux\u00edlio entre estados e munic\u00edpios afetados por cat\u00e1strofes naturais e outros eventos de for\u00e7a maior. A FNP afirma que, hoje, n\u00e3o h\u00e1 nenhuma legisla\u00e7\u00e3o a respeito do assunto, e se uma cidade envia recursos para outra, pode ser alvo dos tribunais de contas. A urg\u00eancia por essa aprova\u00e7\u00e3o vem justamente das previs\u00f5es do El Ni\u00f1o no Brasil para os pr\u00f3ximos meses. Al\u00e9m desse tema, a necessidade de fontes de recursos para investimentos em drenagem, a desburocratiza\u00e7\u00e3o do acesso ao Fundo Clima e os investimentos em constru\u00e7\u00f5es de baixo carbono tamb\u00e9m foram elencados como medidas estruturantes pela Frente.<\/p>\n<h2>A dancinha de Ciro Nogueira<\/h2>\n<p>Em suas redes sociais, o senador Ciro Nogueira (PP-PI), o &#8220;grande amigo&#8221; de Daniel Vorcaro, com diversas despesas pagas pelo banqueiro, segue com ares de &#8220;t\u00f4 nem a\u00ed&#8221;. Postou um v\u00eddeo com a camisa da Sele\u00e7\u00e3o apostando no placar de 3&#215;0 contra o Haiti e, depois do jogo, com a amarelinha, em que repetia a dancinha de jogadores brasileiros famosos. A maioria dos coment\u00e1rios era de incentivo ao senador, e alguns apostavam na sua reelei\u00e7\u00e3o.<\/p>\n<h2>Um dia depois do outro<\/h2>\n<p>A filha do ministro, Cris Nardes, pr\u00e9-candidata \u00e0 C\u00e2mara Distrital, lembrava dia desses da \u00e9poca em que foi secret\u00e1ria-executiva de Governan\u00e7a e Compliance no Governo do Distrito Federal. Naquele per\u00edodo, Augusto Nardes descobriu que a filha havia sido exonerada ao ver a publica\u00e7\u00e3o no Di\u00e1rio Oficial do DF. Hoje, depois de tudo o que veio \u00e0 tona, Nardes comenta: &#8220;Os planos de Ibaneis eram outros (na \u00e9poca), e hoje vemos o resultado (esc\u00e2ndalo do BRB)&#8221;.<\/p>\n<h2>O combate n\u00e3o para<\/h2>\n<p>A Secretaria de Estado de Seguran\u00e7a P\u00fablica do Distrito Federal, em parceria com o Tribunal de Justi\u00e7a do Distrito Federal e dos Territ\u00f3rios (TJDFT), o Minist\u00e9rio P\u00fablico do Distrito Federal e Territ\u00f3rios (MPDFT), e a Defensoria P\u00fablica do Distrito Federal (DPDF), lan\u00e7am o Guia de Comunica\u00e7\u00e3o sobre Feminic\u00eddios no Distrito Federal durante o evento Comunica\u00e7\u00e3o que Protege. O ato ser\u00e1 no Espa\u00e7o Cultural Renato Russo, na 508 Sul, na pr\u00f3xima quarta-feira (24), 8h30. No mesmo dia em que o Brasil entra em campo nos Estados Unidos. Que S\u00e3o Jo\u00e3o nos proteja.<\/p>\n<h2>Vou ali&#8230;<\/h2>\n<p>&#8230; e volto em duas semanas. A \u00faltima pausa antes das elei\u00e7\u00f5es. Que a Sele\u00e7\u00e3o Brasileira de futebol d\u00ea muitas alegrias aos brasileiros nesse per\u00edodo e n\u00e3o repita a vergonha que se v\u00ea na pol\u00edtica, com o n\u00famero de excel\u00eancias enroladas no Master. At\u00e9 julho.<\/p>\n","protected":false},"excerpt":{"rendered":"<p>Coluna Bras\u00edlia-DF, por Denise Rothenburg (com Eduarda Esposito) As apostas dos especialistas s\u00e3o de que o n\u00famero de federa\u00e7\u00f5es vai aumentar, e o de partidos tende a diminuir. \u00c9 que muitas legendas n\u00e3o atingir\u00e3o votos suficientes para se manter em carreira solo no Parlamento. Com isso, o tal col\u00e9gio de l\u00edderes, grupamento respons\u00e1vel por ditar a pauta da Casa junto [&hellip;]<\/p>\n","protected":false},"author":91,"featured_media":13688,"comment_status":"closed","ping_status":"closed","sticky":false,"template":"","format":"standard","meta":{"footnotes":""},"categories":[5],"tags":[],"class_list":["post-13687","post","type-post","status-publish","format-standard","has-post-thumbnail","hentry","category-politica"],"_links":{"self":[{"href":"https:\/\/blogs.correiobraziliense.com.br\/denise\/wp-json\/wp\/v2\/posts\/13687","targetHints":{"allow":["GET"]}}],"collection":[{"href":"https:\/\/blogs.correiobraziliense.com.br\/denise\/wp-json\/wp\/v2\/posts"}],"about":[{"href":"https:\/\/blogs.correiobraziliense.com.br\/denise\/wp-json\/wp\/v2\/types\/post"}],"author":[{"embeddable":true,"href":"https:\/\/blogs.correiobraziliense.com.br\/denise\/wp-json\/wp\/v2\/users\/91"}],"replies":[{"embeddable":true,"href":"https:\/\/blogs.correiobraziliense.com.br\/denise\/wp-json\/wp\/v2\/comments?post=13687"}],"version-history":[{"count":1,"href":"https:\/\/blogs.correiobraziliense.com.br\/denise\/wp-json\/wp\/v2\/posts\/13687\/revisions"}],"predecessor-version":[{"id":13689,"href":"https:\/\/blogs.correiobraziliense.com.br\/denise\/wp-json\/wp\/v2\/posts\/13687\/revisions\/13689"}],"wp:featuredmedia":[{"embeddable":true,"href":"https:\/\/blogs.correiobraziliense.com.br\/denise\/wp-json\/wp\/v2\/media\/13688"}],"wp:attachment":[{"href":"https:\/\/blogs.correiobraziliense.com.br\/denise\/wp-json\/wp\/v2\/media?parent=13687"}],"wp:term":[{"taxonomy":"category","embeddable":true,"href":"https:\/\/blogs.correiobraziliense.com.br\/denise\/wp-json\/wp\/v2\/categories?post=13687"},{"taxonomy":"post_tag","embeddable":true,"href":"https:\/\/blogs.correiobraziliense.com.br\/denise\/wp-json\/wp\/v2\/tags?post=13687"}],"curies":[{"name":"wp","href":"https:\/\/api.w.org\/{rel}","templated":true}]}}