{"id":13630,"date":"2026-06-11T10:48:48","date_gmt":"2026-06-11T13:48:48","guid":{"rendered":"https:\/\/blogs.correiobraziliense.com.br\/denise\/?p=13630"},"modified":"2026-06-11T10:48:48","modified_gmt":"2026-06-11T13:48:48","slug":"tensao-reduz-no-planalto","status":"publish","type":"post","link":"https:\/\/blogs.correiobraziliense.com.br\/denise\/tensao-reduz-no-planalto\/","title":{"rendered":"Tens\u00e3o reduz no Planalto&#8230;"},"content":{"rendered":"<p><em><strong>Coluna Bras\u00edlia-DF publicada na quinta-feira, 11 de junho de 2026, por Denise Rothenburg com Eduarda Esposito<\/strong><\/em><\/p>\n<p><a href=\"https:\/\/blogs.correiobraziliense.com.br\/denise\/wp-content\/uploads\/sites\/12\/2026\/06\/coluna-11-de-junho.jpg\"><img loading=\"lazy\" decoding=\"async\" class=\"alignleft  wp-image-13628\" src=\"https:\/\/blogs.correiobraziliense.com.br\/denise\/wp-content\/uploads\/sites\/12\/2026\/06\/coluna-11-de-junho-300x200.jpg\" alt=\"\" width=\"359\" height=\"239\" srcset=\"https:\/\/blogs.correiobraziliense.com.br\/denise\/wp-content\/uploads\/sites\/12\/2026\/06\/coluna-11-de-junho-300x200.jpg 300w, https:\/\/blogs.correiobraziliense.com.br\/denise\/wp-content\/uploads\/sites\/12\/2026\/06\/coluna-11-de-junho-768x512.jpg 768w, https:\/\/blogs.correiobraziliense.com.br\/denise\/wp-content\/uploads\/sites\/12\/2026\/06\/coluna-11-de-junho-1024x683.jpg 1024w, https:\/\/blogs.correiobraziliense.com.br\/denise\/wp-content\/uploads\/sites\/12\/2026\/06\/coluna-11-de-junho-1440x960.jpg 1440w, https:\/\/blogs.correiobraziliense.com.br\/denise\/wp-content\/uploads\/sites\/12\/2026\/06\/coluna-11-de-junho-800x533.jpg 800w, https:\/\/blogs.correiobraziliense.com.br\/denise\/wp-content\/uploads\/sites\/12\/2026\/06\/coluna-11-de-junho-550x367.jpg 550w, https:\/\/blogs.correiobraziliense.com.br\/denise\/wp-content\/uploads\/sites\/12\/2026\/06\/coluna-11-de-junho-230x153.jpg 230w\" sizes=\"auto, (max-width: 359px) 100vw, 359px\" \/><\/a><\/p>\n<p>A queda dos \u00edndices de inten\u00e7\u00e3o de voto no senador Fl\u00e1vio Bolsonaro (PL-RJ) fez o governo respirar um pouco melhor, mesmo com o presidente Luiz In\u00e1cio Lula da Silva com dificuldades de crescimento. A diferen\u00e7a, agora, \u00e9 que os governistas esperam uma mudan\u00e7a em rela\u00e7\u00e3o aos pol\u00edticos, e at\u00e9\u00a0de uma boa parte do empresariado \u2014 conforme pode ser visto na reuni\u00e3o do Conselh\u00e3o esta semana. At\u00e9 aqui, Lula era dado por muitos partidos de centro como carta fora do baralho. Esse retorno do presidente aos 44% e a queda do filho 01 de Jair Bolsonaro para 38%, como registrado pela pesquisa Genial Quaest desta semana, tem condi\u00e7\u00f5es de frear esse afastamento dos centristas em rela\u00e7\u00e3o ao governo. E isso, na avalia\u00e7\u00e3o de aliados do presidente, ajuda ainda\u00a0na retomada do di\u00e1logo no Senado, onde o\u00a0Pal\u00e1cio do Planalto enfrentou a maior derrota at\u00e9 o momento \u2014 a rejei\u00e7\u00e3o do nome de Jorge Messias ao Supremo Tribunal Federal. Se a pr\u00f3xima pesquisa consolidar essa presen\u00e7a de Lula como primeiro colocado, ele n\u00e3o poder\u00e1 mais ser tratado com desprezo nessa fase do jogo.<\/p>\n<p style=\"text-align: center\"><strong>\u00bb \u00bb \u00bb<\/strong><\/p>\n<p><strong>&#8230;mas n\u00e3o d\u00e1 para relaxar\/<\/strong> O fato de Lula poder levar o governo em frente com um pouco mais de tranquilidade n\u00e3o significa que pode deitar em ber\u00e7o espl\u00eandido. Os n\u00fameros indicam segundo turno e a campanha nem come\u00e7ou. A rejei\u00e7\u00e3o ao PT \u00e9 grande e a volatilidade dos cen\u00e1rios \u00e9 alta nessa altura do campeonato.<\/p>\n<h3>Juramento em falso<\/h3>\n<p>Fl\u00e1vio Bolsonaro n\u00e3o perde pontos s\u00f3 no eleitorado.\u00a0O filho 01 tem perdido muito apoio no pr\u00f3prio partido. \u00c9 que, numa reuni\u00e3o a portas fechadas com a c\u00fapula do\u00a0PL antes de virem a p\u00fablico os di\u00e1logos entre ele\u00a0e o ex-controlador do Banco Master, Daniel Vorcaro, o senador jurou que n\u00e3o havia qualquer rela\u00e7\u00e3o entre eles. Somente depois \u00e9 que admitiu que havia pedido dinheiro ao ex-banqueiro.<\/p>\n<h3>Os recados do decano<\/h3>\n<p>O ministro Gilmar Mendes,\u00a0do Supremo Tribunal Federal (STF), soltou um #ficaadica para quem reclama do aumento de despesa p\u00fablica sem lastro or\u00e7ament\u00e1rio, como o que ocorreu, ontem, com a aprova\u00e7\u00e3o do piso de m\u00e9dicos e cirurgi\u00f5es dentistas na Comiss\u00e3o de Assuntos Sociais (CAS) do Senado. Em postagem,\u00a0o decano\u00a0da Corte lembrou que o Congresso n\u00e3o pode criar despesas a serem suportadas por estados e munic\u00edpios sem indicar a fonte de custeio.<\/p>\n<h3>Vem suspens\u00e3o<\/h3>\n<p>Gilmar lembra o caso do piso nacional da enfermagem, que teve sua efic\u00e1cia suspensa pelo STF justamente por n\u00e3o se saber de onde sairia o dinheiro. \u201cImpor \u00f4nus financeiro uniforme, sem repasse adequado e sem aten\u00e7\u00e3o \u00e0 realidade local, esvazia a autonomia dos entes e atinge o pacto federativo. Pior, ao inv\u00e9s de alcan\u00e7ar os objetivos pretendidos, a medida pode produzir efeitos inversos, como desemprego na pr\u00f3pria categoria que se buscava proteger e precariza\u00e7\u00e3o dos servi\u00e7os p\u00fablicos prestados \u00e0 popula\u00e7\u00e3o\u201d, advertiu.<\/p>\n<h3>Nada de bandeira branca<\/h3>\n<p>Mesmo com o pedido do governo para segurar algumas pautas que causar\u00e3o rombo fiscal, o presidente do Senado, Davi Alcolumbre (Uni\u00e3o-AP), n\u00e3o trabalha a favor do Planalto. Os ministros da Fazenda, Dario Durigan, e da Secretaria de Rela\u00e7\u00f5es Institucionais (SRI), Jos\u00e9 Guimar\u00e3es, chegaram a se reunir com ele na ter\u00e7a-feira, na tentativa de evitar o avan\u00e7o de mat\u00e9rias que podem comprometer o Or\u00e7amento da Uni\u00e3o. Mas n\u00e3o surtiu efeito.<\/p>\n<h3>CURTIDAS<\/h3>\n<figure id=\"attachment_13629\" aria-describedby=\"caption-attachment-13629\" style=\"width: 300px\" class=\"wp-caption alignleft\"><a href=\"https:\/\/blogs.correiobraziliense.com.br\/denise\/wp-content\/uploads\/sites\/12\/2026\/06\/aguinaldo-ribeiro.jpeg\"><img loading=\"lazy\" decoding=\"async\" class=\"size-medium wp-image-13629\" src=\"https:\/\/blogs.correiobraziliense.com.br\/denise\/wp-content\/uploads\/sites\/12\/2026\/06\/aguinaldo-ribeiro-300x199.jpeg\" alt=\"\" width=\"300\" height=\"199\" srcset=\"https:\/\/blogs.correiobraziliense.com.br\/denise\/wp-content\/uploads\/sites\/12\/2026\/06\/aguinaldo-ribeiro-300x199.jpeg 300w, https:\/\/blogs.correiobraziliense.com.br\/denise\/wp-content\/uploads\/sites\/12\/2026\/06\/aguinaldo-ribeiro-768x510.jpeg 768w, https:\/\/blogs.correiobraziliense.com.br\/denise\/wp-content\/uploads\/sites\/12\/2026\/06\/aguinaldo-ribeiro-1024x680.jpeg 1024w, https:\/\/blogs.correiobraziliense.com.br\/denise\/wp-content\/uploads\/sites\/12\/2026\/06\/aguinaldo-ribeiro-1440x957.jpeg 1440w, https:\/\/blogs.correiobraziliense.com.br\/denise\/wp-content\/uploads\/sites\/12\/2026\/06\/aguinaldo-ribeiro-800x532.jpeg 800w, https:\/\/blogs.correiobraziliense.com.br\/denise\/wp-content\/uploads\/sites\/12\/2026\/06\/aguinaldo-ribeiro-550x365.jpeg 550w, https:\/\/blogs.correiobraziliense.com.br\/denise\/wp-content\/uploads\/sites\/12\/2026\/06\/aguinaldo-ribeiro-230x153.jpeg 230w, https:\/\/blogs.correiobraziliense.com.br\/denise\/wp-content\/uploads\/sites\/12\/2026\/06\/aguinaldo-ribeiro.jpeg 1812w\" sizes=\"auto, (max-width: 300px) 100vw, 300px\" \/><\/a><figcaption id=\"caption-attachment-13629\" class=\"wp-caption-text\">Cr\u00e9dito: Ed Alves\/CB\/D.A Press<\/figcaption><\/figure>\n<p><strong>A conta s\u00f3 cresce\/<\/strong> Al\u00e9m dos projetos que aumentam despesas aprovados esta semana\u00a0nas comiss\u00f5es, no in\u00edcio da noite foi aprovada a renegocia\u00e7\u00e3o de d\u00edvidas dos produtores rurais. Falta ainda a amplia\u00e7\u00e3o do Fundo de Participa\u00e7\u00e3o dos Munic\u00edpios, a ser apreciada em breve.<\/p>\n<p><strong>Sinuca de bico\/<\/strong> O governo est\u00e1 encurralado no jogo que ele mesmo montou. Ao manter a urg\u00eancia constitucional do projeto de lei do fim da escala 6 x 1 na C\u00e2mara dos Deputados, e travar a pauta da Casa para pressionar o Senado a votar o texto que l\u00e1 se encontra, o Planalto v\u00ea agora projetos importantes paralisados. Como os que tratam da misoginia, da intelig\u00eancia artificial e da destina\u00e7\u00e3o do cr\u00e9dito extraordin\u00e1rio do pre\u00e7o do petr\u00f3leo devido \u00e0 guerra no Golfo P\u00e9rsico.<\/p>\n<p><strong>Por falar em IA&#8230; \/<\/strong> O relator da regulamenta\u00e7\u00e3o da Intelig\u00eancia Artificial, deputado Aguinaldo Ribeiro (PP-PB, <em>foto<\/em>), ainda n\u00e3o conseguiu consenso entre artistas e empresas sobre o treinamento de IA com produtos originais. Por isso, a ideia \u00e9 deixar a vota\u00e7\u00e3o para depois das elei\u00e7\u00f5es. \u00c9 que o prazo est\u00e1 curto para tratar de um tema t\u00e3o pol\u00eamico, ainda mais num ano eleitoral.<\/p>\n<p><strong>A torcida do Planalto\/<\/strong> Com a aprova\u00e7\u00e3o da admissibilidade da Proposta de Emenda Constitucional (PEC) que reduz de 18 para 16 anos a maioridade penal, e os projetos que aumentam despesa, o governo torce mesmo \u00e9 para que o Congresso entre no \u201cmodo avi\u00e3o\u201d, com todos voando para as campanhas eleitorais.<\/p>\n","protected":false},"excerpt":{"rendered":"<p>Coluna Bras\u00edlia-DF publicada na quinta-feira, 11 de junho de 2026, por Denise Rothenburg com Eduarda Esposito A queda dos \u00edndices de inten\u00e7\u00e3o de voto no senador Fl\u00e1vio Bolsonaro (PL-RJ) fez o governo respirar um pouco melhor, mesmo com o presidente Luiz In\u00e1cio Lula da Silva com dificuldades de crescimento. A diferen\u00e7a, agora, \u00e9 que os governistas esperam uma mudan\u00e7a em [&hellip;]<\/p>\n","protected":false},"author":29,"featured_media":13628,"comment_status":"closed","ping_status":"closed","sticky":false,"template":"","format":"standard","meta":{"footnotes":""},"categories":[1568,1559,505,4,78,725,10,1448,1566,804,1651,205,1571,5,281,299,213],"tags":[1569,1498,20,47,82,1017,98,340,1673,34],"class_list":["post-13630","post","type-post","status-publish","format-standard","has-post-thumbnail","hentry","category-6x1","category-banco-master","category-camara-dos-deputados","category-coluna-brasilia-df","category-congresso","category-economia","category-eleicoes","category-eleicoes-2026","category-flavio-bolsonaro","category-governo-lula","category-ia","category-lula","category-pl","category-politica","category-senado","category-stf","category-tecnologia","tag-6x1","tag-daniel-vorcaro","tag-eleicoes","tag-flavio-bolsonaro","tag-gilmar-mendes","tag-ia","tag-lula","tag-pl","tag-renegociacao-das-dividas-rurais","tag-stf"],"_links":{"self":[{"href":"https:\/\/blogs.correiobraziliense.com.br\/denise\/wp-json\/wp\/v2\/posts\/13630","targetHints":{"allow":["GET"]}}],"collection":[{"href":"https:\/\/blogs.correiobraziliense.com.br\/denise\/wp-json\/wp\/v2\/posts"}],"about":[{"href":"https:\/\/blogs.correiobraziliense.com.br\/denise\/wp-json\/wp\/v2\/types\/post"}],"author":[{"embeddable":true,"href":"https:\/\/blogs.correiobraziliense.com.br\/denise\/wp-json\/wp\/v2\/users\/29"}],"replies":[{"embeddable":true,"href":"https:\/\/blogs.correiobraziliense.com.br\/denise\/wp-json\/wp\/v2\/comments?post=13630"}],"version-history":[{"count":1,"href":"https:\/\/blogs.correiobraziliense.com.br\/denise\/wp-json\/wp\/v2\/posts\/13630\/revisions"}],"predecessor-version":[{"id":13631,"href":"https:\/\/blogs.correiobraziliense.com.br\/denise\/wp-json\/wp\/v2\/posts\/13630\/revisions\/13631"}],"wp:featuredmedia":[{"embeddable":true,"href":"https:\/\/blogs.correiobraziliense.com.br\/denise\/wp-json\/wp\/v2\/media\/13628"}],"wp:attachment":[{"href":"https:\/\/blogs.correiobraziliense.com.br\/denise\/wp-json\/wp\/v2\/media?parent=13630"}],"wp:term":[{"taxonomy":"category","embeddable":true,"href":"https:\/\/blogs.correiobraziliense.com.br\/denise\/wp-json\/wp\/v2\/categories?post=13630"},{"taxonomy":"post_tag","embeddable":true,"href":"https:\/\/blogs.correiobraziliense.com.br\/denise\/wp-json\/wp\/v2\/tags?post=13630"}],"curies":[{"name":"wp","href":"https:\/\/api.w.org\/{rel}","templated":true}]}}