{"id":13626,"date":"2026-06-10T16:12:18","date_gmt":"2026-06-10T19:12:18","guid":{"rendered":"https:\/\/blogs.correiobraziliense.com.br\/denise\/?p=13626"},"modified":"2026-06-10T16:12:18","modified_gmt":"2026-06-10T19:12:18","slug":"afd-e-brasil-devem-fechar-parceria-para-financiamentos-em-fundos-de-desenvolvimento-regionais","status":"publish","type":"post","link":"https:\/\/blogs.correiobraziliense.com.br\/denise\/afd-e-brasil-devem-fechar-parceria-para-financiamentos-em-fundos-de-desenvolvimento-regionais\/","title":{"rendered":"AFD e Brasil devem fechar parceria para financiamentos em fundos de desenvolvimento regionais"},"content":{"rendered":"<figure id=\"attachment_13625\" aria-describedby=\"caption-attachment-13625\" style=\"width: 300px\" class=\"wp-caption alignleft\"><a href=\"https:\/\/blogs.correiobraziliense.com.br\/denise\/wp-content\/uploads\/sites\/12\/2026\/06\/20260610_151255.jpg\"><img loading=\"lazy\" decoding=\"async\" class=\"size-medium wp-image-13625\" src=\"https:\/\/blogs.correiobraziliense.com.br\/denise\/wp-content\/uploads\/sites\/12\/2026\/06\/20260610_151255-300x225.jpg\" alt=\"\" width=\"300\" height=\"225\" srcset=\"https:\/\/blogs.correiobraziliense.com.br\/denise\/wp-content\/uploads\/sites\/12\/2026\/06\/20260610_151255-300x225.jpg 300w, https:\/\/blogs.correiobraziliense.com.br\/denise\/wp-content\/uploads\/sites\/12\/2026\/06\/20260610_151255-768x576.jpg 768w, https:\/\/blogs.correiobraziliense.com.br\/denise\/wp-content\/uploads\/sites\/12\/2026\/06\/20260610_151255-1024x768.jpg 1024w, https:\/\/blogs.correiobraziliense.com.br\/denise\/wp-content\/uploads\/sites\/12\/2026\/06\/20260610_151255-1440x1080.jpg 1440w, https:\/\/blogs.correiobraziliense.com.br\/denise\/wp-content\/uploads\/sites\/12\/2026\/06\/20260610_151255-800x600.jpg 800w, https:\/\/blogs.correiobraziliense.com.br\/denise\/wp-content\/uploads\/sites\/12\/2026\/06\/20260610_151255-550x413.jpg 550w, https:\/\/blogs.correiobraziliense.com.br\/denise\/wp-content\/uploads\/sites\/12\/2026\/06\/20260610_151255-230x173.jpg 230w\" sizes=\"auto, (max-width: 300px) 100vw, 300px\" \/><\/a><figcaption id=\"caption-attachment-13625\" class=\"wp-caption-text\">Cr\u00e9dito: Eduarda Esposito<\/figcaption><\/figure>\n<p><strong>Por Eduarda Esposito \u2014<\/strong> A Ag\u00eancia francesa de desenvolvimento (AFD), institui\u00e7\u00e3o financeira do governo franc\u00eas que implementa pol\u00edtica de ajuda ao desenvolvimento sustent\u00e1vel e solidariedade internacional, e o governo brasileiro devem assinar em breve um acordo para que a AFD invista em fundos de desenvolvimento regionais no pa\u00eds. O objetivo \u00e9 acelerar a universaliza\u00e7\u00e3o do acesso \u00e0 \u00e1gua no Brasil. Em entrevista ao blog, o diretor regional AFD Brasil &#8211; Cone Sul, Dominique Hautbergue, explicou sobre as parcerias e a import\u00e2ncia que o Brasil tem para a Fran\u00e7a.<\/p>\n<p>A ag\u00eancia francesa apoia projetos no Brasil h\u00e1 quase 20 anos. S\u00f3 em 2025, a AFD financiou \u20ac$ 1,2 bilh\u00e3o no pa\u00eds, em que 3\/4 desse montante foi destinado ao setor de \u00e1gua. Um diferencial da ag\u00eancia \u00e9 que grande parte dos investimentos n\u00e3o contam com garantia do governo federal, a AFD assume o pr\u00f3prio risco, e com isso, 90% dos projetos envolvendo \u00e1gua no Brasil foram fechados sem garantia.<\/p>\n<p>Dominique explicou ainda que um dos principais motivos de todo o cuidado da Fran\u00e7a com o Brasil se deve \u00e0 proximidade. &#8220;A Guiana Francesa \u00e9 a maior fronteira externa da Fran\u00e7a com o Brasil. Tem muitas empresas francesas presentes no Brasil, s\u00e3o 500 mil empregos diretos, 1,4 mil empresas e 38 delas s\u00e3o as maiores empresas francesas. A Fran\u00e7a \u00e9 o segundo investidor no estrangeiro no Brasil. S\u00e3o alguns dados que refor\u00e7am a import\u00e2ncia da presen\u00e7a francesa e do interesse e da liga\u00e7\u00e3o entre a Fran\u00e7a e o Brasil&#8221;, pontuou.<\/p>\n<p>Hautbergue ressaltou ainda que cuidar do Brasil \u00e9 cuidar dos franceses que moram no pa\u00eds e do ecossistema das empresas que aqui funcionam. &#8220;\u00c9 garantir o bem-estar dos franceses e garantir que as empresas e os investidores do Brasil tenham acesso a um servi\u00e7o que consegue tratar os esgotos das empresas industriais. S\u00e3o quase 500 mil trabalhadores empregados nas empresas francesas que tamb\u00e9m podem se beneficiar de condi\u00e7\u00f5es de vida digna atrav\u00e9s de \u00e1gua e saneamento sanit\u00e1rio&#8221;, concluiu.<\/p>\n<p>Durante o evento Diego Pederneiras Moraes Rocha, assessor para assuntos jur\u00eddicos da Secretaria Especial do Programa de Parcerias de Investimentos (SPPI), destacou a import\u00e2ncia do trabalho da FDA em parceria com o governo e empresas brasileiras.\u00a0&#8220;S\u00e3o mais de 30 leil\u00f5es no setor de saneamento por Programa de Parcerias de Investimentos (PPI). No setor de saneamento, o Brasil, particularmente, \u00e9 um \u00e9 um pa\u00eds com grande diversidade, bastante heterog\u00eaneo. E a gente, por outro lado, tem diversas car\u00eancias e esses s\u00e3o um pouco dos nossos desafios. No fim do dia, a gente precisa atrair parceiros privados para a implementa\u00e7\u00e3o das estruturas e o PPI trabalha basicamente nisso&#8221;, destacou.<\/p>\n<h3>Despolui\u00e7\u00e3o das \u00e1guas<\/h3>\n<p>A AFD ainda investe em projetos para despolui\u00e7\u00e3o de \u00e1guas, como o do Sena em Paris, a Ba\u00eda de Guanabara no Rio de Janeiro e do Lago Parano\u00e1 em Bras\u00edlia. Dominique explica que o uso de sat\u00e9lites na fiscaliza\u00e7\u00e3o de pontos de polui\u00e7\u00e3o \u00e9 um dos mecanismos mais eficientes nessa atua\u00e7\u00e3o.<\/p>\n<p>&#8220;Decidimos apresentar o trabalho que est\u00e1 sendo feito hoje em dia na baia de Guanabara, e principalmente o monitoramento das polui\u00e7\u00f5es que permite identificar da onde que vem e como tratar atrav\u00e9s da engenharia espacial por dados de sat\u00e9lites. \u00c9 um trabalho que foi desenvolvido pela coopera\u00e7\u00e3o francesa h\u00e1 um tempo e que permite identificar e ter um monitoramento a cada semana de cada ponto escolhido das polui\u00e7\u00f5es. \u00c9 uma ferramenta que achamos muito interessante para o Brasil, para os reguladores, para as companhias de \u00e1gua e para as companhias que gerenciam represas tamb\u00e9m para identificar poss\u00edveis polui\u00e7\u00f5es&#8221;, disse.<\/p>\n<p>Outro m\u00e9todo \u00e9 a destina\u00e7\u00e3o de subprodutos de tratamento de \u00e1gua, chamados de lodos de esgoto. Esse lodo pode ser utilizado em outras \u00e1reas da economia. &#8220;Tentar identificar a melhor maneira de reaproveitar esses lodos, por exemplo, na agricultura ou na produ\u00e7\u00e3o de metano para produ\u00e7\u00e3o energ\u00e9tica. Ent\u00e3o esse \u00e9 um um tipo de despolui\u00e7\u00e3o que que fazemos&#8221;, contou.<\/p>\n","protected":false},"excerpt":{"rendered":"<p>Por Eduarda Esposito \u2014 A Ag\u00eancia francesa de desenvolvimento (AFD), institui\u00e7\u00e3o financeira do governo franc\u00eas que implementa pol\u00edtica de ajuda ao desenvolvimento sustent\u00e1vel e solidariedade internacional, e o governo brasileiro devem assinar em breve um acordo para que a AFD invista em fundos de desenvolvimento regionais no pa\u00eds. O objetivo \u00e9 acelerar a universaliza\u00e7\u00e3o do acesso \u00e0 \u00e1gua no Brasil. [&hellip;]<\/p>\n","protected":false},"author":29,"featured_media":13625,"comment_status":"closed","ping_status":"closed","sticky":false,"template":"","format":"standard","meta":{"footnotes":""},"categories":[725,5],"tags":[379,1672,1513,1671],"class_list":["post-13626","post","type-post","status-publish","format-standard","has-post-thumbnail","hentry","category-economia","category-politica","tag-economia","tag-fda","tag-franca","tag-sanemaneto-basico"],"_links":{"self":[{"href":"https:\/\/blogs.correiobraziliense.com.br\/denise\/wp-json\/wp\/v2\/posts\/13626","targetHints":{"allow":["GET"]}}],"collection":[{"href":"https:\/\/blogs.correiobraziliense.com.br\/denise\/wp-json\/wp\/v2\/posts"}],"about":[{"href":"https:\/\/blogs.correiobraziliense.com.br\/denise\/wp-json\/wp\/v2\/types\/post"}],"author":[{"embeddable":true,"href":"https:\/\/blogs.correiobraziliense.com.br\/denise\/wp-json\/wp\/v2\/users\/29"}],"replies":[{"embeddable":true,"href":"https:\/\/blogs.correiobraziliense.com.br\/denise\/wp-json\/wp\/v2\/comments?post=13626"}],"version-history":[{"count":1,"href":"https:\/\/blogs.correiobraziliense.com.br\/denise\/wp-json\/wp\/v2\/posts\/13626\/revisions"}],"predecessor-version":[{"id":13627,"href":"https:\/\/blogs.correiobraziliense.com.br\/denise\/wp-json\/wp\/v2\/posts\/13626\/revisions\/13627"}],"wp:featuredmedia":[{"embeddable":true,"href":"https:\/\/blogs.correiobraziliense.com.br\/denise\/wp-json\/wp\/v2\/media\/13625"}],"wp:attachment":[{"href":"https:\/\/blogs.correiobraziliense.com.br\/denise\/wp-json\/wp\/v2\/media?parent=13626"}],"wp:term":[{"taxonomy":"category","embeddable":true,"href":"https:\/\/blogs.correiobraziliense.com.br\/denise\/wp-json\/wp\/v2\/categories?post=13626"},{"taxonomy":"post_tag","embeddable":true,"href":"https:\/\/blogs.correiobraziliense.com.br\/denise\/wp-json\/wp\/v2\/tags?post=13626"}],"curies":[{"name":"wp","href":"https:\/\/api.w.org\/{rel}","templated":true}]}}