{"id":13620,"date":"2026-06-10T10:31:44","date_gmt":"2026-06-10T13:31:44","guid":{"rendered":"https:\/\/blogs.correiobraziliense.com.br\/denise\/?p=13620"},"modified":"2026-06-10T10:31:44","modified_gmt":"2026-06-10T13:31:44","slug":"senado-em-dificuldades-para-segurar-a-6-x-1","status":"publish","type":"post","link":"https:\/\/blogs.correiobraziliense.com.br\/denise\/senado-em-dificuldades-para-segurar-a-6-x-1\/","title":{"rendered":"Senado em dificuldades para segurar a 6 x 1"},"content":{"rendered":"<p><em><strong>Coluna Bras\u00edlia-DF publicada na quarta-feira, 10 de junho de 2026, por Denise Rothenburg com Eduarda Esposito\u00a0<\/strong><\/em><\/p>\n<figure id=\"attachment_13622\" aria-describedby=\"caption-attachment-13622\" style=\"width: 300px\" class=\"wp-caption aligncenter\"><a href=\"https:\/\/blogs.correiobraziliense.com.br\/denise\/wp-content\/uploads\/sites\/12\/2026\/06\/Screenshot_20260610_101514_Chrome.jpg\"><img loading=\"lazy\" decoding=\"async\" class=\"size-medium wp-image-13622\" src=\"https:\/\/blogs.correiobraziliense.com.br\/denise\/wp-content\/uploads\/sites\/12\/2026\/06\/Screenshot_20260610_101514_Chrome-300x208.jpg\" alt=\"\" width=\"300\" height=\"208\" srcset=\"https:\/\/blogs.correiobraziliense.com.br\/denise\/wp-content\/uploads\/sites\/12\/2026\/06\/Screenshot_20260610_101514_Chrome-300x208.jpg 300w, https:\/\/blogs.correiobraziliense.com.br\/denise\/wp-content\/uploads\/sites\/12\/2026\/06\/Screenshot_20260610_101514_Chrome-768x532.jpg 768w, https:\/\/blogs.correiobraziliense.com.br\/denise\/wp-content\/uploads\/sites\/12\/2026\/06\/Screenshot_20260610_101514_Chrome-1024x709.jpg 1024w, https:\/\/blogs.correiobraziliense.com.br\/denise\/wp-content\/uploads\/sites\/12\/2026\/06\/Screenshot_20260610_101514_Chrome-1440x997.jpg 1440w, https:\/\/blogs.correiobraziliense.com.br\/denise\/wp-content\/uploads\/sites\/12\/2026\/06\/Screenshot_20260610_101514_Chrome-800x554.jpg 800w, https:\/\/blogs.correiobraziliense.com.br\/denise\/wp-content\/uploads\/sites\/12\/2026\/06\/Screenshot_20260610_101514_Chrome-550x381.jpg 550w, https:\/\/blogs.correiobraziliense.com.br\/denise\/wp-content\/uploads\/sites\/12\/2026\/06\/Screenshot_20260610_101514_Chrome-230x159.jpg 230w\" sizes=\"auto, (max-width: 300px) 100vw, 300px\" \/><\/a><figcaption id=\"caption-attachment-13622\" class=\"wp-caption-text\">Cr\u00e9dito: Maurenilson Freire<\/figcaption><\/figure>\n<p>A contar pelo n\u00famero de senadores que deseja aprovar o fim da escala 6 x 1, aqueles que pregam esperar mais para apreciar o texto ter\u00e3o problemas em fazer valer suas vontades. Muitos independentes j\u00e1 disseram que votam a favor e, para completar, as negocia\u00e7\u00f5es para nomear logo um relator seguem quentes. At\u00e9 aqui, o nome do l\u00edder do PSD no Senado, Omar Aziz (AM), tem sido considerado forte entre alguns parlamentares para relatar essa Proposta de Emenda Constitucional (PEC). Aziz chegou a se reunir com o presidente da Comiss\u00e3o de Constitui\u00e7\u00e3o e Justi\u00e7a (CCJ), Otto Alencar (PSD- BA), e tinha uma reuni\u00e3o marcada com o presidente Davi Alcolumbre (Uni\u00e3o-AP).<\/p>\n<p style=\"text-align: center\"><strong>\u00bb \u00bb \u00bb<\/strong><\/p>\n<p><strong>\u00c9 ganha-ganha para Aziz\/<\/strong> O\u00a0senador pelo Amazonas ganharia muito com a relatoria, uma vez que \u00e9 pr\u00e9-candidato ao governo do estado\u00a0e amarraria os votos da bancada do partido de Gilberto Kassab em favor da proposta \u2014 diferentemente do que aconteceu na vota\u00e7\u00e3o de Jorge Messias para o Supremo Tribunal Federal (STF).<\/p>\n<h3>E o MDB do DF, hein?<\/h3>\n<p>O presidente do partido, deputado Baleia Rossi (SP), tem dito a amigos que a Executiva Nacional caminhar\u00e1 no sentido de pacificar seus integrantes no Distrito Federal. Hoje, essa pacifica\u00e7\u00e3o seria mais sedimentada com o apoio \u00e0 candidatura da governadora Celina Le\u00e3o (PP) \u00e0 reelei\u00e7\u00e3o. Por\u00e9m, nada disso ser\u00e1 definido agora.<\/p>\n<h3>Veja bem<\/h3>\n<p>O MDB n\u00e3o quer saber de ter que custear mais uma candidatura de governador. A prioridade aqui ainda \u00e9 a elei\u00e7\u00e3o de deputados federais e de Ibaneis Rocha senador. Por\u00e9m, muita gente diz que \u00e9 preciso dar tempo ao tempo para que se saiba tudo sobre a rela\u00e7\u00e3o BRB-Master. Assim como no Rio de Janeiro, onde Cl\u00e1udio Castro foi obrigado a sair de cena para se defender, \u00e9 necess\u00e1rio esperar para ver se algo semelhante ocorrer\u00e1 no DF com os candidatos aos mais variados cargos.<\/p>\n<h3>Subiu o sarrafo para Vorcaro<\/h3>\n<p>A decis\u00e3o da Justi\u00e7a das Bahamas, que reconheceu a liquida\u00e7\u00e3o do Banco Master, deixa o ex-banqueiro Daniel Vorcaro um pouquinho mais distante da dela\u00e7\u00e3o premiada. At\u00e9 aqui, o principal ponto atrativo do acordo estava calcado na devolu\u00e7\u00e3o de dinheiro. Com as autoridades brasileiras e a equipe de liquida\u00e7\u00e3o do banco podendo correr atr\u00e1s dos recursos l\u00e1 fora, oferecer esses recursos diminui de import\u00e2ncia.<\/p>\n<h3>\u201cVamos aprovar\u201d<\/h3>\n<p>Senadores ligados ao agroneg\u00f3cio afirmam que votam hoje a securitiza\u00e7\u00e3o das d\u00edvidas dos produtores rurais, com ou sem acordo. Em conversas reservadas, afirmam ter votos suficientes para aprov\u00e1-la no Senado. E mais: derrubam um poss\u00edvel veto do presidente Luiz In\u00e1cio Lula da Silva. Esse foi, ali\u00e1s, um dos assuntos comentados nos bastidores da festa junina da Frente Parlamentar do Agro.<\/p>\n<h3>CURTIDAS<\/h3>\n<figure id=\"attachment_13623\" aria-describedby=\"caption-attachment-13623\" style=\"width: 300px\" class=\"wp-caption alignleft\"><a href=\"https:\/\/blogs.correiobraziliense.com.br\/denise\/wp-content\/uploads\/sites\/12\/2026\/06\/Screenshot_20260610_101520_Chrome.jpg\"><img loading=\"lazy\" decoding=\"async\" class=\"size-medium wp-image-13623\" src=\"https:\/\/blogs.correiobraziliense.com.br\/denise\/wp-content\/uploads\/sites\/12\/2026\/06\/Screenshot_20260610_101520_Chrome-300x173.jpg\" alt=\"\" width=\"300\" height=\"173\" srcset=\"https:\/\/blogs.correiobraziliense.com.br\/denise\/wp-content\/uploads\/sites\/12\/2026\/06\/Screenshot_20260610_101520_Chrome-300x173.jpg 300w, https:\/\/blogs.correiobraziliense.com.br\/denise\/wp-content\/uploads\/sites\/12\/2026\/06\/Screenshot_20260610_101520_Chrome-768x444.jpg 768w, https:\/\/blogs.correiobraziliense.com.br\/denise\/wp-content\/uploads\/sites\/12\/2026\/06\/Screenshot_20260610_101520_Chrome-1024x592.jpg 1024w, https:\/\/blogs.correiobraziliense.com.br\/denise\/wp-content\/uploads\/sites\/12\/2026\/06\/Screenshot_20260610_101520_Chrome-1440x832.jpg 1440w, https:\/\/blogs.correiobraziliense.com.br\/denise\/wp-content\/uploads\/sites\/12\/2026\/06\/Screenshot_20260610_101520_Chrome-800x462.jpg 800w, https:\/\/blogs.correiobraziliense.com.br\/denise\/wp-content\/uploads\/sites\/12\/2026\/06\/Screenshot_20260610_101520_Chrome-550x318.jpg 550w, https:\/\/blogs.correiobraziliense.com.br\/denise\/wp-content\/uploads\/sites\/12\/2026\/06\/Screenshot_20260610_101520_Chrome-230x133.jpg 230w\" sizes=\"auto, (max-width: 300px) 100vw, 300px\" \/><\/a><figcaption id=\"caption-attachment-13623\" class=\"wp-caption-text\">Cr\u00e9dito: Minervino J\u00fanior\/CB\/D.A Press<\/figcaption><\/figure>\n<p><strong>Pauta de todos\/\u00a0<\/strong>Com o fim gradual dos ICMS e ISS at\u00e9 2032, quando a Reforma Tribut\u00e1ria e as leis vinculadas a ela forem implementadas, deputados tentam construir apoio para aprovar mais uma PEC sobre o tema. A ideia \u00e9 permitir que estados e munic\u00edpios atualizem suas legisla\u00e7\u00f5es de incentivo \u00e0 cultura e ao esporte.<\/p>\n<p><strong>E para todos\/<\/strong> Atualmente, essas duas \u00e1reas recebem uma parte do ICMS e do ISS em v\u00e1rias unidades da Federa\u00e7\u00e3o. E se n\u00e3o houver previs\u00e3o legal para que isso seja mantido no Imposto sobre Bens e Servi\u00e7os (IBS), essa provis\u00e3o acaba. A PEC conta com 171 assinaturas de partidos, como PT, PCdoB, PSol, PSD, PSB, PDT, Novo, Republicanos, PP, Uni\u00e3o Brasil e PL.<\/p>\n<p><strong>TCU e o Master\/<\/strong> No dia 17, o ministro Augusto Nardes (<em>foto<\/em>),\u00a0do Tribunal de Contas da Uni\u00e3o (TCU), participa do tradicional \u201cCaf\u00e9 com Autoridade\u201d, promovido pela Associa\u00e7\u00e3o Brasileira de Rela\u00e7\u00f5es Institucionais e Governamentais (Abrig). Falar\u00e1 sobre governan\u00e7a e rela\u00e7\u00f5es de poder em tempos de crise. O debate deve abordar o caso Master, marcado por problemas de governan\u00e7a, corrup\u00e7\u00e3o e da rela\u00e7\u00e3o prom\u00edscua com o BRB.<\/p>\n<p><strong>Rodada de presidenci\u00e1veis\/<\/strong> A Frente Parlamentar do Empreendedorismo (FPE) pretende ouvir os pr\u00e9-candidatos \u00e0 Presid\u00eancia nas pr\u00f3ximas semanas. O primeiro ser\u00e1 o ex-governador de Goi\u00e1s, Ronaldo Caiado (PSD), que estar\u00e1 no almo\u00e7o da\u00a0entidade no dia\u00a016. O ex-governador de Minas Gerais, Romeu Zema (Novo), ainda est\u00e1 acertando a data. O senador Fl\u00e1vio Bolsonaro (PL-RJ) e o presidente Lula tamb\u00e9m foram convidados, mas ainda n\u00e3o confirmaram presen\u00e7a.<\/p>\n","protected":false},"excerpt":{"rendered":"<p>Coluna Bras\u00edlia-DF publicada na quarta-feira, 10 de junho de 2026, por Denise Rothenburg com Eduarda Esposito\u00a0 A contar pelo n\u00famero de senadores que deseja aprovar o fim da escala 6 x 1, aqueles que pregam esperar mais para apreciar o texto ter\u00e3o problemas em fazer valer suas vontades. Muitos independentes j\u00e1 disseram que votam a favor e, para completar, as [&hellip;]<\/p>\n","protected":false},"author":29,"featured_media":0,"comment_status":"closed","ping_status":"closed","sticky":false,"template":"","format":"standard","meta":{"footnotes":""},"categories":[1568,1559,505,4,78,1598,725,10,1448,348,5,281,1093],"tags":[1167,1498,1621,20,1669,1670,40,277],"class_list":["post-13620","post","type-post","status-publish","format-standard","hentry","category-6x1","category-banco-master","category-camara-dos-deputados","category-coluna-brasilia-df","category-congresso","category-crise-do-brb","category-economia","category-eleicoes","category-eleicoes-2026","category-mdb","category-politica","category-senado","category-tcu","tag-banco-master","tag-daniel-vorcaro","tag-delacao","tag-eleicoes","tag-fim-da-6x1","tag-securitizacao-das-dividas-dos-produtores","tag-senado","tag-tcu"],"_links":{"self":[{"href":"https:\/\/blogs.correiobraziliense.com.br\/denise\/wp-json\/wp\/v2\/posts\/13620","targetHints":{"allow":["GET"]}}],"collection":[{"href":"https:\/\/blogs.correiobraziliense.com.br\/denise\/wp-json\/wp\/v2\/posts"}],"about":[{"href":"https:\/\/blogs.correiobraziliense.com.br\/denise\/wp-json\/wp\/v2\/types\/post"}],"author":[{"embeddable":true,"href":"https:\/\/blogs.correiobraziliense.com.br\/denise\/wp-json\/wp\/v2\/users\/29"}],"replies":[{"embeddable":true,"href":"https:\/\/blogs.correiobraziliense.com.br\/denise\/wp-json\/wp\/v2\/comments?post=13620"}],"version-history":[{"count":2,"href":"https:\/\/blogs.correiobraziliense.com.br\/denise\/wp-json\/wp\/v2\/posts\/13620\/revisions"}],"predecessor-version":[{"id":13624,"href":"https:\/\/blogs.correiobraziliense.com.br\/denise\/wp-json\/wp\/v2\/posts\/13620\/revisions\/13624"}],"wp:attachment":[{"href":"https:\/\/blogs.correiobraziliense.com.br\/denise\/wp-json\/wp\/v2\/media?parent=13620"}],"wp:term":[{"taxonomy":"category","embeddable":true,"href":"https:\/\/blogs.correiobraziliense.com.br\/denise\/wp-json\/wp\/v2\/categories?post=13620"},{"taxonomy":"post_tag","embeddable":true,"href":"https:\/\/blogs.correiobraziliense.com.br\/denise\/wp-json\/wp\/v2\/tags?post=13620"}],"curies":[{"name":"wp","href":"https:\/\/api.w.org\/{rel}","templated":true}]}}