{"id":13612,"date":"2026-06-09T10:47:23","date_gmt":"2026-06-09T13:47:23","guid":{"rendered":"https:\/\/blogs.correiobraziliense.com.br\/denise\/?p=13612"},"modified":"2026-06-09T10:47:23","modified_gmt":"2026-06-09T13:47:23","slug":"a-escolha-de-lula","status":"publish","type":"post","link":"https:\/\/blogs.correiobraziliense.com.br\/denise\/a-escolha-de-lula\/","title":{"rendered":"A escolha de Lula"},"content":{"rendered":"<p><em><strong>Coluna Bras\u00edlia-DF publicada na ter\u00e7a-feira, 9 de junho de 2026, por Denise Rothenburg<\/strong><\/em><\/p>\n<figure id=\"attachment_13610\" aria-describedby=\"caption-attachment-13610\" style=\"width: 345px\" class=\"wp-caption alignleft\"><a href=\"https:\/\/blogs.correiobraziliense.com.br\/denise\/wp-content\/uploads\/sites\/12\/2026\/06\/coluna-9-de-junho.jpg\"><img loading=\"lazy\" decoding=\"async\" class=\" wp-image-13610\" src=\"https:\/\/blogs.correiobraziliense.com.br\/denise\/wp-content\/uploads\/sites\/12\/2026\/06\/coluna-9-de-junho-300x220.jpg\" alt=\"\" width=\"345\" height=\"253\" srcset=\"https:\/\/blogs.correiobraziliense.com.br\/denise\/wp-content\/uploads\/sites\/12\/2026\/06\/coluna-9-de-junho-300x220.jpg 300w, https:\/\/blogs.correiobraziliense.com.br\/denise\/wp-content\/uploads\/sites\/12\/2026\/06\/coluna-9-de-junho-768x562.jpg 768w, https:\/\/blogs.correiobraziliense.com.br\/denise\/wp-content\/uploads\/sites\/12\/2026\/06\/coluna-9-de-junho-1024x750.jpg 1024w, https:\/\/blogs.correiobraziliense.com.br\/denise\/wp-content\/uploads\/sites\/12\/2026\/06\/coluna-9-de-junho-1440x1055.jpg 1440w, https:\/\/blogs.correiobraziliense.com.br\/denise\/wp-content\/uploads\/sites\/12\/2026\/06\/coluna-9-de-junho-800x586.jpg 800w, https:\/\/blogs.correiobraziliense.com.br\/denise\/wp-content\/uploads\/sites\/12\/2026\/06\/coluna-9-de-junho-550x403.jpg 550w, https:\/\/blogs.correiobraziliense.com.br\/denise\/wp-content\/uploads\/sites\/12\/2026\/06\/coluna-9-de-junho-230x168.jpg 230w\" sizes=\"auto, (max-width: 345px) 100vw, 345px\" \/><\/a><figcaption id=\"caption-attachment-13610\" class=\"wp-caption-text\">Cr\u00e9dito: Caio Gomez<\/figcaption><\/figure>\n<p>Ainda que o presidente do PT, Edinho Silva, tenha recha\u00e7ado qualquer conversa com a governadora de Pernambuco, Raquel Lyra (PSD), o presidente Lula n\u00e3o poder\u00e1 se dar ao luxo de recusar apoio ao centro. O que se diz nos bastidores do partido \u00e9 que, se Lula quiser vencer a elei\u00e7\u00e3o, ter\u00e1 que ampliar sua campanha para o centro. Em 2022, foi mais f\u00e1cil porque o centro decidiu apoi\u00e1-lo no segundo turno, caso, por exemplo, de Simone Tebet, ent\u00e3o candidata do MDB que foi para os palanques petistas cantar \u201cest\u00e1 na hora do Jair j\u00e1 ir embora\u201d. Agora, com dificuldades de atrair o eleitorado mais ao centro-direita, Lula ter\u00e1 que tentar pegar embalo no segmento do eleitorado agradecendo o apoio desses governadores que se aproximam.<\/p>\n<p>O PT seguir\u00e1 com o ex-prefeito de Recife Jo\u00e3o Campos, pr\u00e9-candidato do PSB ao governo estadual, mas Lula n\u00e3o dispensar\u00e1 o palanque de Raquel, se esse apoio vier. Ali\u00e1s, Raquel Lyra est\u00e1 numa posi\u00e7\u00e3o parecida com a de Lula. Da mesma forma que o presidente precisa ampliar da esquerda para a centro-direita, ela precisa fazer esse mesmo movimento no sentido oposto, ou seja, da direita para a centro-esquerda. Ainda que o partido dela tenha um candidato ao Planalto, a governadora, sempre que puder, exaltar\u00e1 a rela\u00e7\u00e3o amistosa com o presidente Lula de olho nos votos do petista no estado.<\/p>\n<h3>O que eles querem saber<\/h3>\n<p>Com o presidente do BRB, Nelson de Souza, confirmado hoje na Comiss\u00e3o de Assuntos do Senado, a tend\u00eancia \u00e9 de Casa lotada. \u00c9 que os senadores est\u00e3o \u00e1vidos para saber, em primeiro lugar, quando sair\u00e1 o balan\u00e7o da institui\u00e7\u00e3o. Em segundo lugar, querem todos os detalhes do acordo chancelado pelo ministro do Supremo Tribunal Federal Luiz Fux. Em especial, a taxa de juros.<\/p>\n<h3>Reforma do Judici\u00e1rio<\/h3>\n<p>A reuni\u00e3o que o PT far\u00e1 hoje em Bras\u00edlia para debater uma reforma do Poder Judici\u00e1rio vai na linha do que tem sido dito pelo ministro do Supremo Tribunal Federal Fl\u00e1vio Dino. Um dos pontos ser\u00e1 o de que n\u00e3o d\u00e1 mais para conviver com penduricalhos.<\/p>\n<h3>A hora delas<\/h3>\n<p>O pr\u00e9-candidato do PL, Fl\u00e1vio Bolsonaro, est\u00e1 focado em obter o voto das mulheres. Na semana passada, o mestre de cerim\u00f4nias em Belo Horizonte se esmerou ao falar da presen\u00e7a feminina no evento do partido com a presen\u00e7a do filho 01 de Jair Bolsonaro. E, nesta semana, Fl\u00e1vio Bolsonaro se derramou em elogios \u00e0 economista Daniela Marques, ex-presidente da Caixa Econ\u00f4mica Federal, batizada desde janeiro pela equipe do pr\u00e9-candidato como o \u201cposto Ipiranga\u201d de Fl\u00e1vio.<\/p>\n<h3>Tem \u201chermano\u201d na campanha do DF<\/h3>\n<p>O marqueteiro argentino Diego Brandy, que coordenou a equipe de Eduardo Campos na corrida presidencial de 2014 e trabalhou, ainda, para o ent\u00e3o governador de Pernambuco em suas campanhas, deve assumir, em breve, o comando da equipe de marketing do candidato ao PSB ao governo do Distrito Federal, Ricardo Cappelli. Eles conversaram recentemente e&#8230; deu \u201cmatch\u201d<\/p>\n<h3>CURTIDAS<\/h3>\n<figure id=\"attachment_13611\" aria-describedby=\"caption-attachment-13611\" style=\"width: 300px\" class=\"wp-caption alignleft\"><a href=\"https:\/\/blogs.correiobraziliense.com.br\/denise\/wp-content\/uploads\/sites\/12\/2026\/06\/jos\u00e9-jorge.jpg\"><img loading=\"lazy\" decoding=\"async\" class=\"size-medium wp-image-13611\" src=\"https:\/\/blogs.correiobraziliense.com.br\/denise\/wp-content\/uploads\/sites\/12\/2026\/06\/jos\u00e9-jorge-300x200.jpg\" alt=\"\" width=\"300\" height=\"200\" srcset=\"https:\/\/blogs.correiobraziliense.com.br\/denise\/wp-content\/uploads\/sites\/12\/2026\/06\/jos\u00e9-jorge-300x200.jpg 300w, https:\/\/blogs.correiobraziliense.com.br\/denise\/wp-content\/uploads\/sites\/12\/2026\/06\/jos\u00e9-jorge-768x512.jpg 768w, https:\/\/blogs.correiobraziliense.com.br\/denise\/wp-content\/uploads\/sites\/12\/2026\/06\/jos\u00e9-jorge-1024x682.jpg 1024w, https:\/\/blogs.correiobraziliense.com.br\/denise\/wp-content\/uploads\/sites\/12\/2026\/06\/jos\u00e9-jorge-1440x960.jpg 1440w, https:\/\/blogs.correiobraziliense.com.br\/denise\/wp-content\/uploads\/sites\/12\/2026\/06\/jos\u00e9-jorge-800x533.jpg 800w, https:\/\/blogs.correiobraziliense.com.br\/denise\/wp-content\/uploads\/sites\/12\/2026\/06\/jos\u00e9-jorge-550x367.jpg 550w, https:\/\/blogs.correiobraziliense.com.br\/denise\/wp-content\/uploads\/sites\/12\/2026\/06\/jos\u00e9-jorge-230x153.jpg 230w\" sizes=\"auto, (max-width: 300px) 100vw, 300px\" \/><\/a><figcaption id=\"caption-attachment-13611\" class=\"wp-caption-text\">Cr\u00e9dito: Samuel Figueira\/TCU<\/figcaption><\/figure>\n<p><strong>Da s\u00e9rie \u201cPerca o amigo, mas n\u00e3o a piada\u201d\/<\/strong> Cappelli ainda n\u00e3o fechou sua chapa completa. Esta semana, conversa com a deputada distrital Paula Belmonte (PSDB) e espera que Reguffe decida concorrer ao Senado. A demora do ex-senador em decidir sobre a disputa j\u00e1 fez com que Ricardo Cappelli desse ao ex-parlamentar, em tom de brincadeira, obviamente, a alcunha de \u201cRefugue\u201d.<\/p>\n<p><strong>Fl\u00e1vio e Michelle\/<\/strong> A ex-primeira-dama e o enteado continuam com o que muitos classificam como \u201cdificuldade de relacionamento\u201d. Chega ao ponto de candidatos a cargos majorit\u00e1rios no DF evitarem aparecer ao lado de Fl\u00e1vio para n\u00e3o chatear Michelle. Por\u00e9m, os dois v\u00e3o se encontrar, amanh\u00e3, em um evento de lan\u00e7amento de candidaturas distritais do PL.<\/p>\n<p><strong>Dia de S\u00e3o Pedro\/<\/strong> Voando baixo desde o in\u00edcio da crise envolvendo o Banco Master, os presidentes do Uni\u00e3o Brasil, Antonio Rueda, e do PP, Ciro Nogueira, estar\u00e3o juntos no dia 29, em S\u00e3o Paulo, no evento do Lide com a s\u00e9rie de presidentes de partido para falar sobre o cen\u00e1rio eleitoral de 2026. Ambos rezam dia e noite para a federa\u00e7\u00e3o Uni\u00e3o Progressista sobreviver ao vendaval provocado pelos neg\u00f3cios e fundos suspeitos de fraude geridos pelo antigo banco de Daniel Vorcaro.<\/p>\n<p><strong>Jos\u00e9 Jorge recebe t\u00edtulo\/<\/strong> Ex-ministro de Minas e Energia e do Tribunal de Contas da Uni\u00e3o, o ex-senador e ex-deputado por Pernambuco Jos\u00e9 Jorge (foto) recebeu uma boa not\u00edcia, ontem: O conselho de administra\u00e7\u00e3o do Instituto Brasileiro de Ensino, Desenvolvimento e Pesquisa (IDP) lhe conferiu o t\u00edtulo de Doutor Honoris Causa da institui\u00e7\u00e3o. A carta que comunicou ao ex-senador a concess\u00e3o da honraria \u00e9 assinada pelo diretor-geral do IDP, Francisco Schertel Ferreira Mendes, e pelo ministro do STF Gilmar Mendes, fundador e professor do IDP. A data da solenidade ainda n\u00e3o foi marcada.<\/p>\n","protected":false},"excerpt":{"rendered":"<p>Coluna Bras\u00edlia-DF publicada na ter\u00e7a-feira, 9 de junho de 2026, por Denise Rothenburg Ainda que o presidente do PT, Edinho Silva, tenha recha\u00e7ado qualquer conversa com a governadora de Pernambuco, Raquel Lyra (PSD), o presidente Lula n\u00e3o poder\u00e1 se dar ao luxo de recusar apoio ao centro. O que se diz nos bastidores do partido \u00e9 que, se Lula quiser [&hellip;]<\/p>\n","protected":false},"author":29,"featured_media":13610,"comment_status":"closed","ping_status":"closed","sticky":false,"template":"","format":"standard","meta":{"footnotes":""},"categories":[1559,505,4,78,725,10,1448,1566,804,1571,5,1536,281],"tags":[555,20,47,98,383,23,949,637],"class_list":["post-13612","post","type-post","status-publish","format-standard","has-post-thumbnail","hentry","category-banco-master","category-camara-dos-deputados","category-coluna-brasilia-df","category-congresso","category-economia","category-eleicoes","category-eleicoes-2026","category-flavio-bolsonaro","category-governo-lula","category-pl","category-politica","category-pt","category-senado","tag-centro","tag-eleicoes","tag-flavio-bolsonaro","tag-lula","tag-pp","tag-pt","tag-ricardo-cappelli","tag-uniao-brasil"],"_links":{"self":[{"href":"https:\/\/blogs.correiobraziliense.com.br\/denise\/wp-json\/wp\/v2\/posts\/13612","targetHints":{"allow":["GET"]}}],"collection":[{"href":"https:\/\/blogs.correiobraziliense.com.br\/denise\/wp-json\/wp\/v2\/posts"}],"about":[{"href":"https:\/\/blogs.correiobraziliense.com.br\/denise\/wp-json\/wp\/v2\/types\/post"}],"author":[{"embeddable":true,"href":"https:\/\/blogs.correiobraziliense.com.br\/denise\/wp-json\/wp\/v2\/users\/29"}],"replies":[{"embeddable":true,"href":"https:\/\/blogs.correiobraziliense.com.br\/denise\/wp-json\/wp\/v2\/comments?post=13612"}],"version-history":[{"count":1,"href":"https:\/\/blogs.correiobraziliense.com.br\/denise\/wp-json\/wp\/v2\/posts\/13612\/revisions"}],"predecessor-version":[{"id":13613,"href":"https:\/\/blogs.correiobraziliense.com.br\/denise\/wp-json\/wp\/v2\/posts\/13612\/revisions\/13613"}],"wp:featuredmedia":[{"embeddable":true,"href":"https:\/\/blogs.correiobraziliense.com.br\/denise\/wp-json\/wp\/v2\/media\/13610"}],"wp:attachment":[{"href":"https:\/\/blogs.correiobraziliense.com.br\/denise\/wp-json\/wp\/v2\/media?parent=13612"}],"wp:term":[{"taxonomy":"category","embeddable":true,"href":"https:\/\/blogs.correiobraziliense.com.br\/denise\/wp-json\/wp\/v2\/categories?post=13612"},{"taxonomy":"post_tag","embeddable":true,"href":"https:\/\/blogs.correiobraziliense.com.br\/denise\/wp-json\/wp\/v2\/tags?post=13612"}],"curies":[{"name":"wp","href":"https:\/\/api.w.org\/{rel}","templated":true}]}}