{"id":13603,"date":"2026-06-04T14:52:40","date_gmt":"2026-06-04T17:52:40","guid":{"rendered":"https:\/\/blogs.correiobraziliense.com.br\/denise\/?p=13603"},"modified":"2026-06-04T14:52:40","modified_gmt":"2026-06-04T17:52:40","slug":"ex-embaixador-dos-eua-na-china-e-ex-conselheiro-da-casa-branca-participam-de-debate-exclusivo-em-sp","status":"publish","type":"post","link":"https:\/\/blogs.correiobraziliense.com.br\/denise\/ex-embaixador-dos-eua-na-china-e-ex-conselheiro-da-casa-branca-participam-de-debate-exclusivo-em-sp\/","title":{"rendered":"Ex-embaixador dos EUA na China e ex-conselheiro da Casa Branca participam de debate exclusivo em SP"},"content":{"rendered":"<figure id=\"attachment_13147\" aria-describedby=\"caption-attachment-13147\" style=\"width: 300px\" class=\"wp-caption alignleft\"><a href=\"https:\/\/blogs.correiobraziliense.com.br\/denise\/wp-content\/uploads\/sites\/12\/2026\/02\/55088777829-a25d5e9a93-z-64355523.jpg\"><img loading=\"lazy\" decoding=\"async\" class=\"size-medium wp-image-13147\" src=\"https:\/\/blogs.correiobraziliense.com.br\/denise\/wp-content\/uploads\/sites\/12\/2026\/02\/55088777829-a25d5e9a93-z-64355523-300x200.jpg\" alt=\"\" width=\"300\" height=\"200\" srcset=\"https:\/\/blogs.correiobraziliense.com.br\/denise\/wp-content\/uploads\/sites\/12\/2026\/02\/55088777829-a25d5e9a93-z-64355523-300x200.jpg 300w, https:\/\/blogs.correiobraziliense.com.br\/denise\/wp-content\/uploads\/sites\/12\/2026\/02\/55088777829-a25d5e9a93-z-64355523-768x512.jpg 768w, https:\/\/blogs.correiobraziliense.com.br\/denise\/wp-content\/uploads\/sites\/12\/2026\/02\/55088777829-a25d5e9a93-z-64355523-1024x683.jpg 1024w, https:\/\/blogs.correiobraziliense.com.br\/denise\/wp-content\/uploads\/sites\/12\/2026\/02\/55088777829-a25d5e9a93-z-64355523-1440x961.jpg 1440w, https:\/\/blogs.correiobraziliense.com.br\/denise\/wp-content\/uploads\/sites\/12\/2026\/02\/55088777829-a25d5e9a93-z-64355523-800x534.jpg 800w, https:\/\/blogs.correiobraziliense.com.br\/denise\/wp-content\/uploads\/sites\/12\/2026\/02\/55088777829-a25d5e9a93-z-64355523-550x367.jpg 550w, https:\/\/blogs.correiobraziliense.com.br\/denise\/wp-content\/uploads\/sites\/12\/2026\/02\/55088777829-a25d5e9a93-z-64355523-230x153.jpg 230w\" sizes=\"auto, (max-width: 300px) 100vw, 300px\" \/><\/a><figcaption id=\"caption-attachment-13147\" class=\"wp-caption-text\">Cr\u00e9dito: Saulo Cruz\/Ag\u00eancia Senado<\/figcaption><\/figure>\n<p><strong>Por Eduarda Esposito \u2014<\/strong> O ex-embaixador dos Estados Unidos na China e na Organiza\u00e7\u00e3o do Tratado do Atl\u00e2ntico Norte (Otan) Harvard Kennedy School \u2014 considerado um dos diplomatas mais experientes da pol\u00edtica externa norte-americana \u2014 e o ex-conselheiro da Casa Branca e ex-c\u00f4nsul dos EUA em S\u00e3o Paulo Ricardo Zuniga participam, na pr\u00f3xima ter\u00e7a-feira (9\/6), de um debate sobre a nova ordem econ\u00f4mica mundial. Al\u00e9m deles, o especialista em rela\u00e7\u00f5es EUA-China Nicholas Burns, o nome de refer\u00eancia em cadeias globais do agro e seguran\u00e7a alimentar Marcos Janks e o ex-presidente do Banco dos BRICS e especialista em com\u00e9rcio internacional e geopol\u00edtica Marcos Troyjo tamb\u00e9m estar\u00e3o presentes.<\/p>\n<p>O evento ocorre em meio a um turbilh\u00e3o vivido pela geopol\u00edtica global e com as recentes tens\u00f5es comerciais entre Brasil e Estados Unidos. O debate \u00e9 organizado pelo Instituto Di\u00e1logos, fundado pela senadora e ex-ministra da agricultura Tereza Cristina (PP-MS) e ser\u00e1 realizado no Teatro do Shopping Iguatemi, com a reuni\u00e3o de empres\u00e1rios, autoridades, diplomatas e representantes do setor produtivo.\u200b O ID foi criado com o objetivo de promover o debate plural e a difus\u00e3o de conhecimento sobre grandes temas presentes nos cen\u00e1rios nacional e internacional.<\/p>\n","protected":false},"excerpt":{"rendered":"<p>Por Eduarda Esposito \u2014 O ex-embaixador dos Estados Unidos na China e na Organiza\u00e7\u00e3o do Tratado do Atl\u00e2ntico Norte (Otan) Harvard Kennedy School \u2014 considerado um dos diplomatas mais experientes da pol\u00edtica externa norte-americana \u2014 e o ex-conselheiro da Casa Branca e ex-c\u00f4nsul dos EUA em S\u00e3o Paulo Ricardo Zuniga participam, na pr\u00f3xima ter\u00e7a-feira (9\/6), de um debate sobre a [&hellip;]<\/p>\n","protected":false},"author":29,"featured_media":13431,"comment_status":"closed","ping_status":"closed","sticky":false,"template":"","format":"standard","meta":{"footnotes":""},"categories":[725,1343,5,281,1342],"tags":[283,1237,379,101,1665,1346],"class_list":["post-13603","post","type-post","status-publish","format-standard","has-post-thumbnail","hentry","category-economia","category-eua","category-politica","category-senado","category-tarifaco-de-trump","tag-agricultura","tag-brasil","tag-economia","tag-eua","tag-setor-produtivo","tag-tarifaco"],"_links":{"self":[{"href":"https:\/\/blogs.correiobraziliense.com.br\/denise\/wp-json\/wp\/v2\/posts\/13603","targetHints":{"allow":["GET"]}}],"collection":[{"href":"https:\/\/blogs.correiobraziliense.com.br\/denise\/wp-json\/wp\/v2\/posts"}],"about":[{"href":"https:\/\/blogs.correiobraziliense.com.br\/denise\/wp-json\/wp\/v2\/types\/post"}],"author":[{"embeddable":true,"href":"https:\/\/blogs.correiobraziliense.com.br\/denise\/wp-json\/wp\/v2\/users\/29"}],"replies":[{"embeddable":true,"href":"https:\/\/blogs.correiobraziliense.com.br\/denise\/wp-json\/wp\/v2\/comments?post=13603"}],"version-history":[{"count":1,"href":"https:\/\/blogs.correiobraziliense.com.br\/denise\/wp-json\/wp\/v2\/posts\/13603\/revisions"}],"predecessor-version":[{"id":13604,"href":"https:\/\/blogs.correiobraziliense.com.br\/denise\/wp-json\/wp\/v2\/posts\/13603\/revisions\/13604"}],"wp:featuredmedia":[{"embeddable":true,"href":"https:\/\/blogs.correiobraziliense.com.br\/denise\/wp-json\/wp\/v2\/media\/13431"}],"wp:attachment":[{"href":"https:\/\/blogs.correiobraziliense.com.br\/denise\/wp-json\/wp\/v2\/media?parent=13603"}],"wp:term":[{"taxonomy":"category","embeddable":true,"href":"https:\/\/blogs.correiobraziliense.com.br\/denise\/wp-json\/wp\/v2\/categories?post=13603"},{"taxonomy":"post_tag","embeddable":true,"href":"https:\/\/blogs.correiobraziliense.com.br\/denise\/wp-json\/wp\/v2\/tags?post=13603"}],"curies":[{"name":"wp","href":"https:\/\/api.w.org\/{rel}","templated":true}]}}