{"id":1107,"date":"2016-12-21T12:05:31","date_gmt":"2016-12-21T14:05:31","guid":{"rendered":"https:\/\/blogs.correiobraziliense.com.br\/denise\/?p=1107"},"modified":"2016-12-21T12:06:09","modified_gmt":"2016-12-21T14:06:09","slug":"reforma-da-previdencia-no-cb-poder-de-hoje","status":"publish","type":"post","link":"https:\/\/blogs.correiobraziliense.com.br\/denise\/reforma-da-previdencia-no-cb-poder-de-hoje\/","title":{"rendered":"Reforma da Previd\u00eancia no CB.Poder de hoje"},"content":{"rendered":"<p><a href=\"https:\/\/blogs.correiobraziliense.com.br\/denise\/wp-content\/uploads\/sites\/12\/2016\/12\/2016-12-20-PHOTO-00000881-1.jpg\" rel=\"attachment wp-att-1106\"><img loading=\"lazy\" decoding=\"async\" src=\"https:\/\/blogs.correiobraziliense.com.br\/denise\/wp-content\/uploads\/sites\/12\/2016\/12\/2016-12-20-PHOTO-00000881-1-300x225.jpg\" alt=\"2016-12-20-PHOTO-00000881 (1)\" width=\"300\" height=\"225\" class=\"alignnone size-medium wp-image-1106\" \/><\/a><\/p>\n<p>   No CB.Poder de hoje, o secret\u00e1rio de Previd\u00eancia, Marcelo Caetano, comenta a reforma previdenci\u00e1ria enviada ao Congresso, tema que promete ser o centro das aten\u00e7\u00f5es em 2017. Na TV Bras\u00edlia, 13h30, com reapresenta\u00e7\u00e3o \u00e0 meia-noite. N\u00e3o perca!<\/p>\n","protected":false},"excerpt":{"rendered":"<p>No CB.Poder de hoje, o secret\u00e1rio de Previd\u00eancia, Marcelo Caetano, comenta a reforma previdenci\u00e1ria enviada ao Congresso, tema que promete ser o centro das aten\u00e7\u00f5es em 2017. Na TV Bras\u00edlia, 13h30, com reapresenta\u00e7\u00e3o \u00e0 meia-noite. N\u00e3o perca!<\/p>\n","protected":false},"author":29,"featured_media":0,"comment_status":"closed","ping_status":"closed","sticky":false,"template":"","format":"standard","meta":{"footnotes":""},"categories":[15],"tags":[],"class_list":["post-1107","post","type-post","status-publish","format-standard","hentry","category-cb-poder-nacional"],"_links":{"self":[{"href":"https:\/\/blogs.correiobraziliense.com.br\/denise\/wp-json\/wp\/v2\/posts\/1107","targetHints":{"allow":["GET"]}}],"collection":[{"href":"https:\/\/blogs.correiobraziliense.com.br\/denise\/wp-json\/wp\/v2\/posts"}],"about":[{"href":"https:\/\/blogs.correiobraziliense.com.br\/denise\/wp-json\/wp\/v2\/types\/post"}],"author":[{"embeddable":true,"href":"https:\/\/blogs.correiobraziliense.com.br\/denise\/wp-json\/wp\/v2\/users\/29"}],"replies":[{"embeddable":true,"href":"https:\/\/blogs.correiobraziliense.com.br\/denise\/wp-json\/wp\/v2\/comments?post=1107"}],"version-history":[{"count":2,"href":"https:\/\/blogs.correiobraziliense.com.br\/denise\/wp-json\/wp\/v2\/posts\/1107\/revisions"}],"predecessor-version":[{"id":1109,"href":"https:\/\/blogs.correiobraziliense.com.br\/denise\/wp-json\/wp\/v2\/posts\/1107\/revisions\/1109"}],"wp:attachment":[{"href":"https:\/\/blogs.correiobraziliense.com.br\/denise\/wp-json\/wp\/v2\/media?parent=1107"}],"wp:term":[{"taxonomy":"category","embeddable":true,"href":"https:\/\/blogs.correiobraziliense.com.br\/denise\/wp-json\/wp\/v2\/categories?post=1107"},{"taxonomy":"post_tag","embeddable":true,"href":"https:\/\/blogs.correiobraziliense.com.br\/denise\/wp-json\/wp\/v2\/tags?post=1107"}],"curies":[{"name":"wp","href":"https:\/\/api.w.org\/{rel}","templated":true}]}}