{"id":1085,"date":"2016-12-10T06:19:48","date_gmt":"2016-12-10T08:19:48","guid":{"rendered":"https:\/\/blogs.correiobraziliense.com.br\/denise\/?p=1085"},"modified":"2016-12-10T03:28:04","modified_gmt":"2016-12-10T05:28:04","slug":"citados-eles-vao-as-ferias","status":"publish","type":"post","link":"https:\/\/blogs.correiobraziliense.com.br\/denise\/citados-eles-vao-as-ferias\/","title":{"rendered":"Citados, eles v\u00e3o \u00e0s f\u00e9rias&#8230;"},"content":{"rendered":"<p>O governo pode at\u00e9 pensar em convocar o Congresso em janeiro para acelerar a reforma da Previd\u00eancia. Mas os parlamentares, em especial quem se v\u00ea levado a dar explica\u00e7\u00f5es \u00e0 Justi\u00e7a, n\u00e3o querem saber de pisar em Bras\u00edlia com a colabora\u00e7\u00e3o da Odebrecht fervendo neste ver\u00e3o. A maioria deseja votar o teto de gastos, as leis or\u00e7ament\u00e1rias, sumir do mapa e torcer para que, na volta do recesso, a poeira j\u00e1 tenha baixado.<\/p>\n<p>\u2026 E Michel, \u00e0s mudan\u00e7as<br \/>\nDiante dessa realidade, o presidente Michel Temer foi aconselhado a aproveitar o per\u00edodo para organizar melhor o governo, de forma a tentar salvar o pr\u00f3prio mandato que a colabora\u00e7\u00e3o premiada da Odebrecht chacoalha. A avalia\u00e7\u00e3o geral \u00e9 a de que o fato de estar no comando do pa\u00eds joga no colo de Temer grande parte do desgaste nesse processo. A ordem \u00e9 n\u00e3o se deixar derrubar com o barulho da bala e trabalhar para tentar sair da linha de tiro. Falta combinar com os advers\u00e1rios. Eduardo Cunha, inclusive.<\/p>\n<p>Mal-estar<\/p>\n<p>Os tucanos foram acusados pelos peemedebistas de tentarem transformar a indica\u00e7\u00e3o de Antonio Imbassahy para a secretaria de Governo em fato consumado antes que o presidente Michel Temer tivesse anunciado. Agora, \u00e9 aproveitar o fim de semana para tentar acalmar a todos. O  centr\u00e3o irritado com a escolha de Imbassahy, e o PSDB incomodado com a hesita\u00e7\u00e3o. \u00c9 o clima na base aliada cada vez pior.<\/p>\n<p>Na boca da base<\/p>\n<p>O nome de Antonio Imbassahy nem tinha circulado e senadores j\u00e1 reclamavam dessa grande proximidade entre PSDB e governo: \u201cA preocupa\u00e7\u00e3o do PSDB \u00e9 recuperar o poder. At\u00e9 se o Michel tiver uma popularidade de 90% em 2018, os tucanos ter\u00e3o candidato a presidente\u201d, dizem aliados do governo.<\/p>\n<p>Lula, a Zelotes e o PT<\/p>\n<p>A inten\u00e7\u00e3o de muitos integrantes do PT em eleger Lula presidente do partido foi colocada em xeque ontem, com a nova den\u00fancia sobre tr\u00e1fico de influ\u00eancia. H\u00e1 quem diga que, com tr\u00eas processos e um inqu\u00e9rito nas costas, o ex-presidente n\u00e3o ter\u00e1 condi\u00e7\u00f5es de comandar uma legenda dividida. O melhor \u00e9 preserv\u00e1-lo dessa briga interna para, se for poss\u00edvel,  lan\u00e7\u00e1-lo candidato a presidente da Rep\u00fablica em 2018. Afinal, diante do lama\u00e7al que se transformou a pol\u00edtica, \u00e9 bem capaz que o povo perdoe o ex-presidente e o reeleja. Essa \u00e9 hoje a esperan\u00e7a do PT.<\/p>\n<p>Quem cala consente<\/p>\n<p>Nomeado relator da lei de abuso de autoridade em 2009, o senador Romero Juc\u00e1 (PMDB-RR) mandou centenas de of\u00edcios a comandantes de institui\u00e7\u00f5es p\u00fablicas pedindo sugest\u00f5es para o texto. N\u00e3o recebeu respostas.<\/p>\n<p>Amigos de ocasi\u00e3o\/ O presidente do Senado, Renan Calheiros, n\u00e3o esquece aqueles que chegaram na primeira hora a seu gabinete, antes de o Supremo Tribunal Federal (STF) decidir mant\u00ea-lo no cargo. E registrou: Os tucanos come\u00e7aram a chegar s\u00f3 depois do voto de Celso de Mello, dando a senha para que o senador permanecesse no cargo.<\/p>\n<p>Ironia da ocasi\u00e3o\/ Justamente na semana em que Renan Calheiros descumpriu a liminar do ministro Marco Aur\u00e9lio de Mello, vem \u00e0 tona a preliminar da dela\u00e7\u00e3o do executivo da Odebrecht Cl\u00e1udio Mello  em que o senador alagoano \u00e9 tratado como \u201cJusti\u00e7a\u201d.  Nada \u00e9 por acaso.<\/p>\n<p>Pris\u00e3o domiciliar?\/ Na semana passada, foi o deputado An\u00edbal Gomes que ouviu poucas e boas no aeroporto de Fortaleza. Chegou ao ponto de seu seguran\u00e7a socar um cidad\u00e3o. Agora, foi o governador de Minas Gerais, Fernando Pimentel, ser chamado de \u201cladr\u00e3o\u201d num shopping em S\u00e3o Paulo. O v\u00eddeo viralizou nas redes sociais.<\/p>\n<p>Enquanto isso, no Cear\u00e1&#8230;\/ O governador Camilo Santana, do PT (foto) , n\u00e3o escondeu o desconforto ontem ao se ver obrigado a aplaudir um discurso do senador Eun\u00edcio Oliveira, na solenidade do programa Minha Casa\/Minha Vida. Os dois s\u00e3o advers\u00e1rios ferrenhos e mal se cumprimentam. O pr\u00f3prio Temer foi frio, a cada vez que Camilo puxava conversa. O governador \u00e9 ligado ao ex-ministro Ciro Gomes, aquele que j\u00e1 chamou o PMDB de quadrilha.<\/p>\n","protected":false},"excerpt":{"rendered":"<p>O governo pode at\u00e9 pensar em convocar o Congresso em janeiro para acelerar a reforma da Previd\u00eancia. Mas os parlamentares, em especial quem se v\u00ea levado a dar explica\u00e7\u00f5es \u00e0 Justi\u00e7a, n\u00e3o querem saber de pisar em Bras\u00edlia com a colabora\u00e7\u00e3o da Odebrecht fervendo neste ver\u00e3o. A maioria deseja votar o teto de gastos, as leis or\u00e7ament\u00e1rias, sumir do mapa [&hellip;]<\/p>\n","protected":false},"author":29,"featured_media":0,"comment_status":"closed","ping_status":"closed","sticky":false,"template":"","format":"standard","meta":{"footnotes":""},"categories":[4],"tags":[],"class_list":["post-1085","post","type-post","status-publish","format-standard","hentry","category-coluna-brasilia-df"],"_links":{"self":[{"href":"https:\/\/blogs.correiobraziliense.com.br\/denise\/wp-json\/wp\/v2\/posts\/1085","targetHints":{"allow":["GET"]}}],"collection":[{"href":"https:\/\/blogs.correiobraziliense.com.br\/denise\/wp-json\/wp\/v2\/posts"}],"about":[{"href":"https:\/\/blogs.correiobraziliense.com.br\/denise\/wp-json\/wp\/v2\/types\/post"}],"author":[{"embeddable":true,"href":"https:\/\/blogs.correiobraziliense.com.br\/denise\/wp-json\/wp\/v2\/users\/29"}],"replies":[{"embeddable":true,"href":"https:\/\/blogs.correiobraziliense.com.br\/denise\/wp-json\/wp\/v2\/comments?post=1085"}],"version-history":[{"count":1,"href":"https:\/\/blogs.correiobraziliense.com.br\/denise\/wp-json\/wp\/v2\/posts\/1085\/revisions"}],"predecessor-version":[{"id":1086,"href":"https:\/\/blogs.correiobraziliense.com.br\/denise\/wp-json\/wp\/v2\/posts\/1085\/revisions\/1086"}],"wp:attachment":[{"href":"https:\/\/blogs.correiobraziliense.com.br\/denise\/wp-json\/wp\/v2\/media?parent=1085"}],"wp:term":[{"taxonomy":"category","embeddable":true,"href":"https:\/\/blogs.correiobraziliense.com.br\/denise\/wp-json\/wp\/v2\/categories?post=1085"},{"taxonomy":"post_tag","embeddable":true,"href":"https:\/\/blogs.correiobraziliense.com.br\/denise\/wp-json\/wp\/v2\/tags?post=1085"}],"curies":[{"name":"wp","href":"https:\/\/api.w.org\/{rel}","templated":true}]}}