{"id":1062,"date":"2016-12-02T14:05:32","date_gmt":"2016-12-02T16:05:32","guid":{"rendered":"https:\/\/blogs.correiobraziliense.com.br\/denise\/?p=1062"},"modified":"2016-12-02T14:06:47","modified_gmt":"2016-12-02T16:06:47","slug":"temer-concorda-com-moro","status":"publish","type":"post","link":"https:\/\/blogs.correiobraziliense.com.br\/denise\/temer-concorda-com-moro\/","title":{"rendered":"Temer concorda com Moro"},"content":{"rendered":"<p>   Num encontro ontem com cinco senadores onde o tema central foi economia, o presidente Michel Temer, professor de direito constitucional, comentou que considera corretas as  emendas que o juiz S\u00e9rgio Moro sugeriu \u00e0 lei de abuso de autoridade em tramita\u00e7\u00e3o no Senado, j\u00e1 apresentadas pelo futuro l\u00edder do PSDB, Ricardo Ferra\u00e7o (ES). Uma delas explicita que mera diverg\u00eancia na interpreta\u00e7\u00e3o da lei durante avalia\u00e7\u00e3o de fatos e provas n\u00e3o pode constituir crime. Afinal, um juiz tem que ter autoridade para interpretar a lei. <\/p>\n<p>   O presidente se disse ainda \u201caliviado\u201d, porque ao rejeitarem a urg\u00eancia de vota\u00e7\u00e3o das dez medidas de corrup\u00e7\u00e3o. \u201cVoc\u00eas tiraram esse assunto do meu colo\u201d, disse Temer. Afinal, se ele veta o texto, briga com o Parlamento que o apoia. Se sanciona, briga com o povo que j\u00e1 n\u00e3o \u00e9 l\u00e1 muito amigo do governo.<\/p>\n<p>Press\u00e3o sobre Toffoli<br \/>\n  Com Renan r\u00e9u no Supremo Tribunal Federal, aumenta a press\u00e3o sobre o ministro Antonio Dias Toffoli entregue logo sua posi\u00e7\u00e3o sobre r\u00e9us na linha sucess\u00f3ria da Presid\u00eancia da Rep\u00fablica. Ele pediu vistas e at\u00e9 hoje nada. <\/p>\n<p>Preocupa\u00e7\u00e3o suprapartid\u00e1ria<br \/>\n   N\u00e3o, pessoal. N\u00e3o \u00e9 a lista da Odebrecht. O que preocupa para valer os senadores que estiveram ontem no Alvorada com Michel Temer \u00e9 a situa\u00e7\u00e3o da economia. Do PSDB, Jos\u00e9 An\u00edbal (SP), Ricardo Ferra\u00e7o (ES) e Tasso Jereissati (CE). Do PPS, Cristovam Buarque (DF). Do PTB, Armando Monteiro Neto (PE), ex-ministro de Desenvolvimento, Ind\u00fastria e Com\u00e9rcio do governo Dilma e ex-presidente da Confedera\u00e7\u00e3o Nacional da Ind\u00fastria (CNI).<\/p>\n<p>Precisa mais<br \/>\n   No encontro com Temer, os senadores disseram que o teto de gastos e a reforma previdenci\u00e1ria n\u00e3o ser\u00e3o suficientes para destravar a economia. Na semana que vem, eles v\u00e3o se reunir com ministros para discutir propostas de redistribui\u00e7\u00e3o da atual carga tribut\u00e1ria, de forma a aliviar a produ\u00e7\u00e3o e os sal\u00e1rios. <\/p>\n<p>Paradinhos a\u00ed!<br \/>\n    Os tucanos come\u00e7am a puxar o tapete de Renan Calheiros. O deputado Luiz Carlos Hauly e Domingos S\u00e1vio sugerem que n\u00e3o se vote nada relativo a mudan\u00e7as na lei de abuso de autoridade, nem as medidas contra a corrup\u00e7\u00e3o enquanto n\u00e3o terminar a Lava Jato Falta combinar com o comando do Senado. Renan Calheiros \u00e9 visto hoje como algu\u00e9m que age para enquadrar a primeira inst\u00e2ncia e manter o foro privilegiado.<\/p>\n<p>CURTIDAS<\/p>\n<p>Em campanha\/ O presidente da C\u00e2mara, Rodrigo Maia (DEM-RJ), janta hoje com o governador de Pernambuco, Paulo C\u00e2mara. Ser\u00e1 levado pelo deputado Her\u00e1clkito Fortes (PSB-PI). <\/p>\n<p>Rosso e Jovair\/ Os deputados do PTB v\u00e3o deflagrar uma press\u00e3o para que Rog\u00e9rio Rosso (PSD-DF) desista de concorrer \u00e0 Presid\u00eancia da C\u00e2mara para apoiar o l\u00edder petebista,  Jovair Arantes. Arantes apoiou Rosso na disputa do mandato tamp\u00e3o. Agora, dizem os petebistas, \u00e9 hora de retribuir. <\/p>\n<p>Moral da hist\u00f3ria\/ Os petistas ficaram em alerta total quando o senador Lindbergh Farias (PT-RJ) cobrou do juiz S\u00e9rgio Moro as grava\u00e7\u00f5es de conversas telef\u00f4nicas  de Lula. d. Marisa Let\u00edcia, filho e nora __ aquelas que vazaram, constrangendo o ex-presidente e seus familiares. Moro disse apenas que era magistrado e n\u00e3o iria comentar processos pendentes. Para o PT, foi um recado claro de que o inferno astral de Lula n\u00e3o acabou. <\/p>\n<p>Estresse na embaixada\/ O cerimonial e a equipe francesa que preparou a tradicional festa de apresenta\u00e7\u00e3o do Beaujolais Nouveau viveram dias de estresse. Os queijos vindos de Marseille para o evento de ontem ficaram cinco dias retidos na alf\u00e2ndega e s\u00f3 foram liberados na v\u00e9spera da recep\u00e7\u00e3o na resid\u00eancia do embaixador Laurent Bili.<\/p>\n","protected":false},"excerpt":{"rendered":"<p>Num encontro ontem com cinco senadores onde o tema central foi economia, o presidente Michel Temer, professor de direito constitucional, comentou que considera corretas as emendas que o juiz S\u00e9rgio Moro sugeriu \u00e0 lei de abuso de autoridade em tramita\u00e7\u00e3o no Senado, j\u00e1 apresentadas pelo futuro l\u00edder do PSDB, Ricardo Ferra\u00e7o (ES). Uma delas explicita que mera diverg\u00eancia na interpreta\u00e7\u00e3o [&hellip;]<\/p>\n","protected":false},"author":29,"featured_media":0,"comment_status":"closed","ping_status":"closed","sticky":false,"template":"","format":"standard","meta":{"footnotes":""},"categories":[4],"tags":[],"class_list":["post-1062","post","type-post","status-publish","format-standard","hentry","category-coluna-brasilia-df"],"_links":{"self":[{"href":"https:\/\/blogs.correiobraziliense.com.br\/denise\/wp-json\/wp\/v2\/posts\/1062","targetHints":{"allow":["GET"]}}],"collection":[{"href":"https:\/\/blogs.correiobraziliense.com.br\/denise\/wp-json\/wp\/v2\/posts"}],"about":[{"href":"https:\/\/blogs.correiobraziliense.com.br\/denise\/wp-json\/wp\/v2\/types\/post"}],"author":[{"embeddable":true,"href":"https:\/\/blogs.correiobraziliense.com.br\/denise\/wp-json\/wp\/v2\/users\/29"}],"replies":[{"embeddable":true,"href":"https:\/\/blogs.correiobraziliense.com.br\/denise\/wp-json\/wp\/v2\/comments?post=1062"}],"version-history":[{"count":1,"href":"https:\/\/blogs.correiobraziliense.com.br\/denise\/wp-json\/wp\/v2\/posts\/1062\/revisions"}],"predecessor-version":[{"id":1063,"href":"https:\/\/blogs.correiobraziliense.com.br\/denise\/wp-json\/wp\/v2\/posts\/1062\/revisions\/1063"}],"wp:attachment":[{"href":"https:\/\/blogs.correiobraziliense.com.br\/denise\/wp-json\/wp\/v2\/media?parent=1062"}],"wp:term":[{"taxonomy":"category","embeddable":true,"href":"https:\/\/blogs.correiobraziliense.com.br\/denise\/wp-json\/wp\/v2\/categories?post=1062"},{"taxonomy":"post_tag","embeddable":true,"href":"https:\/\/blogs.correiobraziliense.com.br\/denise\/wp-json\/wp\/v2\/tags?post=1062"}],"curies":[{"name":"wp","href":"https:\/\/api.w.org\/{rel}","templated":true}]}}