{"id":68,"date":"2018-10-31T16:51:46","date_gmt":"2018-10-31T19:51:46","guid":{"rendered":"https:\/\/blogs.correiobraziliense.com.br\/datempo\/?p=68"},"modified":"2018-11-05T19:28:52","modified_gmt":"2018-11-05T21:28:52","slug":"idosas-tambem-devem-se-preocupar-com-o-cancer-de-mama","status":"publish","type":"post","link":"https:\/\/blogs.correiobraziliense.com.br\/datempo\/2018\/10\/31\/idosas-tambem-devem-se-preocupar-com-o-cancer-de-mama\/","title":{"rendered":"Idosas tamb\u00e9m devem se preocupar com o c\u00e2ncer de mama"},"content":{"rendered":"<p>O c\u00e2ncer de mama detectado em mulheres que est\u00e3o na terceira idade geralmente \u00e9 menos agressivo. Mas o h\u00e1bito entre idosas de n\u00e3o tomar os cuidados preventivos, como fazer o autoexame, pode dificultar o tratamento da doen\u00e7a. Como em qualquer idade, quanto antes o tumor for descoberto, maiores as chances de cura. E o fato de ter passado dos 60 anos n\u00e3o \u00e9, por si s\u00f3, um limitador do tratamento.<br \/>\n\u201cHoje, as idosas t\u00eam boa perspectiva de vida. Chegam aos 70 muito bem e v\u00e3o viver mais 20, 30 anos. Por isso, \u00e9 t\u00e3o importante fazer a preven\u00e7\u00e3o\u201d, defende S\u00e9rgio Simon, presidente da Sociedade Brasileira de Oncologia Cl\u00ednica (SBOC). O m\u00e9dico conta que a paciente mais idosa que acompanhou tinha 99 anos. \u201cEla n\u00e3o abriu m\u00e3o de fazer a quimioterapia junto com a neta, que tamb\u00e9m estava com tumor\u201d, lembra. \u201cFoi curada do c\u00e2ncer e morreu por outro motivo. A idade n\u00e3o foi um problema.\u201d<br \/>\nS\u00e9rgio Simon explica que, muitas vezes, o tratamento de c\u00e2ncer de mama em mulheres mais velhas \u00e9 feito com terapia hormonal. \u201cEm geral, o idoso n\u00e3o aceita bem a quimioterapia. Por isso, o tratamento tem que ser adaptado\u201d, explica. A mastologista Maria Aparecida Freitas ressalta que outro dificultador s\u00e3o as comorbidades. Al\u00e9m do c\u00e2ncer, a paciente costuma ter hipertens\u00e3o, diabetes, sequelas de um derrame. \u201cNessas condi\u00e7\u00f5es, nem sempre o tratamento pode ser feito da melhor poss\u00edvel\u201d, diz.<\/p>\n<h3>Palp\u00e1veis<\/h3>\n<p>Segundo a m\u00e9dica, que tamb\u00e9m diretora de Rela\u00e7\u00f5es com a Comunidade da Associa\u00e7\u00e3o M\u00e9dica de Bras\u00edlia (AMB), depois dos 80 anos, 90% dos casos s\u00e3o de tumores de mama palp\u00e1veis. Por isso, a import\u00e2ncia de estar sempre alerta quanto \u00e0 doen\u00e7a e ter o acompanhamento de um profissional que respeite as especificidades da paciente.<br \/>\nDecidir sobre at\u00e9 quando \u00e9 preciso fazer mamografia anual, por exemplo, depende da condi\u00e7\u00e3o da mulher. \u00d3rg\u00e3os de sa\u00fade definem as idades m\u00ednima e m\u00e1xima entre os 40 e os 75 anos. \u201cSe a pessoa fez um rastreamento correto at\u00e9 os 75, talvez possa discutir com o m\u00e9dico outra periodicidade. Tudo precisa ser muito bem conversado e analisado\u201d, diz Maria Aparecida Freitas.<br \/>\nS\u00e9rgio Simon faz o mesmo alerta. \u201cA escolha do tratamento e do tipo de preven\u00e7\u00e3o demanda muito cuidado e experi\u00eancia do m\u00e9dico.\u201d A idade m\u00e9dia de descoberta do c\u00e2ncer de mama no Brasil \u00e9 53 anos. Nos Estados Unidos, que t\u00eam uma parcela maior da popula\u00e7\u00e3o na terceira idade, o valor sobe para 62.<\/p>\n","protected":false},"excerpt":{"rendered":"<p>O c\u00e2ncer de mama detectado em mulheres que est\u00e3o na terceira idade geralmente \u00e9 menos agressivo. Mas o h\u00e1bito entre idosas de n\u00e3o tomar os cuidados preventivos, como fazer o autoexame, pode dificultar o tratamento da doen\u00e7a. Como em qualquer idade, quanto antes o tumor for descoberto, maiores as chances de cura. E o fato de ter passado dos 60 [&hellip;]<\/p>\n","protected":false},"author":99,"featured_media":71,"comment_status":"open","ping_status":"closed","sticky":false,"template":"","format":"standard","meta":{"footnotes":""},"categories":[2,3],"tags":[14,15,6],"class_list":["post-68","post","type-post","status-publish","format-standard","has-post-thumbnail","hentry","category-longevidade","category-saude","tag-cancer-de-mama","tag-outubro-rosa","tag-saude"],"_links":{"self":[{"href":"https:\/\/blogs.correiobraziliense.com.br\/datempo\/wp-json\/wp\/v2\/posts\/68","targetHints":{"allow":["GET"]}}],"collection":[{"href":"https:\/\/blogs.correiobraziliense.com.br\/datempo\/wp-json\/wp\/v2\/posts"}],"about":[{"href":"https:\/\/blogs.correiobraziliense.com.br\/datempo\/wp-json\/wp\/v2\/types\/post"}],"author":[{"embeddable":true,"href":"https:\/\/blogs.correiobraziliense.com.br\/datempo\/wp-json\/wp\/v2\/users\/99"}],"replies":[{"embeddable":true,"href":"https:\/\/blogs.correiobraziliense.com.br\/datempo\/wp-json\/wp\/v2\/comments?post=68"}],"version-history":[{"count":4,"href":"https:\/\/blogs.correiobraziliense.com.br\/datempo\/wp-json\/wp\/v2\/posts\/68\/revisions"}],"predecessor-version":[{"id":93,"href":"https:\/\/blogs.correiobraziliense.com.br\/datempo\/wp-json\/wp\/v2\/posts\/68\/revisions\/93"}],"wp:featuredmedia":[{"embeddable":true,"href":"https:\/\/blogs.correiobraziliense.com.br\/datempo\/wp-json\/wp\/v2\/media\/71"}],"wp:attachment":[{"href":"https:\/\/blogs.correiobraziliense.com.br\/datempo\/wp-json\/wp\/v2\/media?parent=68"}],"wp:term":[{"taxonomy":"category","embeddable":true,"href":"https:\/\/blogs.correiobraziliense.com.br\/datempo\/wp-json\/wp\/v2\/categories?post=68"},{"taxonomy":"post_tag","embeddable":true,"href":"https:\/\/blogs.correiobraziliense.com.br\/datempo\/wp-json\/wp\/v2\/tags?post=68"}],"curies":[{"name":"wp","href":"https:\/\/api.w.org\/{rel}","templated":true}]}}