{"id":646,"date":"2021-04-15T17:56:54","date_gmt":"2021-04-15T20:56:54","guid":{"rendered":"https:\/\/blogs.correiobraziliense.com.br\/datempo\/?p=646"},"modified":"2021-04-15T17:56:54","modified_gmt":"2021-04-15T20:56:54","slug":"numero-de-idosos-com-demencia-mais-que-dobra-no-brasil-em-30-anos","status":"publish","type":"post","link":"https:\/\/blogs.correiobraziliense.com.br\/datempo\/2021\/04\/15\/numero-de-idosos-com-demencia-mais-que-dobra-no-brasil-em-30-anos\/","title":{"rendered":"N\u00famero de idosos com dem\u00eancia mais que dobra no Brasil, em 30 anos"},"content":{"rendered":"<figure id=\"attachment_647\" aria-describedby=\"caption-attachment-647\" style=\"width: 997px\" class=\"wp-caption aligncenter\"><a href=\"https:\/\/blogs.correiobraziliense.com.br\/datempo\/wp-content\/uploads\/sites\/46\/2021\/04\/idoso-valendo.jpg\"><img loading=\"lazy\" decoding=\"async\" class=\"size-full wp-image-647\" src=\"https:\/\/blogs.correiobraziliense.com.br\/datempo\/wp-content\/uploads\/sites\/46\/2021\/04\/idoso-valendo.jpg\" alt=\"\" width=\"997\" height=\"592\" srcset=\"https:\/\/blogs.correiobraziliense.com.br\/datempo\/wp-content\/uploads\/sites\/46\/2021\/04\/idoso-valendo.jpg 997w, https:\/\/blogs.correiobraziliense.com.br\/datempo\/wp-content\/uploads\/sites\/46\/2021\/04\/idoso-valendo-300x178.jpg 300w, https:\/\/blogs.correiobraziliense.com.br\/datempo\/wp-content\/uploads\/sites\/46\/2021\/04\/idoso-valendo-768x456.jpg 768w, https:\/\/blogs.correiobraziliense.com.br\/datempo\/wp-content\/uploads\/sites\/46\/2021\/04\/idoso-valendo-800x475.jpg 800w, https:\/\/blogs.correiobraziliense.com.br\/datempo\/wp-content\/uploads\/sites\/46\/2021\/04\/idoso-valendo-550x327.jpg 550w, https:\/\/blogs.correiobraziliense.com.br\/datempo\/wp-content\/uploads\/sites\/46\/2021\/04\/idoso-valendo-230x137.jpg 230w\" sizes=\"auto, (max-width: 997px) 100vw, 997px\" \/><\/a><figcaption id=\"caption-attachment-647\" class=\"wp-caption-text\">Foto: Marcelo Ferreira\/CB\/D.A Press.<\/figcaption><\/figure>\n<p>&nbsp;<\/p>\n<p>Em 30 anos, a quantidade de pessoas diagnosticadas com dem\u00eancias mais que dobrou no Brasil. E a tend\u00eancia \u00e9 de que esse fen\u00f4meno tome propor\u00e7\u00f5es ainda maiores. At\u00e9 2050, a doen\u00e7a de <a href=\"https:\/\/blogs.correiobraziliense.com.br\/datempo\/2020\/09\/18\/quedas-podem-ser-sinal-de-que-o-alzheimer-esta-comecando\/\">Alzheimer<\/a>, tipo mais comum de dem\u00eancia, pode quadruplicar na popula\u00e7\u00e3o brasileira caso\u00a0n\u00e3o sejam adotadas medidas efetivas de preven\u00e7\u00e3o.<\/p>\n<p>O cen\u00e1rio foi tra\u00e7ado por pesquisadores de universidades do Brasil e da Austr\u00e1lia em um estudo divulgado nesta semana, na <em>Revista Brasileira de Epidemiologia.<\/em> A equipe analisou dados do Estudo Longitudinal da Sa\u00fade dos Idosos Brasileiros (ELSI-Brasil), realizado em 2015 e 2016, e question\u00e1rios respondidos por 9.412 adultos com ao menos 50 anos. A investiga\u00e7\u00e3o tamb\u00e9m mostrou que, no Brasil, a propor\u00e7\u00e3o de pessoas com Alzheimer aumentou 127% em tr\u00eas d\u00e9cadas.<\/p>\n<p>O Alzheimer \u00e9 o tipo mais comum de dem\u00eancia, respons\u00e1vel por aproximadamente 70% dos casos, e tem o envelhecimento como fator de risco. Na amostra analisada, a probabilidade de diagn\u00f3stico do Alzheimer aumentou 11% para cada ano a mais vivido.<\/p>\n<p>Natan Feter, um dos autores do estudo e pesquisador da Universidade Federal de Pelotas e da Universidade de Queensland, enfatiza que, considerando o processo de envelhecimento da popula\u00e7\u00e3o brasileira, as autoridades precisam olhar com aten\u00e7\u00e3o para os dados obtidos.<\/p>\n<p>\u201cEsperamos que os gestores, pol\u00edticos e profissionais da sa\u00fade possam usar essas informa\u00e7\u00f5es para ajudar a melhorar a qualidade de vida de pessoas com doen\u00e7a de Alzheimer no Brasil\u201d, enfatiza Feter, em entrevista \u00e0 <a href=\"https:\/\/abori.com.br\/\">Ag\u00eancia Bori<\/a>. H\u00e1 atualmente no pa\u00eds cerca de 30 milh\u00f5es de idosos, o equivalente a 14% da popula\u00e7\u00e3o. A estimativa do IBGE \u00e9 de que, em 2060, 25% da popula\u00e7\u00e3o tenha 60 anos ou mais.<\/p>\n<h3>Solid\u00e3o<\/h3>\n<p>A pesquisa tamb\u00e9m sinalizou demandas psicol\u00f3gicas entre os idosos com Alzheimer. Os ouvidos pelos cientistas relataram quadros de <a href=\"https:\/\/blogs.correiobraziliense.com.br\/datempo\/2021\/03\/31\/na-pandemia-idosos-do-brasil-enfrentam-solidao-e-queda-da-renda-familiar\/\">solid\u00e3o<\/a>, depress\u00e3o e tristeza. Feter conta que dois em cada tr\u00eas disseram se sentir deprimidos ou tristes na maior parte do tempo.<\/p>\n<p>O abandono familiar e o sentimento de inutilidade est\u00e3o entre as principais causas de depress\u00e3o em idosos. Como as dem\u00eancias tendem a ser debilitantes, \u00e9 esperado que os pacientes comecem a desenvolver quadros depressivos. H\u00e1 ainda a possibilidade de a depress\u00e3o ser um fator preditivo do Alzheimer e da doen\u00e7a de Parkinson. Por isso, a import\u00e2ncia de estar atento \u00e0 sa\u00fade mental dos idosos, alertam especialistas.<\/p>\n","protected":false},"excerpt":{"rendered":"<p>&nbsp; Em 30 anos, a quantidade de pessoas diagnosticadas com dem\u00eancias mais que dobrou no Brasil. E a tend\u00eancia \u00e9 de que esse fen\u00f4meno tome propor\u00e7\u00f5es ainda maiores. At\u00e9 2050, a doen\u00e7a de Alzheimer, tipo mais comum de dem\u00eancia, pode quadruplicar na popula\u00e7\u00e3o brasileira caso\u00a0n\u00e3o sejam adotadas medidas efetivas de preven\u00e7\u00e3o. O cen\u00e1rio foi tra\u00e7ado por pesquisadores de universidades do [&hellip;]<\/p>\n","protected":false},"author":99,"featured_media":647,"comment_status":"open","ping_status":"closed","sticky":false,"template":"","format":"standard","meta":{"footnotes":""},"categories":[28,77,82,2,3,58],"tags":[30,21,56,4,6,59],"class_list":["post-646","post","type-post","status-publish","format-standard","has-post-thumbnail","hentry","category-alzheimer","category-demencia","category-envelhecimento","category-longevidade","category-saude","category-velhice","tag-alzheimer","tag-blogdatempo","tag-envelhecimento","tag-longevidade","tag-saude","tag-velhice"],"_links":{"self":[{"href":"https:\/\/blogs.correiobraziliense.com.br\/datempo\/wp-json\/wp\/v2\/posts\/646","targetHints":{"allow":["GET"]}}],"collection":[{"href":"https:\/\/blogs.correiobraziliense.com.br\/datempo\/wp-json\/wp\/v2\/posts"}],"about":[{"href":"https:\/\/blogs.correiobraziliense.com.br\/datempo\/wp-json\/wp\/v2\/types\/post"}],"author":[{"embeddable":true,"href":"https:\/\/blogs.correiobraziliense.com.br\/datempo\/wp-json\/wp\/v2\/users\/99"}],"replies":[{"embeddable":true,"href":"https:\/\/blogs.correiobraziliense.com.br\/datempo\/wp-json\/wp\/v2\/comments?post=646"}],"version-history":[{"count":3,"href":"https:\/\/blogs.correiobraziliense.com.br\/datempo\/wp-json\/wp\/v2\/posts\/646\/revisions"}],"predecessor-version":[{"id":650,"href":"https:\/\/blogs.correiobraziliense.com.br\/datempo\/wp-json\/wp\/v2\/posts\/646\/revisions\/650"}],"wp:featuredmedia":[{"embeddable":true,"href":"https:\/\/blogs.correiobraziliense.com.br\/datempo\/wp-json\/wp\/v2\/media\/647"}],"wp:attachment":[{"href":"https:\/\/blogs.correiobraziliense.com.br\/datempo\/wp-json\/wp\/v2\/media?parent=646"}],"wp:term":[{"taxonomy":"category","embeddable":true,"href":"https:\/\/blogs.correiobraziliense.com.br\/datempo\/wp-json\/wp\/v2\/categories?post=646"},{"taxonomy":"post_tag","embeddable":true,"href":"https:\/\/blogs.correiobraziliense.com.br\/datempo\/wp-json\/wp\/v2\/tags?post=646"}],"curies":[{"name":"wp","href":"https:\/\/api.w.org\/{rel}","templated":true}]}}