{"id":633,"date":"2021-02-25T18:14:15","date_gmt":"2021-02-25T21:14:15","guid":{"rendered":"https:\/\/blogs.correiobraziliense.com.br\/datempo\/?p=633"},"modified":"2021-02-25T18:14:15","modified_gmt":"2021-02-25T21:14:15","slug":"cientistas-testam-o-uso-de-ultrassom-para-curar-o-alzheimer","status":"publish","type":"post","link":"https:\/\/blogs.correiobraziliense.com.br\/datempo\/2021\/02\/25\/cientistas-testam-o-uso-de-ultrassom-para-curar-o-alzheimer\/","title":{"rendered":"Cientistas testam o uso de ultrassom para curar o Alzheimer"},"content":{"rendered":"<figure id=\"attachment_634\" aria-describedby=\"caption-attachment-634\" style=\"width: 997px\" class=\"wp-caption aligncenter\"><a href=\"https:\/\/blogs.correiobraziliense.com.br\/datempo\/wp-content\/uploads\/sites\/46\/2021\/02\/ultrassom-valendo.jpg\"><img loading=\"lazy\" decoding=\"async\" class=\"wp-image-634 size-full\" src=\"https:\/\/blogs.correiobraziliense.com.br\/datempo\/wp-content\/uploads\/sites\/46\/2021\/02\/ultrassom-valendo.jpg\" alt=\"\" width=\"997\" height=\"617\" srcset=\"https:\/\/blogs.correiobraziliense.com.br\/datempo\/wp-content\/uploads\/sites\/46\/2021\/02\/ultrassom-valendo.jpg 997w, https:\/\/blogs.correiobraziliense.com.br\/datempo\/wp-content\/uploads\/sites\/46\/2021\/02\/ultrassom-valendo-300x186.jpg 300w, https:\/\/blogs.correiobraziliense.com.br\/datempo\/wp-content\/uploads\/sites\/46\/2021\/02\/ultrassom-valendo-768x475.jpg 768w, https:\/\/blogs.correiobraziliense.com.br\/datempo\/wp-content\/uploads\/sites\/46\/2021\/02\/ultrassom-valendo-800x495.jpg 800w, https:\/\/blogs.correiobraziliense.com.br\/datempo\/wp-content\/uploads\/sites\/46\/2021\/02\/ultrassom-valendo-550x340.jpg 550w, https:\/\/blogs.correiobraziliense.com.br\/datempo\/wp-content\/uploads\/sites\/46\/2021\/02\/ultrassom-valendo-230x142.jpg 230w\" sizes=\"auto, (max-width: 997px) 100vw, 997px\" \/><\/a><figcaption id=\"caption-attachment-634\" class=\"wp-caption-text\">Rashi Mehta, da West Virginia, estuda a abordagem. Foto: Caylie Silveria\/West Virginia University<\/figcaption><\/figure>\n<p>O uso de ultrassom no c\u00e9rebro surge como um tratamento com potencial para curar o <a href=\"https:\/\/blogs.correiobraziliense.com.br\/datempo\/2020\/12\/21\/queijos-e-vinhos-podem-evitar-o-alzheimer-mostra-pesquisa-americana\/\">Alzheimer<\/a>. \u00c9 o que relatam pesquisadores da West Virginia University, nos Estados Unidos, em um estudo divulgado hoje, na revista cient\u00edfica<a href=\"https:\/\/pubs.rsna.org\/journal\/radiology\"> <em>Radiology.<\/em><\/a> A equipe observou o efeito da abordagem em tr\u00eas idosos \u2014 com 61, 72 e 73 anos \u2014, que foram submetidos \u00e0 emiss\u00e3o de ondas de ultrassom no hipocampo. Essa estrutura do c\u00e9rebro est\u00e1 ligada ao aprendizado e \u00e0 mem\u00f3ria, habilidades que s\u00e3o comprometidas pelo Alzheimer.<\/p>\n<p>Por meio de exames de resson\u00e2ncia magn\u00e9tica e usando um corante de realce \u2014 para facilitar a visualiza\u00e7\u00e3o do efeito do ultrassom \u2014, a equipe estadunidense percebeu que a terapia reduz a quantidade de prote\u00edna beta-amiloide no c\u00e9rebro. O ac\u00famulo dessa prote\u00edna est\u00e1 relacionado ao surgimento do Alzheimer.<\/p>\n<p>Rashi Mehta, l\u00edder do estudo, conta que, ap\u00f3s o uso do ultrassom, era poss\u00edvel perceber, na resson\u00e2ncia magn\u00e9tica, que o corante se movia ao longo das veias de drenagem cerebral. A hip\u00f3tese \u00e9 de que, ao estimular essa esp\u00e9cie de autolimpeza, as prote\u00ednas que comprometem o funcionamento dos neur\u00f4nios s\u00e3o &#8220;varridas\u201d do c\u00e9rebro.<\/p>\n<p>\u201cEssa observa\u00e7\u00e3o pode ser uma pista importante para a compreens\u00e3o do mecanismo fisiol\u00f3gico pelo qual o procedimento de ultrassom focalizado modifica os n\u00edveis de amiloide do c\u00e9rebro e pode ser usado para tratar pacientes com doen\u00e7a de Alzheimer e outros dist\u00farbios cerebrais\u201d, afirma Rashi Mehta, em comunicado.<\/p>\n<h3>Sem rem\u00e9dios<\/h3>\n<p>Nesse est\u00e1gio dos testes, a equipe n\u00e3o usou medicamentos. Apenas as ondas de ultrassom causaram a rea\u00e7\u00e3o imunol\u00f3gica observada. Os cientistas, por\u00e9m, acreditam que os resultados obtidos podem ajudar a vencer um dos principais obst\u00e1culos no tratamento de doen\u00e7as cerebrais: ultrapassar a barreira hematoencef\u00e1lica. Esse escudo natural evita que amea\u00e7as, como os <a href=\"https:\/\/blogs.correiobraziliense.com.br\/datempo\/2020\/07\/18\/covid-19-pode-levar-a-uma-trombose-fatal\/\">v\u00edrus<\/a>, entrem no c\u00e9rebro. Mas tamb\u00e9m dificulta a chegada de rem\u00e9dios.<\/p>\n<p>\u201cA barreira hematoencef\u00e1lica limita nossa capacidade de entregar drogas e agentes terap\u00eauticos diretamente ao c\u00e9rebro. Portanto, a abertura dessa barreira permitiria a administra\u00e7\u00e3o focal de medicamentos em regi\u00f5es selecionadas do c\u00e9rebro visadas pelo procedimento\u201d, enfatiza Mehta.<\/p>\n<p>Em uma pr\u00f3xima etapa, os cientistas da\u00a0<a href=\"https:\/\/www.wvu.edu\/\">West Virginia University<\/a> planejam submeter mais idosos ao tratamento e examinar os efeitos das ondas de ultrassom a longo prazo. Saber se o tratamento \u00e9 seguro e eficaz para retardar o surgimento do Alzheimer ou at\u00e9 mesmo capaz de cur\u00e1-lo \u00e9 uma das respostas desejadas.<\/p>\n","protected":false},"excerpt":{"rendered":"<p>O uso de ultrassom no c\u00e9rebro surge como um tratamento com potencial para curar o Alzheimer. \u00c9 o que relatam pesquisadores da West Virginia University, nos Estados Unidos, em um estudo divulgado hoje, na revista cient\u00edfica Radiology. A equipe observou o efeito da abordagem em tr\u00eas idosos \u2014 com 61, 72 e 73 anos \u2014, que foram submetidos \u00e0 emiss\u00e3o [&hellip;]<\/p>\n","protected":false},"author":99,"featured_media":634,"comment_status":"open","ping_status":"closed","sticky":false,"template":"","format":"standard","meta":{"footnotes":""},"categories":[28,77,82,96,2,3,58],"tags":[30,21,56,4,6,59],"class_list":["post-633","post","type-post","status-publish","format-standard","has-post-thumbnail","hentry","category-alzheimer","category-demencia","category-envelhecimento","category-idosos","category-longevidade","category-saude","category-velhice","tag-alzheimer","tag-blogdatempo","tag-envelhecimento","tag-longevidade","tag-saude","tag-velhice"],"_links":{"self":[{"href":"https:\/\/blogs.correiobraziliense.com.br\/datempo\/wp-json\/wp\/v2\/posts\/633","targetHints":{"allow":["GET"]}}],"collection":[{"href":"https:\/\/blogs.correiobraziliense.com.br\/datempo\/wp-json\/wp\/v2\/posts"}],"about":[{"href":"https:\/\/blogs.correiobraziliense.com.br\/datempo\/wp-json\/wp\/v2\/types\/post"}],"author":[{"embeddable":true,"href":"https:\/\/blogs.correiobraziliense.com.br\/datempo\/wp-json\/wp\/v2\/users\/99"}],"replies":[{"embeddable":true,"href":"https:\/\/blogs.correiobraziliense.com.br\/datempo\/wp-json\/wp\/v2\/comments?post=633"}],"version-history":[{"count":3,"href":"https:\/\/blogs.correiobraziliense.com.br\/datempo\/wp-json\/wp\/v2\/posts\/633\/revisions"}],"predecessor-version":[{"id":639,"href":"https:\/\/blogs.correiobraziliense.com.br\/datempo\/wp-json\/wp\/v2\/posts\/633\/revisions\/639"}],"wp:featuredmedia":[{"embeddable":true,"href":"https:\/\/blogs.correiobraziliense.com.br\/datempo\/wp-json\/wp\/v2\/media\/634"}],"wp:attachment":[{"href":"https:\/\/blogs.correiobraziliense.com.br\/datempo\/wp-json\/wp\/v2\/media?parent=633"}],"wp:term":[{"taxonomy":"category","embeddable":true,"href":"https:\/\/blogs.correiobraziliense.com.br\/datempo\/wp-json\/wp\/v2\/categories?post=633"},{"taxonomy":"post_tag","embeddable":true,"href":"https:\/\/blogs.correiobraziliense.com.br\/datempo\/wp-json\/wp\/v2\/tags?post=633"}],"curies":[{"name":"wp","href":"https:\/\/api.w.org\/{rel}","templated":true}]}}