{"id":623,"date":"2021-01-15T18:15:36","date_gmt":"2021-01-15T21:15:36","guid":{"rendered":"https:\/\/blogs.correiobraziliense.com.br\/datempo\/?p=623"},"modified":"2021-01-15T18:15:36","modified_gmt":"2021-01-15T21:15:36","slug":"beber-cafe-pode-reduzir-o-risco-de-cancer-de-prostata-em-ate-12","status":"publish","type":"post","link":"https:\/\/blogs.correiobraziliense.com.br\/datempo\/2021\/01\/15\/beber-cafe-pode-reduzir-o-risco-de-cancer-de-prostata-em-ate-12\/","title":{"rendered":"Beber caf\u00e9 pode reduzir o risco de c\u00e2ncer de pr\u00f3stata em at\u00e9 12%"},"content":{"rendered":"<figure id=\"attachment_624\" aria-describedby=\"caption-attachment-624\" style=\"width: 1000px\" class=\"wp-caption aligncenter\"><a href=\"https:\/\/blogs.correiobraziliense.com.br\/datempo\/wp-content\/uploads\/sites\/46\/2021\/01\/cafe-valendo.jpg\"><img loading=\"lazy\" decoding=\"async\" class=\"size-full wp-image-624\" src=\"https:\/\/blogs.correiobraziliense.com.br\/datempo\/wp-content\/uploads\/sites\/46\/2021\/01\/cafe-valendo.jpg\" alt=\"\" width=\"1000\" height=\"601\" srcset=\"https:\/\/blogs.correiobraziliense.com.br\/datempo\/wp-content\/uploads\/sites\/46\/2021\/01\/cafe-valendo.jpg 1000w, https:\/\/blogs.correiobraziliense.com.br\/datempo\/wp-content\/uploads\/sites\/46\/2021\/01\/cafe-valendo-300x180.jpg 300w, https:\/\/blogs.correiobraziliense.com.br\/datempo\/wp-content\/uploads\/sites\/46\/2021\/01\/cafe-valendo-768x462.jpg 768w, https:\/\/blogs.correiobraziliense.com.br\/datempo\/wp-content\/uploads\/sites\/46\/2021\/01\/cafe-valendo-800x481.jpg 800w, https:\/\/blogs.correiobraziliense.com.br\/datempo\/wp-content\/uploads\/sites\/46\/2021\/01\/cafe-valendo-550x331.jpg 550w, https:\/\/blogs.correiobraziliense.com.br\/datempo\/wp-content\/uploads\/sites\/46\/2021\/01\/cafe-valendo-230x138.jpg 230w\" sizes=\"auto, (max-width: 1000px) 100vw, 1000px\" \/><\/a><figcaption id=\"caption-attachment-624\" class=\"wp-caption-text\">Foto: AFP<\/figcaption><\/figure>\n<p>&nbsp;<\/p>\n<p>O tradicional cafezinho pode ajudar a combater um dos c\u00e2nceres mais incidentes entre os idosos: o de pr\u00f3stata. Pesquisa mostra que a ingest\u00e3o regular da bebida est\u00e1 associada \u00e0 redu\u00e7\u00e3o em at\u00e9 12% do risco de surgimento desse tumor. E mais: tamb\u00e9m est\u00e1 ligada \u00e0 queda de 16% no risco de um homem morrer em raz\u00e3o da doen\u00e7a.<\/p>\n<p>Os resultados foram obtidos por cientistas da<a href=\"https:\/\/english.cmu.edu.tw\/\"> China Medical University.<\/a>\u00a0 Eles analisaram as condi\u00e7\u00f5es de sa\u00fade e os h\u00e1bitos alimentares de mais de 1 milh\u00e3o de moradores de diferentes pa\u00edses para chegar \u00e0s conclus\u00f5es. Segundo a equipe, efeitos produzidos pelo caf\u00e9 no organismo humano, como a a\u00e7\u00e3o anti-inflamat\u00f3ria, podem explicar os benef\u00edcios.<\/p>\n<p>Liderada por Kefeng Wang, a equipe analisou 16 pesquisas sobre os efeitos do caf\u00e9. Ao todo, havia informa\u00e7\u00f5es sobre 1,08 milh\u00e3o de homens que viviam na Am\u00e9rica do Norte, na Europa e no Jap\u00e3o. Desses, 57.732 tiveram c\u00e2ncer de pr\u00f3stata. Os estudos consideraram diferentes quantidades de caf\u00e9 ingeridas. De forma geral, a baixa ingest\u00e3o variou de nenhuma x\u00edcara a menos de duas por dia. E o n\u00edvel mais alto de consumo, de duas a nove x\u00edcaras diariamente.<\/p>\n<p>Ao analisar os dados, a equipe chinesa constatou que, comparados ao grupo que n\u00e3o ingeria tanto a bebida, os amantes do cafezinho apresentaram redu\u00e7\u00e3o no risco de ocorr\u00eancia de c\u00e2ncer de pr\u00f3stata de 9% a 12%. Cada x\u00edcara di\u00e1ria adicional foi associada a uma redu\u00e7\u00e3o no risco de 1%. Em uma investiga\u00e7\u00e3o mais apurada, voltada para a possibilidade de o tumor se tornar letal, descobriu-se que o risco de morte era 16% menor entre os homens que bebiam mais caf\u00e9 e sofriam da doen\u00e7a em est\u00e1gio avan\u00e7ado.<\/p>\n<h3>C\u00e2ncer da terceira idade<\/h3>\n<p>O c\u00e2ncer de pr\u00f3stata \u00e9 o segundo tipo de<a href=\"https:\/\/blogs.correiobraziliense.com.br\/datempo\/2019\/06\/14\/explosoes-de-raiva-aumentam-o-risco-de-cancer\/\"> c\u00e2ncer<\/a> mais comum no mundo e a sexta causa de morte por c\u00e2ncer em homens. \u00c9 considerado um c\u00e2ncer da terceira idade, j\u00e1 que em torno de 75% dos casos ocorrem a partir dos 65 anos, segundo o Inca. No Brasil, 65.840 novos casos foram registrados em 2020. Desses, ao menos 49 mil acometeram homens idosos.<\/p>\n<p>Pesquisas v\u00eam mostrando que o caf\u00e9 tem efeito semelhante contra tumores de f\u00edgado, intestino e <a href=\"https:\/\/blogs.correiobraziliense.com.br\/datempo\/2018\/10\/31\/idosas-tambem-devem-se-preocupar-com-o-cancer-de-mama\/\">mama<\/a>. Segundo os autores do estudo chin\u00eas, esse \u00e9 o primeiro a sinalizar um potencial no combate ao c\u00e2ncer de pr\u00f3stata. Eles enfatizam que a pesquisa n\u00e3o mostra que o caf\u00e9 evita a doen\u00e7a, mas que h\u00e1 rela\u00e7\u00e3o entre a ingest\u00e3o da bebida e os efeitos constatados.<\/p>\n<p>Uma das hip\u00f3teses levantadas pelo grupo para esse fen\u00f4meno \u00e9 de que os efeitos conhecidos do caf\u00e9 estejam associados \u00e0 prote\u00e7\u00e3o contra o c\u00e2ncer de pr\u00f3stata. J\u00e1 se sabe que a bebida pode reduzir n\u00edveis de a\u00e7\u00facar no sangue, \u00e9 anti-inflamat\u00f3ria e antioxidante. Al\u00e9m disso, afeta os n\u00edveis de horm\u00f4nios sexuais, o que pode ajudar a proteger contra tumores.<\/p>\n<p>Para a equipe chinesa, mais estudos poder\u00e3o ajudar a entender melhor esses mecanismos. \u201cSe a associa\u00e7\u00e3o for comprovada como um efeito causal, os homens podem ser encorajados a aumentar o consumo de caf\u00e9 para diminuir potencialmente o risco de c\u00e2ncer de pr\u00f3stata\u201d, escreveu o grupo. O artigo com resultados da pesquisa foi divulgado, neste m\u00eas, no jornal British Medical Journal (<a href=\"https:\/\/www.bmj.com\/\">BMJ<\/a>).<\/p>\n","protected":false},"excerpt":{"rendered":"<p>&nbsp; O tradicional cafezinho pode ajudar a combater um dos c\u00e2nceres mais incidentes entre os idosos: o de pr\u00f3stata. Pesquisa mostra que a ingest\u00e3o regular da bebida est\u00e1 associada \u00e0 redu\u00e7\u00e3o em at\u00e9 12% do risco de surgimento desse tumor. E mais: tamb\u00e9m est\u00e1 ligada \u00e0 queda de 16% no risco de um homem morrer em raz\u00e3o da doen\u00e7a. Os [&hellip;]<\/p>\n","protected":false},"author":99,"featured_media":624,"comment_status":"open","ping_status":"closed","sticky":false,"template":"","format":"standard","meta":{"footnotes":""},"categories":[8,53,82,96,2,97,3,58],"tags":[9,21,47,98,56,27,6],"class_list":["post-623","post","type-post","status-publish","format-standard","has-post-thumbnail","hentry","category-alimentacao","category-cancer","category-envelhecimento","category-idosos","category-longevidade","category-prostata","category-saude","category-velhice","tag-alimentacao","tag-blogdatempo","tag-cancer","tag-cancer-de-prostata","tag-envelhecimento","tag-idosos","tag-saude"],"_links":{"self":[{"href":"https:\/\/blogs.correiobraziliense.com.br\/datempo\/wp-json\/wp\/v2\/posts\/623","targetHints":{"allow":["GET"]}}],"collection":[{"href":"https:\/\/blogs.correiobraziliense.com.br\/datempo\/wp-json\/wp\/v2\/posts"}],"about":[{"href":"https:\/\/blogs.correiobraziliense.com.br\/datempo\/wp-json\/wp\/v2\/types\/post"}],"author":[{"embeddable":true,"href":"https:\/\/blogs.correiobraziliense.com.br\/datempo\/wp-json\/wp\/v2\/users\/99"}],"replies":[{"embeddable":true,"href":"https:\/\/blogs.correiobraziliense.com.br\/datempo\/wp-json\/wp\/v2\/comments?post=623"}],"version-history":[{"count":7,"href":"https:\/\/blogs.correiobraziliense.com.br\/datempo\/wp-json\/wp\/v2\/posts\/623\/revisions"}],"predecessor-version":[{"id":631,"href":"https:\/\/blogs.correiobraziliense.com.br\/datempo\/wp-json\/wp\/v2\/posts\/623\/revisions\/631"}],"wp:featuredmedia":[{"embeddable":true,"href":"https:\/\/blogs.correiobraziliense.com.br\/datempo\/wp-json\/wp\/v2\/media\/624"}],"wp:attachment":[{"href":"https:\/\/blogs.correiobraziliense.com.br\/datempo\/wp-json\/wp\/v2\/media?parent=623"}],"wp:term":[{"taxonomy":"category","embeddable":true,"href":"https:\/\/blogs.correiobraziliense.com.br\/datempo\/wp-json\/wp\/v2\/categories?post=623"},{"taxonomy":"post_tag","embeddable":true,"href":"https:\/\/blogs.correiobraziliense.com.br\/datempo\/wp-json\/wp\/v2\/tags?post=623"}],"curies":[{"name":"wp","href":"https:\/\/api.w.org\/{rel}","templated":true}]}}