{"id":603,"date":"2020-11-25T20:25:51","date_gmt":"2020-11-25T23:25:51","guid":{"rendered":"https:\/\/blogs.correiobraziliense.com.br\/datempo\/?p=603"},"modified":"2020-11-25T20:32:13","modified_gmt":"2020-11-25T23:32:13","slug":"pressao-alta-e-ligada-a-danos-cerebrais-extensos-na-velhice","status":"publish","type":"post","link":"https:\/\/blogs.correiobraziliense.com.br\/datempo\/2020\/11\/25\/pressao-alta-e-ligada-a-danos-cerebrais-extensos-na-velhice\/","title":{"rendered":"Press\u00e3o alta \u00e9 ligada a danos cerebrais extensos na velhice"},"content":{"rendered":"<figure id=\"attachment_604\" aria-describedby=\"caption-attachment-604\" style=\"width: 1000px\" class=\"wp-caption aligncenter\"><a href=\"https:\/\/blogs.correiobraziliense.com.br\/datempo\/wp-content\/uploads\/sites\/46\/2020\/11\/pressaovalendo.jpg\"><img loading=\"lazy\" decoding=\"async\" class=\"size-full wp-image-604\" src=\"https:\/\/blogs.correiobraziliense.com.br\/datempo\/wp-content\/uploads\/sites\/46\/2020\/11\/pressaovalendo.jpg\" alt=\"\" width=\"1000\" height=\"597\" srcset=\"https:\/\/blogs.correiobraziliense.com.br\/datempo\/wp-content\/uploads\/sites\/46\/2020\/11\/pressaovalendo.jpg 1000w, https:\/\/blogs.correiobraziliense.com.br\/datempo\/wp-content\/uploads\/sites\/46\/2020\/11\/pressaovalendo-300x179.jpg 300w, https:\/\/blogs.correiobraziliense.com.br\/datempo\/wp-content\/uploads\/sites\/46\/2020\/11\/pressaovalendo-768x458.jpg 768w, https:\/\/blogs.correiobraziliense.com.br\/datempo\/wp-content\/uploads\/sites\/46\/2020\/11\/pressaovalendo-800x478.jpg 800w, https:\/\/blogs.correiobraziliense.com.br\/datempo\/wp-content\/uploads\/sites\/46\/2020\/11\/pressaovalendo-550x328.jpg 550w, https:\/\/blogs.correiobraziliense.com.br\/datempo\/wp-content\/uploads\/sites\/46\/2020\/11\/pressaovalendo-230x137.jpg 230w\" sizes=\"auto, (max-width: 1000px) 100vw, 1000px\" \/><\/a><figcaption id=\"caption-attachment-604\" class=\"wp-caption-text\">Foto: AFP<\/figcaption><\/figure>\n<p>Cada vez mais comum no Brasil, a hipertens\u00e3o est\u00e1 ligada \u00e0 ocorr\u00eancia de danos cerebrais mais extensos em idosos. E essas les\u00f5es aumentam o risco de surgimento de problemas de sa\u00fade graves, como derrame, Alzheimer e depress\u00e3o. A descoberta foi feita por pesquisadores da <a href=\"https:\/\/www.ox.ac.uk\/\">Universidade de Oxford,<\/a> no Reino Unido, e divulgada hoje, no<em> European Heart Journal<\/em>. Segundo eles, o resultado refor\u00e7a o entendimento sobre a forte influ\u00eancia dos<a href=\"https:\/\/blogs.correiobraziliense.com.br\/datempo\/?s=hipertens%C3%A3o\"> h\u00e1bitos saud\u00e1veis<\/a>\u00a0na velhice.<\/p>\n<p>\u201cMuitas pessoas podem pensar em hipertens\u00e3o e derrame como doen\u00e7as de pessoas mais velhas, mas nossos resultados sugerem que, se quisermos manter um c\u00e9rebro saud\u00e1vel at\u00e9 os 60 e 70 anos, temos que nos certificar de que nossa press\u00e3o arterial estar\u00e1 dentro de uma faixa saud\u00e1vel quando estivermos na casa dos 40 e 50 anos\u201d, enfatiza, em comunicado, Karolina Wartolowska, pesquisadora cl\u00ednica do Centro de Preven\u00e7\u00e3o de Derrame e Dem\u00eancia da universidade brit\u00e2nica e l\u00edder do estudo.<\/p>\n<p>As les\u00f5es s\u00e3o chamadas hiperintensidades da subst\u00e2ncia branca e podem ser observadas em exames de resson\u00e2ncia magn\u00e9tica do <a href=\"https:\/\/blogs.correiobraziliense.com.br\/datempo\/2019\/03\/22\/manter-a-pressao-arterial-sob-controle-reduz-lesoes-no-cerebro\/\">c\u00e9rebro.<\/a> Elas indicam a ocorr\u00eancia de danos nos pequenos vasos sangu\u00edneos do \u00f3rg\u00e3o em fun\u00e7\u00e3o, principalmente, do envelhecimento e da hipertens\u00e3o. Segundo Karolina Wartolowska, essas les\u00f5es est\u00e3o presentes em mais da metade das pessoas com mais de 65 anos e na maioria das que chegaram aos 80, mesmo sem a ocorr\u00eancia de problemas de press\u00e3o. \u201cMas \u00e9 mais prov\u00e1vel o desenvolvimento desse problema em pessoas com press\u00e3o arterial mais elevada, al\u00e9m de ser maior a probabilidade de isso se tornar grave\u201d, explica.<\/p>\n<h3>Qualquer aumento na press\u00e3o interfere<\/h3>\n<p>A pesquisa foi feita com dados de 37.041 volunt\u00e1rios que estavam na meia-idade. A an\u00e1lise revelou ainda que n\u00e3o s\u00e3o s\u00f3 os hipertensos os mais vulner\u00e1veis. Qualquer aumento na press\u00e3o arterial foi associado a uma maior ocorr\u00eancia de les\u00f5es cerebrais. \u201cIsso sugere que mesmo uma press\u00e3o arterial ligeiramente elevada antes de atender aos crit\u00e9rios para o tratamento da hipertens\u00e3o tem um efeito prejudicial no tecido cerebral\u201d, afirma Karolina Wartolowska. Al\u00e9m disso, hipertensos que n\u00e3o seguiam \u00e0 risca o tratamento apresentaram mais danos cerebrais.<\/p>\n<p>A cientista lembra que a hipertens\u00e3o \u00e9 uma das doen\u00e7as cr\u00f4nicas com maior incid\u00eancia no mundo e tem impacto significativo na qualidade velhice. Por isso, a import\u00e2ncia de ficar atento \u00e0 doen\u00e7a o quanto antes. \u201cO longo intervalo de tempo entre os efeitos da press\u00e3o arterial na meia-idade e os danos na velhice enfatiza o qu\u00e3o importante \u00e9 controlar a press\u00e3o a longo prazo\u201d, diz.<\/p>\n<p>No Brasil, um em cada quatro adultos (25%) tem hipertens\u00e3o, segundo dados da <a href=\"https:\/\/www.correiobraziliense.com.br\/brasil\/2020\/11\/4889720-cresce-o-numero-de-brasileiros-com-hipertensao-e-diabetes-revela-ibge.html\">Pesquisa Nacional de Sa\u00fade<\/a> divulgados neste m\u00eas. A doen\u00e7a segue avan\u00e7ando. Na avalia\u00e7\u00e3o anterior, com informa\u00e7\u00f5es de 2013, uma em cada cinco pessoas (20%) com mais de 18 anos era hipertensa.<\/p>\n","protected":false},"excerpt":{"rendered":"<p>Cada vez mais comum no Brasil, a hipertens\u00e3o est\u00e1 ligada \u00e0 ocorr\u00eancia de danos cerebrais mais extensos em idosos. E essas les\u00f5es aumentam o risco de surgimento de problemas de sa\u00fade graves, como derrame, Alzheimer e depress\u00e3o. A descoberta foi feita por pesquisadores da Universidade de Oxford, no Reino Unido, e divulgada hoje, no European Heart Journal. Segundo eles, o [&hellip;]<\/p>\n","protected":false},"author":99,"featured_media":604,"comment_status":"open","ping_status":"closed","sticky":false,"template":"","format":"standard","meta":{"footnotes":""},"categories":[31,82,36,80,2,38,3,58],"tags":[30,21,37,27,4,40,6,59],"class_list":["post-603","post","type-post","status-publish","format-standard","has-post-thumbnail","hentry","category-derrame","category-envelhecimento","category-hipertensao","category-idoso","category-longevidade","category-meia-idade","category-saude","category-velhice","tag-alzheimer","tag-blogdatempo","tag-hipertensao","tag-idosos","tag-longevidade","tag-meia-idade","tag-saude","tag-velhice"],"_links":{"self":[{"href":"https:\/\/blogs.correiobraziliense.com.br\/datempo\/wp-json\/wp\/v2\/posts\/603","targetHints":{"allow":["GET"]}}],"collection":[{"href":"https:\/\/blogs.correiobraziliense.com.br\/datempo\/wp-json\/wp\/v2\/posts"}],"about":[{"href":"https:\/\/blogs.correiobraziliense.com.br\/datempo\/wp-json\/wp\/v2\/types\/post"}],"author":[{"embeddable":true,"href":"https:\/\/blogs.correiobraziliense.com.br\/datempo\/wp-json\/wp\/v2\/users\/99"}],"replies":[{"embeddable":true,"href":"https:\/\/blogs.correiobraziliense.com.br\/datempo\/wp-json\/wp\/v2\/comments?post=603"}],"version-history":[{"count":3,"href":"https:\/\/blogs.correiobraziliense.com.br\/datempo\/wp-json\/wp\/v2\/posts\/603\/revisions"}],"predecessor-version":[{"id":607,"href":"https:\/\/blogs.correiobraziliense.com.br\/datempo\/wp-json\/wp\/v2\/posts\/603\/revisions\/607"}],"wp:featuredmedia":[{"embeddable":true,"href":"https:\/\/blogs.correiobraziliense.com.br\/datempo\/wp-json\/wp\/v2\/media\/604"}],"wp:attachment":[{"href":"https:\/\/blogs.correiobraziliense.com.br\/datempo\/wp-json\/wp\/v2\/media?parent=603"}],"wp:term":[{"taxonomy":"category","embeddable":true,"href":"https:\/\/blogs.correiobraziliense.com.br\/datempo\/wp-json\/wp\/v2\/categories?post=603"},{"taxonomy":"post_tag","embeddable":true,"href":"https:\/\/blogs.correiobraziliense.com.br\/datempo\/wp-json\/wp\/v2\/tags?post=603"}],"curies":[{"name":"wp","href":"https:\/\/api.w.org\/{rel}","templated":true}]}}