{"id":554,"date":"2020-09-09T17:03:06","date_gmt":"2020-09-09T20:03:06","guid":{"rendered":"https:\/\/blogs.correiobraziliense.com.br\/datempo\/?p=554"},"modified":"2020-09-09T17:10:58","modified_gmt":"2020-09-09T20:10:58","slug":"insonia-mais-obesidade-combo-da-pandemia-aumenta-risco-de-diabetes-em-17","status":"publish","type":"post","link":"https:\/\/blogs.correiobraziliense.com.br\/datempo\/2020\/09\/09\/insonia-mais-obesidade-combo-da-pandemia-aumenta-risco-de-diabetes-em-17\/","title":{"rendered":"Ins\u00f4nia mais obesidade: combo da pandemia aumenta risco de diabetes em 17%"},"content":{"rendered":"<figure id=\"attachment_555\" aria-describedby=\"caption-attachment-555\" style=\"width: 998px\" class=\"wp-caption aligncenter\"><a href=\"https:\/\/blogs.correiobraziliense.com.br\/datempo\/wp-content\/uploads\/sites\/46\/2020\/09\/comida-valendo.jpg\"><img loading=\"lazy\" decoding=\"async\" class=\"size-full wp-image-555\" src=\"https:\/\/blogs.correiobraziliense.com.br\/datempo\/wp-content\/uploads\/sites\/46\/2020\/09\/comida-valendo.jpg\" alt=\"\" width=\"998\" height=\"602\" srcset=\"https:\/\/blogs.correiobraziliense.com.br\/datempo\/wp-content\/uploads\/sites\/46\/2020\/09\/comida-valendo.jpg 998w, https:\/\/blogs.correiobraziliense.com.br\/datempo\/wp-content\/uploads\/sites\/46\/2020\/09\/comida-valendo-300x181.jpg 300w, https:\/\/blogs.correiobraziliense.com.br\/datempo\/wp-content\/uploads\/sites\/46\/2020\/09\/comida-valendo-768x463.jpg 768w, https:\/\/blogs.correiobraziliense.com.br\/datempo\/wp-content\/uploads\/sites\/46\/2020\/09\/comida-valendo-550x332.jpg 550w, https:\/\/blogs.correiobraziliense.com.br\/datempo\/wp-content\/uploads\/sites\/46\/2020\/09\/comida-valendo-230x139.jpg 230w\" sizes=\"auto, (max-width: 998px) 100vw, 998px\" \/><\/a><figcaption id=\"caption-attachment-555\" class=\"wp-caption-text\">Foto: AFP<\/figcaption><\/figure>\n<p>A dificuldade para dormir tem sido queixa recorrente na pandemia da covid-19. Assim como o aumento de peso. Juntas, essas complica\u00e7\u00f5es podem desencadear uma das doen\u00e7as mais comuns na meia-idade e na velhice: o<a href=\"https:\/\/blogs.correiobraziliense.com.br\/datempo\/2020\/07\/15\/em-cinco-anos-diabetes-e-hipertensao-afetam-memoria-e-raciocinio\/\"> diabetes tipo 2<\/a>. O alerta foi feita por cientistas do Instituto Karolinska, na Su\u00e9cia. Ao revisar dados de 1.360 pequisas sobre o tema, eles conclu\u00edram que o combo ins\u00f4nia mais obesidade pode aumentar em at\u00e9 17% o risco de uma pessoa ter diabetes.<\/p>\n<p>\u00c9 a primeira vez que a ins\u00f4nia \u00e9 apontada, em um estudo cient\u00edfico, como fator que pode levar ao diabetes tipo 2. Sozinha, a complica\u00e7\u00e3o eleva o risco de surgimento da doen\u00e7a em 7%. Se a pessoa tamb\u00e9m tiver o \u00edndice de massa corporal (IMC) superior ao considerado normal, o risco sobe para 17%.<\/p>\n<p>Estudos anteriores j\u00e1 ligaram os<a href=\"https:\/\/blogs.correiobraziliense.com.br\/datempo\/2020\/08\/26\/cochilos-durante-o-dia-aumentam-o-risco-de-morte-em-ate-34\/\"> cochilos<\/a> diurnos ao risco aumentado de diabetes tipo 2. Segundo a equipe sueca, esses resultados corroboram o de agora. \u201cO sono curto e a m\u00e1 qualidade do sono est\u00e3o associados a uma alimenta\u00e7\u00e3o menos saud\u00e1vel e padr\u00f5es de refei\u00e7\u00e3o irregulares, incluindo pular o caf\u00e9 da manh\u00e3\u201d, escreveram. O artigo do estudo, liderado por Susanna Larsson e Shuai Yuan, foi divulgado, nesta semana, na revista<a href=\"https:\/\/diabetologia-journal.org\/2020\/09\/09\/insomnia-identified-as-a-new-risk-factor-for-type-2-diabetes-in-new-study-which-also-confirms-many-other-risk-and-protective-factors\/\"> <em>Diabetologia<\/em>.<\/a><\/p>\n<h3>Quase 3 quilos a mais<\/h3>\n<p>Os autores tamb\u00e9m enfatizam a necessidade de ado\u00e7\u00e3o de estrat\u00e9gias\u00a0 que evitem o diabetes a longo prazo. Nesse aspecto, as preocupa\u00e7\u00f5es com os impactos da pandemia ganham ainda mais for\u00e7a. Estudos t\u00eam mostrado o quanto a crise sanit\u00e1ria decretada em mar\u00e7o tem afetado o sono e o peso da popula\u00e7\u00e3o em geral.<\/p>\n<p>Divulgado em junho, um levantamento feito com 1.470 brasileiros mostra que 23% dos entrevistados<a href=\"https:\/\/blogs.correiobraziliense.com.br\/datempo\/2019\/10\/08\/gordura-abdominal-pode-dobrar-o-risco-de-morte\/\"> engordaram<\/a>, ganhando, em m\u00e9dia, 2,8kg. A endocrinologista Rosita Fontes, membro da Sociedade Brasileira de Endocrinologia e Metabologia (Sbem) e uma das integrantes da equipe que fez o estudo, lembra que o aumento de peso \u00e9 piada nas redes sociais, mas requer cuidados.<\/p>\n<p>No caso da ins\u00f4nia, um estudo da Fiocruz, UFMG e Unicamp mostra que 29% dos 44.062 entrevistados passaram a ter problemas na qualidade do sono. Al\u00e9m disso, 16% relataram piora nos problemas no sono. A pesquisa, divulgada em maio, tamb\u00e9m sinaliza a ocorr\u00eancia de mudan\u00e7as de h\u00e1bito que facilitam o ganho de peso e o surgimento do diabetes. Por exemplo, o consumo de alimentos n\u00e3o saud\u00e1veis em dois dias ou mais por semana aumentou 5% (embutidos e hamb\u00fargueres), 4% (congelados) e 6% (chocolates e doces).<\/p>\n","protected":false},"excerpt":{"rendered":"<p>A dificuldade para dormir tem sido queixa recorrente na pandemia da covid-19. Assim como o aumento de peso. Juntas, essas complica\u00e7\u00f5es podem desencadear uma das doen\u00e7as mais comuns na meia-idade e na velhice: o diabetes tipo 2. O alerta foi feita por cientistas do Instituto Karolinska, na Su\u00e9cia. Ao revisar dados de 1.360 pequisas sobre o tema, eles conclu\u00edram que [&hellip;]<\/p>\n","protected":false},"author":99,"featured_media":555,"comment_status":"open","ping_status":"closed","sticky":false,"template":"","format":"standard","meta":{"footnotes":""},"categories":[8,60,73,51,89,2,88,3],"tags":[9,21,63,90,56,4,40,68,6],"class_list":["post-554","post","type-post","status-publish","format-standard","has-post-thumbnail","hentry","category-alimentacao","category-comportamento","category-covid-19","category-diabetes","category-insonia","category-longevidade","category-obesidade","category-saude","tag-alimentacao","tag-blogdatempo","tag-comportamento","tag-diabetes","tag-envelhecimento","tag-longevidade","tag-meia-idade","tag-obesidade","tag-saude"],"_links":{"self":[{"href":"https:\/\/blogs.correiobraziliense.com.br\/datempo\/wp-json\/wp\/v2\/posts\/554","targetHints":{"allow":["GET"]}}],"collection":[{"href":"https:\/\/blogs.correiobraziliense.com.br\/datempo\/wp-json\/wp\/v2\/posts"}],"about":[{"href":"https:\/\/blogs.correiobraziliense.com.br\/datempo\/wp-json\/wp\/v2\/types\/post"}],"author":[{"embeddable":true,"href":"https:\/\/blogs.correiobraziliense.com.br\/datempo\/wp-json\/wp\/v2\/users\/99"}],"replies":[{"embeddable":true,"href":"https:\/\/blogs.correiobraziliense.com.br\/datempo\/wp-json\/wp\/v2\/comments?post=554"}],"version-history":[{"count":2,"href":"https:\/\/blogs.correiobraziliense.com.br\/datempo\/wp-json\/wp\/v2\/posts\/554\/revisions"}],"predecessor-version":[{"id":557,"href":"https:\/\/blogs.correiobraziliense.com.br\/datempo\/wp-json\/wp\/v2\/posts\/554\/revisions\/557"}],"wp:featuredmedia":[{"embeddable":true,"href":"https:\/\/blogs.correiobraziliense.com.br\/datempo\/wp-json\/wp\/v2\/media\/555"}],"wp:attachment":[{"href":"https:\/\/blogs.correiobraziliense.com.br\/datempo\/wp-json\/wp\/v2\/media?parent=554"}],"wp:term":[{"taxonomy":"category","embeddable":true,"href":"https:\/\/blogs.correiobraziliense.com.br\/datempo\/wp-json\/wp\/v2\/categories?post=554"},{"taxonomy":"post_tag","embeddable":true,"href":"https:\/\/blogs.correiobraziliense.com.br\/datempo\/wp-json\/wp\/v2\/tags?post=554"}],"curies":[{"name":"wp","href":"https:\/\/api.w.org\/{rel}","templated":true}]}}