{"id":522,"date":"2020-08-19T16:49:28","date_gmt":"2020-08-19T19:49:28","guid":{"rendered":"https:\/\/blogs.correiobraziliense.com.br\/datempo\/?p=522"},"modified":"2020-08-19T16:57:19","modified_gmt":"2020-08-19T19:57:19","slug":"os-12-habitos-que-evitam-40-dos-casos-de-demencia","status":"publish","type":"post","link":"https:\/\/blogs.correiobraziliense.com.br\/datempo\/2020\/08\/19\/os-12-habitos-que-evitam-40-dos-casos-de-demencia\/","title":{"rendered":"Os 12 h\u00e1bitos que evitam 40% dos casos de dem\u00eancia"},"content":{"rendered":"<figure id=\"attachment_526\" aria-describedby=\"caption-attachment-526\" style=\"width: 1000px\" class=\"wp-caption aligncenter\"><a href=\"https:\/\/blogs.correiobraziliense.com.br\/datempo\/wp-content\/uploads\/sites\/46\/2020\/08\/vale-vale.jpg\"><img loading=\"lazy\" decoding=\"async\" class=\"size-full wp-image-526\" src=\"https:\/\/blogs.correiobraziliense.com.br\/datempo\/wp-content\/uploads\/sites\/46\/2020\/08\/vale-vale.jpg\" alt=\"\" width=\"1000\" height=\"598\" srcset=\"https:\/\/blogs.correiobraziliense.com.br\/datempo\/wp-content\/uploads\/sites\/46\/2020\/08\/vale-vale.jpg 1000w, https:\/\/blogs.correiobraziliense.com.br\/datempo\/wp-content\/uploads\/sites\/46\/2020\/08\/vale-vale-300x179.jpg 300w, https:\/\/blogs.correiobraziliense.com.br\/datempo\/wp-content\/uploads\/sites\/46\/2020\/08\/vale-vale-768x459.jpg 768w, https:\/\/blogs.correiobraziliense.com.br\/datempo\/wp-content\/uploads\/sites\/46\/2020\/08\/vale-vale-550x329.jpg 550w, https:\/\/blogs.correiobraziliense.com.br\/datempo\/wp-content\/uploads\/sites\/46\/2020\/08\/vale-vale-230x138.jpg 230w\" sizes=\"auto, (max-width: 1000px) 100vw, 1000px\" \/><\/a><figcaption id=\"caption-attachment-526\" class=\"wp-caption-text\">Foto: Ed Alves\/CB\/D.A. Press<\/figcaption><\/figure>\n<p>&nbsp;<\/p>\n<p>Integrar 12 h\u00e1bitos \u00e0 rotina pode evitar ou atrasar em 40% o surgimento de uma das complica\u00e7\u00f5es mais incapacitantes na velhice: a dem\u00eancia. E vale adotar esses comportamentos a qualquer tempo. A lista e a dica s\u00e3o de um grupo formado por 28 renomados especialistas. Eles avaliaram pesquisas recentes sobre o tema e chegaram aos 12 cuidados para manter o c\u00e9rebro em pleno funcionamento. Os comportamentos s\u00e3o diversificados, e o efeito a n\u00e3o adot\u00e1-los, tamb\u00e9m. Por exemplo, 1% dos casos de dem\u00eancia ocorre por exageros na ingest\u00e3o de<a href=\"https:\/\/blogs.correiobraziliense.com.br\/datempo\/2018\/12\/28\/comemore-com-moderacao-o-efeito-do-alcool-e-pior-em-idosos\/\"> \u00e1lcool<\/a> na meia-idade. J\u00e1 os traumas na cabe\u00e7a respondem por 3% dos casos.<\/p>\n<p>Lon Schneider, um dos criadores da lista, chama a aten\u00e7\u00e3o para o fato de que, j\u00e1 na juventude, \u00e9 poss\u00edvel se proteger dessas condi\u00e7\u00f5es de risco. \u201cEstamos aprendendo que as t\u00e1ticas para evitar a dem\u00eancia come\u00e7am cedo e continuam ao longo da vida. Por isso, nunca \u00e9 muito cedo ou muito tarde para agir\u201d, enfatiza o tamb\u00e9m codiretor do Centro de Pesquisa de Doen\u00e7as de Alzheimer da University of Southern California, nos Estados Unidos.<\/p>\n<p>O termo dem\u00eancia \u00e9 usado para descrever doen\u00e7as que t\u00eam como sintomas o decl\u00ednio progressiva das fun\u00e7\u00f5es cognitivas, como a mem\u00f3ria e o <a href=\"https:\/\/blogs.correiobraziliense.com.br\/datempo\/2019\/12\/03\/jogos-de-tabuleiro-ajudam-a-proteger-a-memoria\/\">racioc\u00ednio.<\/a> H\u00e1 diversos tipos de dem\u00eancia, sendo que o Alzheimer \u00e9 a mais comum. Essas doen\u00e7as s\u00e3o mais incidentes na velhice, mas podem acometer pessoas a partir da meia-idade. Esse \u00e9 mais um motivo para come\u00e7ar a se proteger dessas enfermidades o quanto antes, segundo os autores da lista.<\/p>\n<p>Os cuidados foram divulgados no jornal <em>The Lancet.<\/em> Confira quais s\u00e3o e os coloque em pr\u00e1tica agora mesmo:<\/p>\n<p>&nbsp;<\/p>\n<p><strong>1. Mantenha a press\u00e3o arterial sob controle<\/strong>. O ideal \u00e9 que a\u00a0<a href=\"https:\/\/blogs.correiobraziliense.com.br\/datempo\/2019\/03\/22\/manter-a-pressao-arterial-sob-controle-reduz-lesoes-no-cerebro\/\">press\u00e3o arterial<\/a> sist\u00f3lica fique em, no m\u00e1ximo, 13 a partir dos 40 anos de idade. Esse \u00e9 o maior valor informado quando voc\u00ea afere a press\u00e3o.<\/p>\n<p><strong>2. Cuide da sa\u00fade auditiva<\/strong>. Evite se expor a altos ru\u00eddos, como os emitidos pelos fones de ouvido. Se for necess\u00e1rio, v\u00e1 a um especialista que o ajudar\u00e1 na escolha de um aparelho auditivo.<\/p>\n<p><strong>3. Reduza a exposi\u00e7\u00e3o \u00e0 polui\u00e7\u00e3o do ar e ao fumo passivo do tabaco.<\/strong><\/p>\n<p><strong>4. Evite ferimentos na cabe\u00e7a.<\/strong> O traumatismo craniano na meia-idade aumenta o risco de dem\u00eancia. Profissionais da constru\u00e7\u00e3o civil e alguns esportistas costumam sofrer mais esse tipo de les\u00e3o.<\/p>\n<p><strong>5. Controle a ingest\u00e3o de \u00e1lcool<\/strong>. O recomendado \u00e9 n\u00e3o ultrapassar 21 unidades por semana. Uma unidade de \u00e1lcool equivale a 10ml de bebidas alco\u00f3licas ou 8g de \u00e1lcool puro.<\/p>\n<p><strong>6. Pare de fumar e ajude outras pessoas a fazerem o mesmo.<\/strong><\/p>\n<p><strong>7. Estimule a educa\u00e7\u00e3o prim\u00e1ria e secund\u00e1ria na inf\u00e2ncia.<\/strong> A menor escolaridade nos primeiros anos de vida \u00e9 associada a maior risco de dem\u00eancia mais tarde.<\/p>\n<p><strong>8. Leve uma vida ativa at\u00e9 a meia-idade.<\/strong> De prefer\u00eancia, mantenha-se n\u00e3o sedent\u00e1rio depois.<\/p>\n<p><strong>9. Mantenha o peso corporal saud\u00e1vel.<\/strong><\/p>\n<p><strong>10. Cuide de sua sa\u00fade mental.<\/strong> A<a href=\"https:\/\/blogs.correiobraziliense.com.br\/datempo\/2019\/03\/01\/ir-ao-teatro-e-ao-cinema-protege-da-depressao\/\"> depress\u00e3o<\/a> est\u00e1 ligada ao maior risco de ocorr\u00eancia de dem\u00eancias.<\/p>\n<p><strong>11. Procure manter as rela\u00e7\u00f5es sociais<\/strong>. O isolamento tamb\u00e9m \u00e9 considerado um fator de risco.<\/p>\n<p><strong>12. Fique atento ao diabetes.<\/strong> Estudos mostram que, quando o <a href=\"https:\/\/blogs.correiobraziliense.com.br\/datempo\/2020\/07\/15\/em-cinco-anos-diabetes-e-hipertensao-afetam-memoria-e-raciocinio\/\">diabetes<\/a> est\u00e1 descontrolado principalmente no in\u00edcio da velhice, por volta dos 65 anos, pode agravar ou desencadear dem\u00eancias.<\/p>\n","protected":false},"excerpt":{"rendered":"<p>&nbsp; Integrar 12 h\u00e1bitos \u00e0 rotina pode evitar ou atrasar em 40% o surgimento de uma das complica\u00e7\u00f5es mais incapacitantes na velhice: a dem\u00eancia. E vale adotar esses comportamentos a qualquer tempo. A lista e a dica s\u00e3o de um grupo formado por 28 renomados especialistas. Eles avaliaram pesquisas recentes sobre o tema e chegaram aos 12 cuidados para manter [&hellip;]<\/p>\n","protected":false},"author":99,"featured_media":526,"comment_status":"open","ping_status":"closed","sticky":false,"template":"","format":"standard","meta":{"footnotes":""},"categories":[28,60,77,82,72,2,38,3,58],"tags":[30,21,29,63,78,56,27,4,40,6,59],"class_list":["post-522","post","type-post","status-publish","format-standard","has-post-thumbnail","hentry","category-alzheimer","category-comportamento","category-demencia","category-envelhecimento","category-juventude","category-longevidade","category-meia-idade","category-saude","category-velhice","tag-alzheimer","tag-blogdatempo","tag-cerebro","tag-comportamento","tag-demencia","tag-envelhecimento","tag-idosos","tag-longevidade","tag-meia-idade","tag-saude","tag-velhice"],"_links":{"self":[{"href":"https:\/\/blogs.correiobraziliense.com.br\/datempo\/wp-json\/wp\/v2\/posts\/522","targetHints":{"allow":["GET"]}}],"collection":[{"href":"https:\/\/blogs.correiobraziliense.com.br\/datempo\/wp-json\/wp\/v2\/posts"}],"about":[{"href":"https:\/\/blogs.correiobraziliense.com.br\/datempo\/wp-json\/wp\/v2\/types\/post"}],"author":[{"embeddable":true,"href":"https:\/\/blogs.correiobraziliense.com.br\/datempo\/wp-json\/wp\/v2\/users\/99"}],"replies":[{"embeddable":true,"href":"https:\/\/blogs.correiobraziliense.com.br\/datempo\/wp-json\/wp\/v2\/comments?post=522"}],"version-history":[{"count":11,"href":"https:\/\/blogs.correiobraziliense.com.br\/datempo\/wp-json\/wp\/v2\/posts\/522\/revisions"}],"predecessor-version":[{"id":534,"href":"https:\/\/blogs.correiobraziliense.com.br\/datempo\/wp-json\/wp\/v2\/posts\/522\/revisions\/534"}],"wp:featuredmedia":[{"embeddable":true,"href":"https:\/\/blogs.correiobraziliense.com.br\/datempo\/wp-json\/wp\/v2\/media\/526"}],"wp:attachment":[{"href":"https:\/\/blogs.correiobraziliense.com.br\/datempo\/wp-json\/wp\/v2\/media?parent=522"}],"wp:term":[{"taxonomy":"category","embeddable":true,"href":"https:\/\/blogs.correiobraziliense.com.br\/datempo\/wp-json\/wp\/v2\/categories?post=522"},{"taxonomy":"post_tag","embeddable":true,"href":"https:\/\/blogs.correiobraziliense.com.br\/datempo\/wp-json\/wp\/v2\/tags?post=522"}],"curies":[{"name":"wp","href":"https:\/\/api.w.org\/{rel}","templated":true}]}}