{"id":498,"date":"2020-08-05T18:30:50","date_gmt":"2020-08-05T21:30:50","guid":{"rendered":"https:\/\/blogs.correiobraziliense.com.br\/datempo\/?p=498"},"modified":"2020-08-05T18:32:24","modified_gmt":"2020-08-05T21:32:24","slug":"ovarios-policisticos-aumentam-o-risco-de-doencas-cardiacas-na-velhice","status":"publish","type":"post","link":"https:\/\/blogs.correiobraziliense.com.br\/datempo\/2020\/08\/05\/ovarios-policisticos-aumentam-o-risco-de-doencas-cardiacas-na-velhice\/","title":{"rendered":"Ov\u00e1rios polic\u00edsticos aumentam o risco de doen\u00e7as card\u00edacas na velhice"},"content":{"rendered":"<figure id=\"attachment_499\" aria-describedby=\"caption-attachment-499\" style=\"width: 982px\" class=\"wp-caption aligncenter\"><a href=\"https:\/\/blogs.correiobraziliense.com.br\/datempo\/wp-content\/uploads\/sites\/46\/2020\/08\/ovario-op1.jpg\"><img loading=\"lazy\" decoding=\"async\" class=\"size-full wp-image-499\" src=\"https:\/\/blogs.correiobraziliense.com.br\/datempo\/wp-content\/uploads\/sites\/46\/2020\/08\/ovario-op1.jpg\" alt=\"\" width=\"982\" height=\"602\" srcset=\"https:\/\/blogs.correiobraziliense.com.br\/datempo\/wp-content\/uploads\/sites\/46\/2020\/08\/ovario-op1.jpg 982w, https:\/\/blogs.correiobraziliense.com.br\/datempo\/wp-content\/uploads\/sites\/46\/2020\/08\/ovario-op1-300x184.jpg 300w, https:\/\/blogs.correiobraziliense.com.br\/datempo\/wp-content\/uploads\/sites\/46\/2020\/08\/ovario-op1-768x471.jpg 768w, https:\/\/blogs.correiobraziliense.com.br\/datempo\/wp-content\/uploads\/sites\/46\/2020\/08\/ovario-op1-550x337.jpg 550w, https:\/\/blogs.correiobraziliense.com.br\/datempo\/wp-content\/uploads\/sites\/46\/2020\/08\/ovario-op1-230x141.jpg 230w\" sizes=\"auto, (max-width: 982px) 100vw, 982px\" \/><\/a><figcaption id=\"caption-attachment-499\" class=\"wp-caption-text\">Fernando Lopes\/CB\/D.A Press.<\/figcaption><\/figure>\n<p>Comum entre as mulheres mais jovens, a s\u00edndrome dos ov\u00e1rios polic\u00edsticos (SOP) est\u00e1 ligada a complica\u00e7\u00f5es que podem comprometer a sa\u00fade do cora\u00e7\u00e3o na velhice. Segundo um estudo brit\u00e2nico conduzido com 60.574 mulheres, aquelas com SOP t\u00eam risco 19% maior de desenvolver doen\u00e7as card\u00edacas que as acompanhar\u00e3o pelo resto da vida.<\/p>\n<p>O problema parece ser mais expressivo entre mulheres que enfrentam a complica\u00e7\u00e3o quando t\u00eam entre 30 e 40 anos. \u201cIsso pode ocorrer porque elas t\u00eam maior probabilidade de estar acima do peso e ter press\u00e3o alta e diabetes, em compara\u00e7\u00e3o com suas colegas\u201d, explica Clare Oliver-Williams, pesquisadora da <a href=\"https:\/\/www.cam.ac.uk\/\">Universidade de Cambridge<\/a>.<\/p>\n<p>\u00c0 medida que as mulheres envelhecem, a vulnerabilidade vai se equiparando. \u201cCom o tempo, as mulheres sem SOP aumentam em sobrepeso e desenvolvem press\u00e3o alta e diabetes. Em um sentido negativo, elas alcan\u00e7am as que t\u00eam a s\u00edndrome\u201d, diz a autora da pesquisa, publicada, nesta semana, no <em>European Journal of Preventive Cardiology<\/em>.<\/p>\n<p>Hipertens\u00e3o e <a href=\"https:\/\/blogs.correiobraziliense.com.br\/datempo\/2019\/10\/08\/gordura-abdominal-pode-dobrar-o-risco-de-morte\/\">obesidade<\/a> s\u00e3o considerados fatores de risco para doen\u00e7as como insufici\u00eancia card\u00edaca e ataque card\u00edaco. Vale lembrar que essas enfermidades podem ter impacto direto na longevidade. Estima-se, por exemplo que, ap\u00f3s a descoberta da insufici\u00eancia card\u00edaca, cerca de 70% dos pacientes morram em at\u00e9 10 anos. A doen\u00e7a acomete cerca de 5% das pessoas que t\u00eam entre 65 e 75 anos, e de 10% a 20% das que passaram dos 80.<\/p>\n<h3>Mudan\u00e7a de h\u00e1bitos faz diferen\u00e7a<\/h3>\n<p>A s\u00edndrome dos ov\u00e1rios polic\u00edsticos, por sua vez, \u00e9 descoberta bem mais cedo: geralmente, entre 20 e 30 anos. De 6% a 20% das mulheres em idade reprodutiva sofrem com o problema \u2014 na pesquisa, 10,2% tinham SOP.\u00a0 Ao longo do estudo, que durou nove anos,\u00a0\u00a02.925 (4,8%) mulheres desenvolveram doen\u00e7as cardiovasculares, como insufici\u00eancia card\u00edaca. Boa parte delas tinha sobrepeso ou obesidade, diabetes e press\u00e3o alta, todos desencadeadores de doen\u00e7as card\u00edacas e <a href=\"https:\/\/blogs.correiobraziliense.com.br\/datempo\/2019\/02\/14\/apos-a-menopausa-ingestao-de-bebidas-dieteticas-aumenta-o-risco-de-derrame\/\">derrames.<\/a><\/p>\n<p>Ter ov\u00e1rios polic\u00edsticos e esses fatores de risco, por\u00e9m, n\u00e3o precisa ser uma &#8220;senten\u00e7a de pris\u00e3o perp\u00e9tua\u201d, diz a cientista. \u201cAlguns sintomas da SOP est\u00e3o presentes apenas durante os anos reprodutivos. Portanto, \u00e9 poss\u00edvel que a chance aumentada de doen\u00e7a card\u00edaca desapare\u00e7a mais tarde na vida\u201d, justifica Clare Oliver-Williams.<\/p>\n<p>Al\u00e9m disso, lembra a pesquisadora, h\u00e1 muitas maneiras de manter o cora\u00e7\u00e3o saud\u00e1vel. &#8220;Pequenas mudan\u00e7as se somam, como comer mais frutas e vegetais e fazer mais exerc\u00edcios&#8221;, indica. Ser bem orientada durante o diagn\u00f3stico da s\u00edndrome tamb\u00e9m ajuda. \u201cConhecimento \u00e9 poder, e estar ciente dos riscos card\u00edacos significa que mulheres com SOP podem fazer algo a respeito\u201d, enfatiza a cientista.<\/p>\n<p>Os resultados foram obtidos ap\u00f3s acompanhamento de mulheres submetidas a tratamento para a infertilidade, uma condi\u00e7\u00e3o muito comum em quem tem ov\u00e1rios polic\u00edsticos. Segundo a autora, a vulnerabilidade pode n\u00e3o ser a mesma em mulheres com outros perfis.<\/p>\n<p>&nbsp;<\/p>\n","protected":false},"excerpt":{"rendered":"<p>Comum entre as mulheres mais jovens, a s\u00edndrome dos ov\u00e1rios polic\u00edsticos (SOP) est\u00e1 ligada a complica\u00e7\u00f5es que podem comprometer a sa\u00fade do cora\u00e7\u00e3o na velhice. Segundo um estudo brit\u00e2nico conduzido com 60.574 mulheres, aquelas com SOP t\u00eam risco 19% maior de desenvolver doen\u00e7as card\u00edacas que as acompanhar\u00e3o pelo resto da vida. O problema parece ser mais expressivo entre mulheres que [&hellip;]<\/p>\n","protected":false},"author":99,"featured_media":499,"comment_status":"open","ping_status":"closed","sticky":false,"template":"","format":"standard","meta":{"footnotes":""},"categories":[84,82,36,80,72,2,38,3,58],"tags":[85,56,37,27,4,40,6,59],"class_list":["post-498","post","type-post","status-publish","format-standard","has-post-thumbnail","hentry","category-coracao","category-envelhecimento","category-hipertensao","category-idoso","category-juventude","category-longevidade","category-meia-idade","category-saude","category-velhice","tag-coracao","tag-envelhecimento","tag-hipertensao","tag-idosos","tag-longevidade","tag-meia-idade","tag-saude","tag-velhice"],"_links":{"self":[{"href":"https:\/\/blogs.correiobraziliense.com.br\/datempo\/wp-json\/wp\/v2\/posts\/498","targetHints":{"allow":["GET"]}}],"collection":[{"href":"https:\/\/blogs.correiobraziliense.com.br\/datempo\/wp-json\/wp\/v2\/posts"}],"about":[{"href":"https:\/\/blogs.correiobraziliense.com.br\/datempo\/wp-json\/wp\/v2\/types\/post"}],"author":[{"embeddable":true,"href":"https:\/\/blogs.correiobraziliense.com.br\/datempo\/wp-json\/wp\/v2\/users\/99"}],"replies":[{"embeddable":true,"href":"https:\/\/blogs.correiobraziliense.com.br\/datempo\/wp-json\/wp\/v2\/comments?post=498"}],"version-history":[{"count":7,"href":"https:\/\/blogs.correiobraziliense.com.br\/datempo\/wp-json\/wp\/v2\/posts\/498\/revisions"}],"predecessor-version":[{"id":506,"href":"https:\/\/blogs.correiobraziliense.com.br\/datempo\/wp-json\/wp\/v2\/posts\/498\/revisions\/506"}],"wp:featuredmedia":[{"embeddable":true,"href":"https:\/\/blogs.correiobraziliense.com.br\/datempo\/wp-json\/wp\/v2\/media\/499"}],"wp:attachment":[{"href":"https:\/\/blogs.correiobraziliense.com.br\/datempo\/wp-json\/wp\/v2\/media?parent=498"}],"wp:term":[{"taxonomy":"category","embeddable":true,"href":"https:\/\/blogs.correiobraziliense.com.br\/datempo\/wp-json\/wp\/v2\/categories?post=498"},{"taxonomy":"post_tag","embeddable":true,"href":"https:\/\/blogs.correiobraziliense.com.br\/datempo\/wp-json\/wp\/v2\/tags?post=498"}],"curies":[{"name":"wp","href":"https:\/\/api.w.org\/{rel}","templated":true}]}}