{"id":487,"date":"2020-07-29T20:11:55","date_gmt":"2020-07-29T23:11:55","guid":{"rendered":"https:\/\/blogs.correiobraziliense.com.br\/datempo\/?p=487"},"modified":"2020-07-29T20:11:55","modified_gmt":"2020-07-29T23:11:55","slug":"ma-saude-bucal-e-ligada-a-risco-dobrado-de-demencia-por-ate-20-anos","status":"publish","type":"post","link":"https:\/\/blogs.correiobraziliense.com.br\/datempo\/2020\/07\/29\/ma-saude-bucal-e-ligada-a-risco-dobrado-de-demencia-por-ate-20-anos\/","title":{"rendered":"M\u00e1 sa\u00fade bucal \u00e9 ligada a risco dobrado de dem\u00eancia por at\u00e9 20 anos"},"content":{"rendered":"<figure id=\"attachment_489\" aria-describedby=\"caption-attachment-489\" style=\"width: 1000px\" class=\"wp-caption aligncenter\"><a href=\"https:\/\/blogs.correiobraziliense.com.br\/datempo\/wp-content\/uploads\/sites\/46\/2020\/07\/dente-valendo.jpg\"><img loading=\"lazy\" decoding=\"async\" class=\"size-full wp-image-489\" src=\"https:\/\/blogs.correiobraziliense.com.br\/datempo\/wp-content\/uploads\/sites\/46\/2020\/07\/dente-valendo.jpg\" alt=\"\" width=\"1000\" height=\"606\" srcset=\"https:\/\/blogs.correiobraziliense.com.br\/datempo\/wp-content\/uploads\/sites\/46\/2020\/07\/dente-valendo.jpg 1000w, https:\/\/blogs.correiobraziliense.com.br\/datempo\/wp-content\/uploads\/sites\/46\/2020\/07\/dente-valendo-300x182.jpg 300w, https:\/\/blogs.correiobraziliense.com.br\/datempo\/wp-content\/uploads\/sites\/46\/2020\/07\/dente-valendo-768x465.jpg 768w, https:\/\/blogs.correiobraziliense.com.br\/datempo\/wp-content\/uploads\/sites\/46\/2020\/07\/dente-valendo-550x333.jpg 550w, https:\/\/blogs.correiobraziliense.com.br\/datempo\/wp-content\/uploads\/sites\/46\/2020\/07\/dente-valendo-230x139.jpg 230w\" sizes=\"auto, (max-width: 1000px) 100vw, 1000px\" \/><\/a><figcaption id=\"caption-attachment-489\" class=\"wp-caption-text\">Foto: Delphine Touitou\/AFP<\/figcaption><\/figure>\n<p>Sabia que o estado dos seus dentes e da sua gengiva hoje pode ser um sinal de como estar\u00e1 a sua mem\u00f3ria daqui a 20 anos? A associa\u00e7\u00e3o foi detectada por cientistas americanos ao acompanhar 8.275 pessoas com, em m\u00e9dia, 63 anos. Segundo os autores, a doen\u00e7a gengival mais grave, aquela que leva \u00e0 perda dent\u00e1ria, aumenta em cerca de duas vezes o risco de uma pessoa ter comprometimento cognitivo leve ou dem\u00eancia em at\u00e9 20 anos.<\/p>\n<p>Ryan T. Demmer, pesquisador da Escola de Sa\u00fade P\u00fablica da Universidade de Minnesota, em Minneapolis, enfatiza que o estudo n\u00e3o mostra que problemas bucais causam dem\u00eancia. Na verdade, ele e a equipe detectaram uma rela\u00e7\u00e3o entre os dois problemas, o que refor\u00e7a resultados obtidos em outras pesquisas. No ano passado, por exemplo, um <a href=\"https:\/\/blogs.correiobraziliense.com.br\/datempo\/2019\/06\/21\/escovar-os-dentes-ajuda-a-evitar-o-alzheimer\/\">estudo da Universidade de Bergen<\/a>, na Noruega, mostrou que bact\u00e9rias causadoras da gengivite produzem uma prote\u00edna que destr\u00f3i os neur\u00f4nios, podendo levar \u00e0 perda de mem\u00f3ria.<\/p>\n<p>Para Ryan T. Demmer, essa \u00e9 uma \u00e1rea que merece ser mais investigada. \u201cA boa higiene dental \u00e9 uma maneira comprovada de manter dentes e gengivas saud\u00e1veis durante toda a vida. Mais estudos s\u00e3o necess\u00e1rios para demonstrar a liga\u00e7\u00e3o entre micr\u00f3bios na boca e dem\u00eancia e tamb\u00e9m para entender se o tratamento da doen\u00e7a gengival pode prevenir a doen\u00e7a degenerativa\u201d, diz o cientista.<\/p>\n<h3>Sem dentes<\/h3>\n<p>Os 8.275 participantes do estudo americano n\u00e3o tinham diagn\u00f3stico de dem\u00eancia no in\u00edcio do acompanhamento e foram submetidos a um exame periodontal completo. A sa\u00fade bucal era variada: 22% n\u00e3o tinham doen\u00e7a gengival, 12% apresentavam doen\u00e7a gengival leve, 12% sofriam inflama\u00e7\u00e3o grave da gengiva, 11% tinham perda dent\u00e1ria grave e 20% n\u00e3o tinham dentes.<\/p>\n<p>Duas d\u00e9cadas depois, os cientistas conseguiram avaliar 4.559 pessoas do grupo inicial, sendo que 19% (1.569) tinham desenvolvido dem\u00eancia. A qualidade da sa\u00fade bucal no come\u00e7o da pesquisa se relacionou significativamente com a ocorr\u00eancia da doen\u00e7a degenerativa. A dem\u00eancia foi diagnosticada em 14% dos participantes que tinham gengivas saud\u00e1veis e todos os dentes 20 anos antes. No caso daqueles com doen\u00e7a gengival grave, o \u00edndice foi de 22%. Nos que n\u00e3o tinham dentes, 23%.<\/p>\n<p>Ao considerar tanto o<a href=\"https:\/\/blogs.correiobraziliense.com.br\/datempo\/2020\/07\/15\/em-cinco-anos-diabetes-e-hipertensao-afetam-memoria-e-raciocinio\/\"> comprometimento cognitivo<\/a> leve quanto a dem\u00eancia, os autores conclu\u00edram que o grupo sem dentes apresentou risco cerca de duas vezes maior de desenvolver dem\u00eancia, quando comparado ao formado por pessoas com gengivas saud\u00e1veis e todos os dentes.\u00a0\u00a0Aquelas com doen\u00e7a gengival intermedi\u00e1ria ou grave, mas que tinham dentes, tiveram um risco 20% maior.<\/p>\n<p>J\u00e1 entre os idosos que come\u00e7aram o estudo com poucos comprometimentos dent\u00e1rios, a evolu\u00e7\u00e3o foi positiva. \u201cA boa not\u00edcia \u00e9 que as pessoas com perda dent\u00e1ria m\u00ednima e doen\u00e7a gengival leve n\u00e3o eram mais propensas a desenvolver problemas de pensamento ou dem\u00eancia do que as pessoas sem problemas dent\u00e1rios\u201d, diz Ryan T. Demmer. O estudo foi divulgado na edi\u00e7\u00e3o de hoje da revista <a href=\"http:\/\/www.neurology.org\/\"><em>Neurology.<\/em><\/a><\/p>\n","protected":false},"excerpt":{"rendered":"<p>Sabia que o estado dos seus dentes e da sua gengiva hoje pode ser um sinal de como estar\u00e1 a sua mem\u00f3ria daqui a 20 anos? A associa\u00e7\u00e3o foi detectada por cientistas americanos ao acompanhar 8.275 pessoas com, em m\u00e9dia, 63 anos. Segundo os autores, a doen\u00e7a gengival mais grave, aquela que leva \u00e0 perda dent\u00e1ria, aumenta em cerca de [&hellip;]<\/p>\n","protected":false},"author":99,"featured_media":489,"comment_status":"open","ping_status":"closed","sticky":false,"template":"","format":"standard","meta":{"footnotes":""},"categories":[77,82,80,2,38,3],"tags":[78,56,27,83,6,59],"class_list":["post-487","post","type-post","status-publish","format-standard","has-post-thumbnail","hentry","category-demencia","category-envelhecimento","category-idoso","category-longevidade","category-meia-idade","category-saude","tag-demencia","tag-envelhecimento","tag-idosos","tag-memoria","tag-saude","tag-velhice"],"_links":{"self":[{"href":"https:\/\/blogs.correiobraziliense.com.br\/datempo\/wp-json\/wp\/v2\/posts\/487","targetHints":{"allow":["GET"]}}],"collection":[{"href":"https:\/\/blogs.correiobraziliense.com.br\/datempo\/wp-json\/wp\/v2\/posts"}],"about":[{"href":"https:\/\/blogs.correiobraziliense.com.br\/datempo\/wp-json\/wp\/v2\/types\/post"}],"author":[{"embeddable":true,"href":"https:\/\/blogs.correiobraziliense.com.br\/datempo\/wp-json\/wp\/v2\/users\/99"}],"replies":[{"embeddable":true,"href":"https:\/\/blogs.correiobraziliense.com.br\/datempo\/wp-json\/wp\/v2\/comments?post=487"}],"version-history":[{"count":8,"href":"https:\/\/blogs.correiobraziliense.com.br\/datempo\/wp-json\/wp\/v2\/posts\/487\/revisions"}],"predecessor-version":[{"id":496,"href":"https:\/\/blogs.correiobraziliense.com.br\/datempo\/wp-json\/wp\/v2\/posts\/487\/revisions\/496"}],"wp:featuredmedia":[{"embeddable":true,"href":"https:\/\/blogs.correiobraziliense.com.br\/datempo\/wp-json\/wp\/v2\/media\/489"}],"wp:attachment":[{"href":"https:\/\/blogs.correiobraziliense.com.br\/datempo\/wp-json\/wp\/v2\/media?parent=487"}],"wp:term":[{"taxonomy":"category","embeddable":true,"href":"https:\/\/blogs.correiobraziliense.com.br\/datempo\/wp-json\/wp\/v2\/categories?post=487"},{"taxonomy":"post_tag","embeddable":true,"href":"https:\/\/blogs.correiobraziliense.com.br\/datempo\/wp-json\/wp\/v2\/tags?post=487"}],"curies":[{"name":"wp","href":"https:\/\/api.w.org\/{rel}","templated":true}]}}