{"id":480,"date":"2020-07-23T16:36:17","date_gmt":"2020-07-23T19:36:17","guid":{"rendered":"https:\/\/blogs.correiobraziliense.com.br\/datempo\/?p=480"},"modified":"2020-07-23T16:41:03","modified_gmt":"2020-07-23T19:41:03","slug":"dieta-rica-em-proteina-vegetal-reduz-risco-de-morte-em-12","status":"publish","type":"post","link":"https:\/\/blogs.correiobraziliense.com.br\/datempo\/2020\/07\/23\/dieta-rica-em-proteina-vegetal-reduz-risco-de-morte-em-12\/","title":{"rendered":"Dieta rica em prote\u00edna vegetal reduz risco de morte em 12%"},"content":{"rendered":"<figure id=\"attachment_481\" aria-describedby=\"caption-attachment-481\" style=\"width: 1000px\" class=\"wp-caption aligncenter\"><a href=\"https:\/\/blogs.correiobraziliense.com.br\/datempo\/wp-content\/uploads\/sites\/46\/2020\/07\/salada-valendo.jpg\"><img loading=\"lazy\" decoding=\"async\" class=\"size-full wp-image-481\" src=\"https:\/\/blogs.correiobraziliense.com.br\/datempo\/wp-content\/uploads\/sites\/46\/2020\/07\/salada-valendo.jpg\" alt=\"\" width=\"1000\" height=\"560\" srcset=\"https:\/\/blogs.correiobraziliense.com.br\/datempo\/wp-content\/uploads\/sites\/46\/2020\/07\/salada-valendo.jpg 1000w, https:\/\/blogs.correiobraziliense.com.br\/datempo\/wp-content\/uploads\/sites\/46\/2020\/07\/salada-valendo-300x168.jpg 300w, https:\/\/blogs.correiobraziliense.com.br\/datempo\/wp-content\/uploads\/sites\/46\/2020\/07\/salada-valendo-768x430.jpg 768w, https:\/\/blogs.correiobraziliense.com.br\/datempo\/wp-content\/uploads\/sites\/46\/2020\/07\/salada-valendo-550x308.jpg 550w, https:\/\/blogs.correiobraziliense.com.br\/datempo\/wp-content\/uploads\/sites\/46\/2020\/07\/salada-valendo-230x129.jpg 230w\" sizes=\"auto, (max-width: 1000px) 100vw, 1000px\" \/><\/a><figcaption id=\"caption-attachment-481\" class=\"wp-caption-text\">Foto: Ana Rayssa\/Esp. CB\/D.A. Press.<\/figcaption><\/figure>\n<p>Priorizar a prote\u00edna vegetal, muito presente na couve, na ervilha e no gr\u00e3o-de-bico, por exemplo, tem impacto direto na longevidade. Segundo cientistas brit\u00e2nicos, esse tipo de <a href=\"https:\/\/blogs.correiobraziliense.com.br\/datempo\/2020\/02\/21\/jejum-intermitente-pode-acelerar-o-envelhecimento\/\">dieta<\/a> est\u00e1 associado \u00e0 redu\u00e7\u00e3o em 8% do risco de morte por qualquer causa. No caso das doen\u00e7as cardiovasculares, muito incidentes na meia-idade e na velhice, o benef\u00edcio \u00e9 ainda maior: redu\u00e7\u00e3o de 12%.<\/p>\n<p>Para chegar aos n\u00fameros, os pesquisadores revisaram resultados de 32 estudos sobre risco de morte em adultos. Dessa forma, a an\u00e1lise considerou dados de 715.128 pessoas coletados ao longo de 32 anos. No per\u00edodo, foram registradas 113.039 mortes, sendo 16.429 por doen\u00e7as cardiovasculares e 22.303 por <a href=\"https:\/\/blogs.correiobraziliense.com.br\/datempo\/2018\/10\/31\/idosas-tambem-devem-se-preocupar-com-o-cancer-de-mama\/\">c\u00e2ncer<\/a>. As duas complica\u00e7\u00f5es t\u00eam impacto significativo na longevidade.<\/p>\n<p>Modelos matem\u00e1ticos, que consideraram efeitos da baixa e da alta ingest\u00e3o de prote\u00edna vegetal sobre a mortalidade, ajudaram a equipe a quantificar os benef\u00edcios. A an\u00e1lise tamb\u00e9m mostrou que um aumento de 3% de energia di\u00e1ria em fun\u00e7\u00e3o do consumo de vegetais ricos em prote\u00edna est\u00e1 ligado a um risco 5% menor de morte por todas as causas.<\/p>\n<p>Segundo os autores, a dieta altera positivamente a press\u00e3o arterial, as taxas de colesterol e os n\u00edveis de a\u00e7\u00facar no sangue. Essas mudan\u00e7as evitam a ocorr\u00eancia de complica\u00e7\u00f5es muito associadas ao aumento de risco de morte, como<a href=\"https:\/\/blogs.correiobraziliense.com.br\/datempo\/2020\/07\/15\/em-cinco-anos-diabetes-e-hipertensao-afetam-memoria-e-raciocinio\/\"> diabetes, <\/a>hipertens\u00e3o e derrame.<\/p>\n<h3>Inspira\u00e7\u00e3o para mudar dieta<\/h3>\n<p>As diferen\u00e7as na forma como cada estudo revisado avaliou as dietas e o fato de a maioria deles ter sido feita em pa\u00edses ocidentais limitam os resultados de agora. Por outro lado, os autores indicam como ponto forte da nova pesquisa o grande n\u00famero de participantes. Segundo eles, esse cen\u00e1rio fornece uma vis\u00e3o detalhada sobre a liga\u00e7\u00e3o entre a ingest\u00e3o de prote\u00edna vegetal e o risco de morte.<\/p>\n<p>Por isso, os autores defendem que os resultados sirvam de inspira\u00e7\u00e3o para mudan\u00e7as alimentares. \u201cEssas descobertas t\u00eam implica\u00e7\u00f5es importantes para a sa\u00fade p\u00fablica, pois a ingest\u00e3o de prote\u00ednas vegetais pode ser aumentada com relativa facilidade, substituindo a prote\u00edna animal, e pode ter um grande efeito na longevidade\u201d, escrevem no artigo.<\/p>\n<p>Tamb\u00e9m s\u00e3o ricos em prote\u00edna a lentilha, o espinafre, a quinoa, o br\u00f3colis, o tomate e os cogumelos, entre outros. Em tempos de<a href=\"https:\/\/blogs.correiobraziliense.com.br\/datempo\/2020\/02\/28\/idosos-sao-mais-vulneraveis-ao-coronavirus-saiba-como-se-proteger\/\"> pandemia<\/a>, em que muita gente est\u00e1 se arriscando na cozinha, incluir esses alimentos na dieta pode ajudar na mudan\u00e7a de h\u00e1bitos.<\/p>\n<p>A pesquisa foi conduzida por pesquisadores da Universidade de Ci\u00eancias M\u00e9dicas de Teer\u00e3, no Ir\u00e3, e da Escola de Sa\u00fade P\u00fablica Harvard TH Chan, nos Estados Unidos. Os resultados foram divulgados no <a href=\"https:\/\/www.bmj.com\/news?gclid=EAIaIQobChMImaWQ_8Tf6gIVx5yzCh1DWgE1EAAYASAAEgKBk_D_BwE\">British Medical Journal<\/a>.<\/p>\n","protected":false},"excerpt":{"rendered":"<p>Priorizar a prote\u00edna vegetal, muito presente na couve, na ervilha e no gr\u00e3o-de-bico, por exemplo, tem impacto direto na longevidade. Segundo cientistas brit\u00e2nicos, esse tipo de dieta est\u00e1 associado \u00e0 redu\u00e7\u00e3o em 8% do risco de morte por qualquer causa. No caso das doen\u00e7as cardiovasculares, muito incidentes na meia-idade e na velhice, o benef\u00edcio \u00e9 ainda maior: redu\u00e7\u00e3o de 12%. [&hellip;]<\/p>\n","protected":false},"author":99,"featured_media":481,"comment_status":"open","ping_status":"closed","sticky":false,"template":"","format":"standard","meta":{"footnotes":""},"categories":[8,31,51,79,36,80,2,38,3,58],"tags":[9,21,81,56,27,4,40,6,59],"class_list":["post-480","post","type-post","status-publish","format-standard","has-post-thumbnail","hentry","category-alimentacao","category-derrame","category-diabetes","category-dieta","category-hipertensao","category-idoso","category-longevidade","category-meia-idade","category-saude","category-velhice","tag-alimentacao","tag-blogdatempo","tag-dieta","tag-envelhecimento","tag-idosos","tag-longevidade","tag-meia-idade","tag-saude","tag-velhice"],"_links":{"self":[{"href":"https:\/\/blogs.correiobraziliense.com.br\/datempo\/wp-json\/wp\/v2\/posts\/480","targetHints":{"allow":["GET"]}}],"collection":[{"href":"https:\/\/blogs.correiobraziliense.com.br\/datempo\/wp-json\/wp\/v2\/posts"}],"about":[{"href":"https:\/\/blogs.correiobraziliense.com.br\/datempo\/wp-json\/wp\/v2\/types\/post"}],"author":[{"embeddable":true,"href":"https:\/\/blogs.correiobraziliense.com.br\/datempo\/wp-json\/wp\/v2\/users\/99"}],"replies":[{"embeddable":true,"href":"https:\/\/blogs.correiobraziliense.com.br\/datempo\/wp-json\/wp\/v2\/comments?post=480"}],"version-history":[{"count":4,"href":"https:\/\/blogs.correiobraziliense.com.br\/datempo\/wp-json\/wp\/v2\/posts\/480\/revisions"}],"predecessor-version":[{"id":486,"href":"https:\/\/blogs.correiobraziliense.com.br\/datempo\/wp-json\/wp\/v2\/posts\/480\/revisions\/486"}],"wp:featuredmedia":[{"embeddable":true,"href":"https:\/\/blogs.correiobraziliense.com.br\/datempo\/wp-json\/wp\/v2\/media\/481"}],"wp:attachment":[{"href":"https:\/\/blogs.correiobraziliense.com.br\/datempo\/wp-json\/wp\/v2\/media?parent=480"}],"wp:term":[{"taxonomy":"category","embeddable":true,"href":"https:\/\/blogs.correiobraziliense.com.br\/datempo\/wp-json\/wp\/v2\/categories?post=480"},{"taxonomy":"post_tag","embeddable":true,"href":"https:\/\/blogs.correiobraziliense.com.br\/datempo\/wp-json\/wp\/v2\/tags?post=480"}],"curies":[{"name":"wp","href":"https:\/\/api.w.org\/{rel}","templated":true}]}}