{"id":475,"date":"2020-07-18T16:29:24","date_gmt":"2020-07-18T19:29:24","guid":{"rendered":"https:\/\/blogs.correiobraziliense.com.br\/datempo\/?p=475"},"modified":"2020-07-18T16:29:24","modified_gmt":"2020-07-18T19:29:24","slug":"covid-19-pode-levar-a-uma-trombose-fatal","status":"publish","type":"post","link":"https:\/\/blogs.correiobraziliense.com.br\/datempo\/2020\/07\/18\/covid-19-pode-levar-a-uma-trombose-fatal\/","title":{"rendered":"Covid-19 pode levar a uma trombose fatal"},"content":{"rendered":"<figure id=\"attachment_476\" aria-describedby=\"caption-attachment-476\" style=\"width: 900px\" class=\"wp-caption aligncenter\"><a href=\"https:\/\/blogs.correiobraziliense.com.br\/datempo\/wp-content\/uploads\/sites\/46\/2020\/07\/trombose-valendo.jpg\"><img loading=\"lazy\" decoding=\"async\" class=\"size-full wp-image-476\" src=\"https:\/\/blogs.correiobraziliense.com.br\/datempo\/wp-content\/uploads\/sites\/46\/2020\/07\/trombose-valendo.jpg\" alt=\"\" width=\"900\" height=\"600\" srcset=\"https:\/\/blogs.correiobraziliense.com.br\/datempo\/wp-content\/uploads\/sites\/46\/2020\/07\/trombose-valendo.jpg 900w, https:\/\/blogs.correiobraziliense.com.br\/datempo\/wp-content\/uploads\/sites\/46\/2020\/07\/trombose-valendo-300x200.jpg 300w, https:\/\/blogs.correiobraziliense.com.br\/datempo\/wp-content\/uploads\/sites\/46\/2020\/07\/trombose-valendo-768x512.jpg 768w, https:\/\/blogs.correiobraziliense.com.br\/datempo\/wp-content\/uploads\/sites\/46\/2020\/07\/trombose-valendo-550x367.jpg 550w, https:\/\/blogs.correiobraziliense.com.br\/datempo\/wp-content\/uploads\/sites\/46\/2020\/07\/trombose-valendo-230x153.jpg 230w\" sizes=\"auto, (max-width: 900px) 100vw, 900px\" \/><\/a><figcaption id=\"caption-attachment-476\" class=\"wp-caption-text\">Foto: Ronaldo Schemidt\/AFP<\/figcaption><\/figure>\n<p>A infec\u00e7\u00e3o pelo novo coronav\u00edrus \u00e9 ligada ao surgimento de tromboses mais graves. Isso porque os co\u00e1gulos formados nas pernas comprometem o fluxo sangu\u00edneo em art\u00e9rias importantes, elevando o risco de morte e amputa\u00e7\u00e3o. O alerta \u00e9 feito por pesquisadores do Centro M\u00e9dico Montefiore, em Nova Yok. Eles ficaram intrigados com o aumento de pacientes com covid-19 apresentando sinais de trombose. Ao investigar os casos, chegaram \u00e0 conclus\u00e3o de que a combina\u00e7\u00e3o de complica\u00e7\u00f5es leva \u201ca resultados terr\u00edveis\u201d.<\/p>\n<p>O risco de amputa\u00e7\u00e3o aumentou 25%. E o de morte, 38%. \u201cPara compara\u00e7\u00e3o, a taxa de amputa\u00e7\u00e3o e morte foi de 3% entre os pacientes do grupo controle (apenas com trombose)\u201d, afirma Inessa A. Goldman, uma das pesquisadoras. A trombose pode ocorrer em qualquer fase da vida, mas \u00e9 mais comum na meia-idade e na velhice. Todos os pacientes analisados na pesquisa eram idosos, com, em m\u00e9dia, 70 anos.<\/p>\n<p>Ao todo, 48 pessoas foram acompanhadas entre mar\u00e7o e abril. Dessas, 16 foram hospitalizadas por<a href=\"https:\/\/blogs.correiobraziliense.com.br\/datempo\/2020\/02\/28\/idosos-sao-mais-vulneraveis-ao-coronavirus-saiba-como-se-proteger\/\"> covid-19<\/a> e reclamavam de frio, dor ou descolora\u00e7\u00e3o das pernas, que s\u00e3o sinais de trombose. Esses sintomas acontecem porque os co\u00e1gulos dificultam o fluxo sangu\u00edneo nas extremidades dos membros. Os pacientes internados tamb\u00e9m tinham queixa de desconforto respirat\u00f3rio, tosse, febre e estado mental alterado. Eles foram submetidos a um exame de imagem das penas. Os resultados mostraram que todos tinham ao menos um co\u00e1gulo.<\/p>\n<p>Como compara\u00e7\u00e3o, os pesquisadores usaram dados de 32 pacientes com perfis cl\u00ednico e demogr\u00e1fico semelhantes. Essas pessoas foram submetidas ao mesmo exame de imagem, mas em anos anteriores, quando n\u00e3o havia a covid-19. Nesse caso, 69% foram diagnosticadas com trombose. O estudo mostrou ainda que, no caso dos pacientes com covid-19 e trombose, os co\u00e1gulos eram significativamente maiores e afetavam as art\u00e9rias mais altas das pernas, aumentando o<a href=\"https:\/\/blogs.correiobraziliense.com.br\/datempo\/2020\/06\/24\/vacina-da-gripe-comum-reduz-o-risco-de-morte-na-uti\/\"> risco de morte<\/a> e de amputa\u00e7\u00e3o.<\/p>\n<h3>Maior coagula\u00e7\u00e3o<\/h3>\n<p>Segundo Inessa A. Goldman, n\u00e3o est\u00e3o claras as raz\u00f5es da associa\u00e7\u00e3o entre a covid-19 e a trombose. A equipe acredita que haja uma combina\u00e7\u00e3o de fatores, incluindo maior tend\u00eancia de coagula\u00e7\u00e3o do sangue, de danos ao revestimento das art\u00e9rias e de aumento das rea\u00e7\u00f5es imunol\u00f3gicas.<\/p>\n<p>Enquanto n\u00e3o se chega a uma conclus\u00e3o, a radiologista recomenda que os m\u00e9dicos fiquem atentos a essa conex\u00e3o de problemas. \u201cA conscientiza\u00e7\u00e3o da trombose arterial dos membros inferiores como uma poss\u00edvel complica\u00e7\u00e3o da infec\u00e7\u00e3o por covid-19 \u00e9 importante para todos os profissionais que cuidam desses pacientes porque o diagn\u00f3stico precoce geralmente \u00e9 crucial para a preserva\u00e7\u00e3o dos membros\u201d, justifica. A pesquisa foi publicada neste m\u00eas, na revista especializada <a href=\"https:\/\/pubs.rsna.org\/journal\/radiology\"><em>Radiology.<\/em> <\/a><\/p>\n","protected":false},"excerpt":{"rendered":"<p>A infec\u00e7\u00e3o pelo novo coronav\u00edrus \u00e9 ligada ao surgimento de tromboses mais graves. Isso porque os co\u00e1gulos formados nas pernas comprometem o fluxo sangu\u00edneo em art\u00e9rias importantes, elevando o risco de morte e amputa\u00e7\u00e3o. O alerta \u00e9 feito por pesquisadores do Centro M\u00e9dico Montefiore, em Nova Yok. Eles ficaram intrigados com o aumento de pacientes com covid-19 apresentando sinais de [&hellip;]<\/p>\n","protected":false},"author":99,"featured_media":476,"comment_status":"open","ping_status":"closed","sticky":false,"template":"","format":"standard","meta":{"footnotes":""},"categories":[73,2,38,3,58],"tags":[21,75,74,56,27,4,40,6,59],"class_list":["post-475","post","type-post","status-publish","format-standard","has-post-thumbnail","hentry","category-covid-19","category-longevidade","category-meia-idade","category-saude","category-velhice","tag-blogdatempo","tag-coronavirus","tag-covid-19","tag-envelhecimento","tag-idosos","tag-longevidade","tag-meia-idade","tag-saude","tag-velhice"],"_links":{"self":[{"href":"https:\/\/blogs.correiobraziliense.com.br\/datempo\/wp-json\/wp\/v2\/posts\/475","targetHints":{"allow":["GET"]}}],"collection":[{"href":"https:\/\/blogs.correiobraziliense.com.br\/datempo\/wp-json\/wp\/v2\/posts"}],"about":[{"href":"https:\/\/blogs.correiobraziliense.com.br\/datempo\/wp-json\/wp\/v2\/types\/post"}],"author":[{"embeddable":true,"href":"https:\/\/blogs.correiobraziliense.com.br\/datempo\/wp-json\/wp\/v2\/users\/99"}],"replies":[{"embeddable":true,"href":"https:\/\/blogs.correiobraziliense.com.br\/datempo\/wp-json\/wp\/v2\/comments?post=475"}],"version-history":[{"count":3,"href":"https:\/\/blogs.correiobraziliense.com.br\/datempo\/wp-json\/wp\/v2\/posts\/475\/revisions"}],"predecessor-version":[{"id":479,"href":"https:\/\/blogs.correiobraziliense.com.br\/datempo\/wp-json\/wp\/v2\/posts\/475\/revisions\/479"}],"wp:featuredmedia":[{"embeddable":true,"href":"https:\/\/blogs.correiobraziliense.com.br\/datempo\/wp-json\/wp\/v2\/media\/476"}],"wp:attachment":[{"href":"https:\/\/blogs.correiobraziliense.com.br\/datempo\/wp-json\/wp\/v2\/media?parent=475"}],"wp:term":[{"taxonomy":"category","embeddable":true,"href":"https:\/\/blogs.correiobraziliense.com.br\/datempo\/wp-json\/wp\/v2\/categories?post=475"},{"taxonomy":"post_tag","embeddable":true,"href":"https:\/\/blogs.correiobraziliense.com.br\/datempo\/wp-json\/wp\/v2\/tags?post=475"}],"curies":[{"name":"wp","href":"https:\/\/api.w.org\/{rel}","templated":true}]}}