{"id":468,"date":"2020-07-15T17:35:04","date_gmt":"2020-07-15T20:35:04","guid":{"rendered":"https:\/\/blogs.correiobraziliense.com.br\/datempo\/?p=468"},"modified":"2020-07-15T17:35:04","modified_gmt":"2020-07-15T20:35:04","slug":"em-cinco-anos-diabetes-e-hipertensao-afetam-memoria-e-raciocinio","status":"publish","type":"post","link":"https:\/\/blogs.correiobraziliense.com.br\/datempo\/2020\/07\/15\/em-cinco-anos-diabetes-e-hipertensao-afetam-memoria-e-raciocinio\/","title":{"rendered":"Em cinco anos, diabetes e hipertens\u00e3o afetam mem\u00f3ria e racioc\u00ednio"},"content":{"rendered":"<figure id=\"attachment_469\" aria-describedby=\"caption-attachment-469\" style=\"width: 1000px\" class=\"wp-caption aligncenter\"><a href=\"https:\/\/blogs.correiobraziliense.com.br\/datempo\/wp-content\/uploads\/sites\/46\/2020\/07\/pressao-valendo.jpg\"><img loading=\"lazy\" decoding=\"async\" class=\"size-full wp-image-469\" src=\"https:\/\/blogs.correiobraziliense.com.br\/datempo\/wp-content\/uploads\/sites\/46\/2020\/07\/pressao-valendo.jpg\" alt=\"\" width=\"1000\" height=\"601\" srcset=\"https:\/\/blogs.correiobraziliense.com.br\/datempo\/wp-content\/uploads\/sites\/46\/2020\/07\/pressao-valendo.jpg 1000w, https:\/\/blogs.correiobraziliense.com.br\/datempo\/wp-content\/uploads\/sites\/46\/2020\/07\/pressao-valendo-300x180.jpg 300w, https:\/\/blogs.correiobraziliense.com.br\/datempo\/wp-content\/uploads\/sites\/46\/2020\/07\/pressao-valendo-768x462.jpg 768w, https:\/\/blogs.correiobraziliense.com.br\/datempo\/wp-content\/uploads\/sites\/46\/2020\/07\/pressao-valendo-550x331.jpg 550w, https:\/\/blogs.correiobraziliense.com.br\/datempo\/wp-content\/uploads\/sites\/46\/2020\/07\/pressao-valendo-230x138.jpg 230w\" sizes=\"auto, (max-width: 1000px) 100vw, 1000px\" \/><\/a><figcaption id=\"caption-attachment-469\" class=\"wp-caption-text\">Foto: Robyn Beck\/AFP<\/figcaption><\/figure>\n<p>Comuns na meia-idade, a<a href=\"https:\/\/blogs.correiobraziliense.com.br\/datempo\/2019\/03\/22\/manter-a-pressao-arterial-sob-controle-reduz-lesoes-no-cerebro\/\"> hipertens\u00e3o<\/a> e o diabetes podem comprometer o racioc\u00ednio e a mem\u00f3ria rapidamente. Cinco anos com essas doen\u00e7as s\u00e3o suficientes para que uma pessoa sofra perdas cognitiva. Entre diab\u00e9ticos, por exemplo, o risco de decl\u00ednio chega a aumentar tr\u00eas vezes. A descoberta foi feita por pesquisadores estadunidenses e serve de alerta para a import\u00e2ncia de manter essas enfermidades sob controle como forma de evitar tamb\u00e9m uma das complica\u00e7\u00f5es mais debilitantes na velhice: a dem\u00eancia.<\/p>\n<p>\u201c\u00c9 encorajador saber que existem comportamentos que as pessoas podem modificar na meia-idade para ajudar a evitar os maiores decl\u00ednios no pensamento e na mem\u00f3ria \u00e0 medida que envelhecem\u201d, enfatiza Kristine Yaffe, pesquisadora da Universidade da Calif\u00f3rnia, em S\u00e3o Francisco, e autora do estudo, divulgado, hoje, na<a href=\"http:\/\/www.neurology.org\/\"> Neurology<\/a>, revista m\u00e9dica da Academia Americana de Neurologia.<\/p>\n<p>Os cientistas chegaram \u00e0 conclus\u00e3o ap\u00f3s acompanhar 2.675 pessoas com idade m\u00e9dia de 50 anos e sem dem\u00eancia. No in\u00edcio do estudo, os volunt\u00e1rios tiveram os fatores de risco avaliados e foram submetidos a testes de racioc\u00ednio e mem\u00f3ria. Dos participantes, 43% eram considerados obesos, 31% tinham press\u00e3o alta, 15% eram fumantes, 11% tinham diabetes e 9% tinham colesterol alto.<\/p>\n<p>Cinco anos depois, os procedimentos foram repetidos, e a equipe percebeu que houve decl\u00ednio nos testes. Segundo os pesquisadores, os desempenhos piores nas tarefas de pensamento e mem\u00f3ria n\u00e3o podem ser definidos como dem\u00eancia, mas aconteceram significativamente de foma mais r\u00e1pida, quando comparados \u00e0 performance de um grupo de adultos com idades semelhantes e sem as complica\u00e7\u00f5es de sa\u00fade.<\/p>\n<h3>Diab\u00e9ticos s\u00e3o mais vulner\u00e1veis<\/h3>\n<p>Ap\u00f3s ajustar fatores que podem afetar o risco de decl\u00ednio cognitivo, como idade e educa\u00e7\u00e3o, os cientistas conclu\u00edram que o <a href=\"https:\/\/blogs.correiobraziliense.com.br\/datempo\/2019\/06\/25\/remedio-para-baixar-o-colesterol-pode-causar-diabetes\/\">diabetes<\/a> \u00e9 a doen\u00e7a que pode causar maior impacto. Em cinco anos, o risco de decl\u00ednio cognitivo em diab\u00e9ticos aumentou tr\u00eas vezes. No caso da hipertens\u00e3o, o aumento foi de 87%. Para fumantes, de 65%.<\/p>\n<p>A pesquisa mostrou ainda que ter mais de um desses fatores de risco aumenta consideravelmente a vulnerabilidade cognitiva. Um diab\u00e9tico hipertenso, por exemplo, tem quase duas vezes mais chance de sofrer um decl\u00ednio acelerado do que uma pessoa sem fatores de risco. Se ele for fumante, o risco triplica.<\/p>\n<h3>D\u00e1 para prevenir<\/h3>\n<p>Surpreendentemente, o colesterol alto e a <a href=\"https:\/\/blogs.correiobraziliense.com.br\/datempo\/2019\/06\/25\/remedio-para-baixar-o-colesterol-pode-causar-diabetes\/\">obesidade<\/a> n\u00e3o interferiram significativamente no pensamento e na mem\u00f3ria dos participantes. \u201cOutros estudos mostraram uma liga\u00e7\u00e3o entre obesidade e dem\u00eancia, mas principalmente em adultos mais velhos. Enquanto isso, os estudos que examinam o colesterol alto e a dem\u00eancia tiveram resultados mistos. Portanto, nossa pesquisa se soma a esses estudos\u201d, avalia Kristine Yaffe.<\/p>\n<p>A cientista chama a aten\u00e7\u00e3o ainda para o fato de que as constata\u00e7\u00f5es podem servir de est\u00edmulo para mudan\u00e7as nas pr\u00e1ticas m\u00e9dicas e nos cuidados com a sa\u00fade na meia-idade. \u201cA maioria dos esfor\u00e7os de preven\u00e7\u00e3o de sa\u00fade p\u00fablica concentra-se em adultos mais velhos, mas nosso estudo sugere a necessidade de analisar o desempenho cognitivo ao longo da vida. Adultos de meia-idade que t\u00eam um ou mais fatores de risco cardiovascular devem ser pessoas que precisam ser monitoradas e educadas sobre escolhas de estilos de vida saud\u00e1veis\u201d, justifica.<\/p>\n<p>&nbsp;<\/p>\n<p>&nbsp;<\/p>\n<p>&nbsp;<\/p>\n","protected":false},"excerpt":{"rendered":"<p>Comuns na meia-idade, a hipertens\u00e3o e o diabetes podem comprometer o racioc\u00ednio e a mem\u00f3ria rapidamente. Cinco anos com essas doen\u00e7as s\u00e3o suficientes para que uma pessoa sofra perdas cognitiva. Entre diab\u00e9ticos, por exemplo, o risco de decl\u00ednio chega a aumentar tr\u00eas vezes. A descoberta foi feita por pesquisadores estadunidenses e serve de alerta para a import\u00e2ncia de manter essas [&hellip;]<\/p>\n","protected":false},"author":99,"featured_media":469,"comment_status":"open","ping_status":"closed","sticky":false,"template":"","format":"standard","meta":{"footnotes":""},"categories":[28,77,51,36,2,38,3],"tags":[30,21,78,37,27,4,40,6,59],"class_list":["post-468","post","type-post","status-publish","format-standard","has-post-thumbnail","hentry","category-alzheimer","category-demencia","category-diabetes","category-hipertensao","category-longevidade","category-meia-idade","category-saude","tag-alzheimer","tag-blogdatempo","tag-demencia","tag-hipertensao","tag-idosos","tag-longevidade","tag-meia-idade","tag-saude","tag-velhice"],"_links":{"self":[{"href":"https:\/\/blogs.correiobraziliense.com.br\/datempo\/wp-json\/wp\/v2\/posts\/468","targetHints":{"allow":["GET"]}}],"collection":[{"href":"https:\/\/blogs.correiobraziliense.com.br\/datempo\/wp-json\/wp\/v2\/posts"}],"about":[{"href":"https:\/\/blogs.correiobraziliense.com.br\/datempo\/wp-json\/wp\/v2\/types\/post"}],"author":[{"embeddable":true,"href":"https:\/\/blogs.correiobraziliense.com.br\/datempo\/wp-json\/wp\/v2\/users\/99"}],"replies":[{"embeddable":true,"href":"https:\/\/blogs.correiobraziliense.com.br\/datempo\/wp-json\/wp\/v2\/comments?post=468"}],"version-history":[{"count":4,"href":"https:\/\/blogs.correiobraziliense.com.br\/datempo\/wp-json\/wp\/v2\/posts\/468\/revisions"}],"predecessor-version":[{"id":473,"href":"https:\/\/blogs.correiobraziliense.com.br\/datempo\/wp-json\/wp\/v2\/posts\/468\/revisions\/473"}],"wp:featuredmedia":[{"embeddable":true,"href":"https:\/\/blogs.correiobraziliense.com.br\/datempo\/wp-json\/wp\/v2\/media\/469"}],"wp:attachment":[{"href":"https:\/\/blogs.correiobraziliense.com.br\/datempo\/wp-json\/wp\/v2\/media?parent=468"}],"wp:term":[{"taxonomy":"category","embeddable":true,"href":"https:\/\/blogs.correiobraziliense.com.br\/datempo\/wp-json\/wp\/v2\/categories?post=468"},{"taxonomy":"post_tag","embeddable":true,"href":"https:\/\/blogs.correiobraziliense.com.br\/datempo\/wp-json\/wp\/v2\/tags?post=468"}],"curies":[{"name":"wp","href":"https:\/\/api.w.org\/{rel}","templated":true}]}}