{"id":455,"date":"2020-06-24T16:58:52","date_gmt":"2020-06-24T19:58:52","guid":{"rendered":"http:\/\/blogs.correiobraziliense.com.br\/datempo\/?p=442"},"modified":"2020-07-05T01:26:17","modified_gmt":"2020-07-05T04:26:17","slug":"vacina-da-gripe-comum-reduz-o-risco-de-morte-na-uti","status":"publish","type":"post","link":"https:\/\/blogs.correiobraziliense.com.br\/datempo\/2020\/06\/24\/vacina-da-gripe-comum-reduz-o-risco-de-morte-na-uti\/","title":{"rendered":"Vacina da gripe comum reduz o risco de morte na UTI"},"content":{"rendered":"<p>&nbsp;<\/p>\n<figure id=\"attachment_439\" aria-describedby=\"caption-attachment-439\" style=\"width: 1000px\" class=\"wp-caption aligncenter\"><a href=\"https:\/\/blogs.correiobraziliense.com.br\/datempo\/wp-content\/uploads\/sites\/46\/2020\/06\/vacina-valendo-1.jpg\"><img loading=\"lazy\" decoding=\"async\" class=\"size-full wp-image-439\" src=\"https:\/\/blogs.correiobraziliense.com.br\/datempo\/wp-content\/uploads\/sites\/46\/2020\/06\/vacina-valendo-1.jpg\" alt=\"\" width=\"1000\" height=\"603\" \/><\/a><figcaption id=\"caption-attachment-439\" class=\"wp-caption-text\">Foto: AFP\/Norberto Duarte<\/figcaption><\/figure>\n<p>Se voc\u00ea ainda n\u00e3o se vacinou contra a gripe, um estudo dinamarqu\u00eas pode te ajudar a mudar de ideia. Ap\u00f3s avaliar dados de quase 90 mil pessoas com mais de 65 anos, cientistas da Universidade de Aarhus conclu\u00edram que a vacina\u00e7\u00e3o reduz o risco de morte em idosos internados nas UTIs. A prote\u00e7\u00e3o acontece, inclusive, nos idosos que t\u00eam as doen\u00e7as cr\u00f4nicas mais comuns, como <a href=\"http:\/\/blogs.correiobraziliense.com.br\/datempo\/2019\/03\/22\/manter-a-pressao-arterial-sob-controle-reduz-lesoes-no-cerebro\/\">hipertens\u00e3o<\/a> e diabetes. Acredita-se que a vacina tamb\u00e9m ajude os infectados pelo novo\u00a0<a href=\"http:\/\/blogs.correiobraziliense.com.br\/datempo\/2020\/02\/28\/idosos-sao-mais-vulneraveis-ao-coronavirus-saiba-como-se-proteger\/\">coronav\u00edrus.<\/a><\/p>\n<p>Os pesquisadores analisaram as informa\u00e7\u00f5es de idosos internados na UTI ao longo de 11 anos por motivos diversos. Independentemente da causa que levou ao tratamento intensivo, a vacina contra a gripe comum fez diferen\u00e7a. Ela evitou, principalmente, a forma\u00e7\u00e3o de co\u00e1gulos sangu\u00edneos no c\u00e9rebro, chamados de derrame. A redu\u00e7\u00e3o do risco de ocorr\u00eancia de derrame foi de 16%.<\/p>\n<p>A taxa de mortalidade tamb\u00e9m \u00e9 reduzida entre os que se protegeram da <a href=\"http:\/\/blogs.correiobraziliense.com.br\/datempo\/2019\/07\/19\/reforce-os-agasalhos-os-idosos-sentem-mais-frio\/\">gripe<\/a> e tiveram alta da UTI. O risco de morrer foi 8% menor durante o primeiro ano ap\u00f3s a sa\u00edda do hospital. Em m\u00e9dia, 20% dos pacientes que deixam a UTI, independentemente da idade, morrem no primeiro ano devido a complica\u00e7\u00f5es.<\/p>\n<p>\u201cNosso estudo mostra que h\u00e1 menos mortes e complica\u00e7\u00f5es graves entre os pacientes que foram vacinados contra a influenza. Portanto, isso apoia a recomenda\u00e7\u00e3o atual de que idosos devem ser vacinados\u201d, enfatiza Christian Fynbo Christiansen, professor cl\u00ednico do hospital da universidade dinamarquesa e l\u00edder do estudo, divulgado no jornal <em>Intensive Care Medicine. <\/em><\/p>\n<h3>Campanha<\/h3>\n<p>Segundo Christiansen, o estudo \u00e9 o primeiro a demonstrar outros efeitos da vacina da gripe comum em idosos, al\u00e9m da imuniza\u00e7\u00e3o. H\u00e1 pesquisas mostrando que a vacina reduz risco de infec\u00e7\u00f5es bacterianas e de ataques card\u00edacos, mas em pessoas mais novas. Apesar do resultado in\u00e9dito, o cientista ressalta que n\u00e3o se pode dizer, com 100% de certeza, que o risco de derrame e morte \u00e9 menor apenas por causa da vacina.<\/p>\n<p>\u201cMas podemos ver que os idosos que foram vacinados se saem melhor em caso de doen\u00e7a grave. Isso sugere que seria bom se mais pessoas idosas recebessem a vacina. Ainda mais porque a vacina \u00e9 segura e barata\u201d, defende. Christiansen lembra que os resultados do estudo s\u00e3o tamb\u00e9m importantes devido \u00e0 resist\u00eancia \u00e0 vacina\u00e7\u00e3o na Europa. Segundo o pesquisador, menos de 40% dos idosos europeus aderem \u00e0 vacina\u00e7\u00e3o contra a gripe comum.<\/p>\n<p>No Brasil, a campanha de vacina\u00e7\u00e3o foi prorrogada at\u00e9 o pr\u00f3ximo dia 30. Isso porque apenas 63,5% do p\u00fablico-alvo, do qual os idosos fazem parte, foram se vacinar contra a influenza. A meta original do <a href=\"https:\/\/saude.gov.br\/\">Minist\u00e9rio da Sa\u00fade<\/a> era chegar a 90%. Vale lembrar que os idosos tamb\u00e9m s\u00e3o mais vulner\u00e1veis ao novo coronav\u00edrus, e que o agravamento da doen\u00e7a causada por ele, a covid-19, geralmente exige tratamento na UTI.<\/p>\n","protected":false},"excerpt":{"rendered":"<p>&nbsp; Se voc\u00ea ainda n\u00e3o se vacinou contra a gripe, um estudo dinamarqu\u00eas pode te ajudar a mudar de ideia. Ap\u00f3s avaliar dados de quase 90 mil pessoas com mais de 65 anos, cientistas da Universidade de Aarhus conclu\u00edram que a vacina\u00e7\u00e3o reduz o risco de morte em idosos internados nas UTIs. A prote\u00e7\u00e3o acontece, inclusive, nos idosos que t\u00eam [&hellip;]<\/p>\n","protected":false},"author":99,"featured_media":458,"comment_status":"open","ping_status":"closed","sticky":false,"template":"","format":"standard","meta":{"footnotes":""},"categories":[73,51,36,2,3,58],"tags":[21,74,56,76,27,4,6,59],"class_list":["post-455","post","type-post","status-publish","format-standard","has-post-thumbnail","hentry","category-covid-19","category-diabetes","category-hipertensao","category-longevidade","category-saude","category-velhice","tag-blogdatempo","tag-covid-19","tag-envelhecimento","tag-gripe","tag-idosos","tag-longevidade","tag-saude","tag-velhice"],"_links":{"self":[{"href":"https:\/\/blogs.correiobraziliense.com.br\/datempo\/wp-json\/wp\/v2\/posts\/455","targetHints":{"allow":["GET"]}}],"collection":[{"href":"https:\/\/blogs.correiobraziliense.com.br\/datempo\/wp-json\/wp\/v2\/posts"}],"about":[{"href":"https:\/\/blogs.correiobraziliense.com.br\/datempo\/wp-json\/wp\/v2\/types\/post"}],"author":[{"embeddable":true,"href":"https:\/\/blogs.correiobraziliense.com.br\/datempo\/wp-json\/wp\/v2\/users\/99"}],"replies":[{"embeddable":true,"href":"https:\/\/blogs.correiobraziliense.com.br\/datempo\/wp-json\/wp\/v2\/comments?post=455"}],"version-history":[{"count":1,"href":"https:\/\/blogs.correiobraziliense.com.br\/datempo\/wp-json\/wp\/v2\/posts\/455\/revisions"}],"predecessor-version":[{"id":459,"href":"https:\/\/blogs.correiobraziliense.com.br\/datempo\/wp-json\/wp\/v2\/posts\/455\/revisions\/459"}],"wp:featuredmedia":[{"embeddable":true,"href":"https:\/\/blogs.correiobraziliense.com.br\/datempo\/wp-json\/wp\/v2\/media\/458"}],"wp:attachment":[{"href":"https:\/\/blogs.correiobraziliense.com.br\/datempo\/wp-json\/wp\/v2\/media?parent=455"}],"wp:term":[{"taxonomy":"category","embeddable":true,"href":"https:\/\/blogs.correiobraziliense.com.br\/datempo\/wp-json\/wp\/v2\/categories?post=455"},{"taxonomy":"post_tag","embeddable":true,"href":"https:\/\/blogs.correiobraziliense.com.br\/datempo\/wp-json\/wp\/v2\/tags?post=455"}],"curies":[{"name":"wp","href":"https:\/\/api.w.org\/{rel}","templated":true}]}}