{"id":429,"date":"2020-05-06T18:52:37","date_gmt":"2020-05-06T21:52:37","guid":{"rendered":"https:\/\/blogs.correiobraziliense.com.br\/datempo\/?p=429"},"modified":"2020-05-06T18:52:37","modified_gmt":"2020-05-06T21:52:37","slug":"os-oculos-podem-transmitir-o-coronavirus-saiba-como-evitar","status":"publish","type":"post","link":"https:\/\/blogs.correiobraziliense.com.br\/datempo\/2020\/05\/06\/os-oculos-podem-transmitir-o-coronavirus-saiba-como-evitar\/","title":{"rendered":"Os \u00f3culos podem transmitir o coronav\u00edrus: saiba como evitar"},"content":{"rendered":"<figure id=\"attachment_431\" aria-describedby=\"caption-attachment-431\" style=\"width: 994px\" class=\"wp-caption aligncenter\"><a href=\"https:\/\/blogs.correiobraziliense.com.br\/datempo\/wp-content\/uploads\/sites\/46\/2020\/05\/oculos-valendo.jpg\"><img loading=\"lazy\" decoding=\"async\" class=\"size-full wp-image-431\" src=\"https:\/\/blogs.correiobraziliense.com.br\/datempo\/wp-content\/uploads\/sites\/46\/2020\/05\/oculos-valendo.jpg\" alt=\"\" width=\"994\" height=\"620\" srcset=\"https:\/\/blogs.correiobraziliense.com.br\/datempo\/wp-content\/uploads\/sites\/46\/2020\/05\/oculos-valendo.jpg 994w, https:\/\/blogs.correiobraziliense.com.br\/datempo\/wp-content\/uploads\/sites\/46\/2020\/05\/oculos-valendo-300x187.jpg 300w, https:\/\/blogs.correiobraziliense.com.br\/datempo\/wp-content\/uploads\/sites\/46\/2020\/05\/oculos-valendo-768x479.jpg 768w, https:\/\/blogs.correiobraziliense.com.br\/datempo\/wp-content\/uploads\/sites\/46\/2020\/05\/oculos-valendo-550x343.jpg 550w, https:\/\/blogs.correiobraziliense.com.br\/datempo\/wp-content\/uploads\/sites\/46\/2020\/05\/oculos-valendo-230x143.jpg 230w\" sizes=\"auto, (max-width: 994px) 100vw, 994px\" \/><\/a><figcaption id=\"caption-attachment-431\" class=\"wp-caption-text\">Foto: Ina Fassbender\/AFP<\/figcaption><\/figure>\n<p>A<a href=\"https:\/\/blogs.correiobraziliense.com.br\/datempo\/2020\/04\/17\/depois-que-a-quarentena-acabar-dance-com-os-seus-avos\/\"> pandemia<\/a> de Covid-19 incorporou novos h\u00e1bitos e objetos \u00e0 rotina. Lavar as m\u00e3os regularmente e usar m\u00e1scaras s\u00e3o dois conselhos muito repetidos. Segui-los, por\u00e9m, n\u00e3o \u00e9 f\u00e1cil para boa parte dos idosos e de quem chegou \u00e0 meia-idade. Isso porque muitas dessas pessoas usa \u00f3culos. E combinar essas tr\u00eas obriga\u00e7\u00f5es \u2014 m\u00e3os, m\u00e1scara e \u00f3culos limpos \u2014 nem sempre \u00e9 t\u00e3o simples.<\/p>\n<p>A infectologista Marli Sartori, do Hospital Santa L\u00facia, em Bras\u00edlia, indica que estar com as m\u00e3os livres de v\u00edrus e bact\u00e9rias \u00e9 o mais importante dos cuidados. \u201cAs m\u00e3os s\u00e3o a principal fonte de infec\u00e7\u00e3o. Com elas, voc\u00ea mexe nos \u00f3culos, ajeita a m\u00e1scara, toca nos olhos e em outras partes do rosto. Ent\u00e3o, \u00e9 preciso mant\u00ea-las higienizadas\u201d, explica. A limpeza deve ser feita regularmente com \u00e1gua e sab\u00e3o ou \u00e1lcool em gel.<\/p>\n<p>Nos casos dos \u00f3culos, a combina\u00e7\u00e3o \u00e1gua corrente e sab\u00e3o \u00e9 a mais indicada. \u201cA pessoa pode usar um papel toalha para sec\u00e1-los, mas sem esfregar, para n\u00e3o riscar as lentes\u201d, indica Marli Sartori. Segundo a infectologista, n\u00e3o h\u00e1 uma quantidade m\u00ednima de limpezas di\u00e1rias. Recomenda-se que as pessoas limpem os \u00f3culos quando eles estiverem emba\u00e7ados, sempre que chegarem em casa e depois de coloc\u00e1-los em uma superf\u00edcie suspeita.<\/p>\n<p>\u201cSe voc\u00ea coloca os \u00f3culos em um local que est\u00e1 infectado, ao lev\u00e1-los novamente ao rosto, pode se infectar tamb\u00e9m\u201d, explica Marli Sartori. \u201cO ideal \u00e9 guard\u00e1-los em um estojo higienizado ou manter limpas as superf\u00edcies em que voc\u00ea costuma deix\u00e1-los\u201d, ensina.<\/p>\n<p>Dentro de casa, as superf\u00edcies s\u00e3o diversas, como a madeira das mesas, as pedras das pias e o pl\u00e1stico dos arm\u00e1rios. Em cada um desses lugares, o novo <a href=\"https:\/\/blogs.correiobraziliense.com.br\/datempo\/2020\/02\/28\/idosos-sao-mais-vulneraveis-ao-coronavirus-saiba-como-se-proteger\/\">coronav\u00edrus<\/a> tem um tempo m\u00e9dio de sobreviv\u00eancia. Em locais feitos de pl\u00e1stico e a\u00e7o, por exemplo, ele pode seguir vivo e infectando os \u00f3culos e seus donos por at\u00e9 tr\u00eas dias, segundo um estudo recente dos Centros de Controle e Preven\u00e7\u00e3o de Doen\u00e7as (<a href=\"https:\/\/www.cdc.gov\/\">CDC<\/a>), nos Estados Unidos.<\/p>\n<h3>Emba\u00e7ados<\/h3>\n<p>Outro cuidado indicado \u00e9 escolher uma m\u00e1scara que se ajuste bem ao formato do rosto. Assim, pode-se reduzir o risco de ter os \u00f3culos emba\u00e7ados ou de levar as m\u00e3os ao rosto para endireitar a faixa de tecido. H\u00e1 quem prenda a m\u00e1scara com fita adesiva ou curativo para evitar que as lentes embacem. A estrat\u00e9gia parece funcionar, mas os adesivos podem gerar desconforto no rosto e, consequentemente, fazer com que a pessoa toque nele.<\/p>\n<p>Recorrer \u00e0s lentes de contato para evitar esses inc\u00f4modos n\u00e3o \u00e9 a melhor op\u00e7\u00e3o, alerta Marli Sartori. \u201cO manuseio delas \u00e9 ainda mais delicado, considerando o risco de infec\u00e7\u00e3o\u201d, explica. Segundo a infectologista, ainda n\u00e3o se pode afirmar que o novo coronav\u00edrus entre no corpo humano pelos olhos. Mas a possibilidade n\u00e3o \u00e9 pequena. \u201cEstudos indicam que sim, mas n\u00e3o est\u00e1 bem claro. A membrana ocular \u00e9 uma via de infec\u00e7\u00e3o para outros v\u00edrus. Provavelmente, essa infec\u00e7\u00e3o tamb\u00e9m ocorra com esse. Al\u00e9m disso, o nariz e a boca, que s\u00e3o vias de infec\u00e7\u00e3o, est\u00e3o bem perto\u201d, detalha.<\/p>\n<p>&nbsp;<\/p>\n","protected":false},"excerpt":{"rendered":"<p>A pandemia de Covid-19 incorporou novos h\u00e1bitos e objetos \u00e0 rotina. Lavar as m\u00e3os regularmente e usar m\u00e1scaras s\u00e3o dois conselhos muito repetidos. Segui-los, por\u00e9m, n\u00e3o \u00e9 f\u00e1cil para boa parte dos idosos e de quem chegou \u00e0 meia-idade. Isso porque muitas dessas pessoas usa \u00f3culos. E combinar essas tr\u00eas obriga\u00e7\u00f5es \u2014 m\u00e3os, m\u00e1scara e \u00f3culos limpos \u2014 nem sempre [&hellip;]<\/p>\n","protected":false},"author":99,"featured_media":431,"comment_status":"open","ping_status":"closed","sticky":false,"template":"","format":"standard","meta":{"footnotes":""},"categories":[60,73,38,3,58],"tags":[21,63,75,74,56,27,40,6,59],"class_list":["post-429","post","type-post","status-publish","format-standard","has-post-thumbnail","hentry","category-comportamento","category-covid-19","category-meia-idade","category-saude","category-velhice","tag-blogdatempo","tag-comportamento","tag-coronavirus","tag-covid-19","tag-envelhecimento","tag-idosos","tag-meia-idade","tag-saude","tag-velhice"],"_links":{"self":[{"href":"https:\/\/blogs.correiobraziliense.com.br\/datempo\/wp-json\/wp\/v2\/posts\/429","targetHints":{"allow":["GET"]}}],"collection":[{"href":"https:\/\/blogs.correiobraziliense.com.br\/datempo\/wp-json\/wp\/v2\/posts"}],"about":[{"href":"https:\/\/blogs.correiobraziliense.com.br\/datempo\/wp-json\/wp\/v2\/types\/post"}],"author":[{"embeddable":true,"href":"https:\/\/blogs.correiobraziliense.com.br\/datempo\/wp-json\/wp\/v2\/users\/99"}],"replies":[{"embeddable":true,"href":"https:\/\/blogs.correiobraziliense.com.br\/datempo\/wp-json\/wp\/v2\/comments?post=429"}],"version-history":[{"count":4,"href":"https:\/\/blogs.correiobraziliense.com.br\/datempo\/wp-json\/wp\/v2\/posts\/429\/revisions"}],"predecessor-version":[{"id":434,"href":"https:\/\/blogs.correiobraziliense.com.br\/datempo\/wp-json\/wp\/v2\/posts\/429\/revisions\/434"}],"wp:featuredmedia":[{"embeddable":true,"href":"https:\/\/blogs.correiobraziliense.com.br\/datempo\/wp-json\/wp\/v2\/media\/431"}],"wp:attachment":[{"href":"https:\/\/blogs.correiobraziliense.com.br\/datempo\/wp-json\/wp\/v2\/media?parent=429"}],"wp:term":[{"taxonomy":"category","embeddable":true,"href":"https:\/\/blogs.correiobraziliense.com.br\/datempo\/wp-json\/wp\/v2\/categories?post=429"},{"taxonomy":"post_tag","embeddable":true,"href":"https:\/\/blogs.correiobraziliense.com.br\/datempo\/wp-json\/wp\/v2\/tags?post=429"}],"curies":[{"name":"wp","href":"https:\/\/api.w.org\/{rel}","templated":true}]}}