{"id":413,"date":"2020-04-15T19:53:25","date_gmt":"2020-04-15T22:53:25","guid":{"rendered":"https:\/\/blogs.correiobraziliense.com.br\/datempo\/?p=413"},"modified":"2020-04-16T15:44:58","modified_gmt":"2020-04-16T18:44:58","slug":"pressao-alta-durante-a-noite-pode-prejudicar-a-memoria","status":"publish","type":"post","link":"https:\/\/blogs.correiobraziliense.com.br\/datempo\/2020\/04\/15\/pressao-alta-durante-a-noite-pode-prejudicar-a-memoria\/","title":{"rendered":"Press\u00e3o alta durante a noite pode prejudicar a mem\u00f3ria"},"content":{"rendered":"<figure id=\"attachment_414\" aria-describedby=\"caption-attachment-414\" style=\"width: 1000px\" class=\"wp-caption aligncenter\"><a href=\"https:\/\/blogs.correiobraziliense.com.br\/datempo\/wp-content\/uploads\/sites\/46\/2020\/04\/hipertenso-valendo.jpg\"><img loading=\"lazy\" decoding=\"async\" class=\"size-full wp-image-414\" src=\"https:\/\/blogs.correiobraziliense.com.br\/datempo\/wp-content\/uploads\/sites\/46\/2020\/04\/hipertenso-valendo.jpg\" alt=\"\" width=\"1000\" height=\"603\" srcset=\"https:\/\/blogs.correiobraziliense.com.br\/datempo\/wp-content\/uploads\/sites\/46\/2020\/04\/hipertenso-valendo.jpg 1000w, https:\/\/blogs.correiobraziliense.com.br\/datempo\/wp-content\/uploads\/sites\/46\/2020\/04\/hipertenso-valendo-300x181.jpg 300w, https:\/\/blogs.correiobraziliense.com.br\/datempo\/wp-content\/uploads\/sites\/46\/2020\/04\/hipertenso-valendo-768x463.jpg 768w, https:\/\/blogs.correiobraziliense.com.br\/datempo\/wp-content\/uploads\/sites\/46\/2020\/04\/hipertenso-valendo-550x332.jpg 550w, https:\/\/blogs.correiobraziliense.com.br\/datempo\/wp-content\/uploads\/sites\/46\/2020\/04\/hipertenso-valendo-230x139.jpg 230w\" sizes=\"auto, (max-width: 1000px) 100vw, 1000px\" \/><\/a><figcaption id=\"caption-attachment-414\" class=\"wp-caption-text\">Foto: AFP<\/figcaption><\/figure>\n<p>Manter a press\u00e3o arterial sob controle \u00e9 cuidado b\u00e1sico entre os hipertensos. E vale para qualquer hora do dia. Pesquisadores americanos, por\u00e9m, ressaltam a import\u00e2ncia de evitar o aumento da press\u00e3o durante a noite como forma de proteger o c\u00e9rebro. Segundo eles, os<a href=\"https:\/\/blogs.correiobraziliense.com.br\/datempo\/2019\/03\/22\/manter-a-pressao-arterial-sob-controle-reduz-lesoes-no-cerebro\/\"> picos de press\u00e3o<\/a> nesse per\u00edodo est\u00e3o ligados ao aumento de danos cerebrais de quem est\u00e1 entrando na terceira idade. E essas altera\u00e7\u00f5es podem desencadear, principalmente, problemas de mem\u00f3ria.<\/p>\n<p>Geralmente, a press\u00e3o sangu\u00ednea diminui durante a noite, um fen\u00f4meno chamado invers\u00e3o. Em algumas pessoas, no entanto, especialmente as hipertensas, a press\u00e3o noturna pode se manter ou aumentar, quando ocorre a invers\u00e3o reversa. A equipe da <a href=\"https:\/\/www.columbianeurology.org\/\">Universidade Columbia<\/a>, em Nova York, identificou que esse aumento da press\u00e3o est\u00e1 relacionado a les\u00f5es cerebrais com tamanho at\u00e9 100% maior do que os de les\u00f5es em pessoas n\u00e3o hipertensas.<\/p>\n<p>O estudo envolveu 435 volunt\u00e1rios com em m\u00e9dia 59 anos. Eles tiveram a press\u00e3o arterial monitorada durante 24 horas, em casa. O dispositivo usado fazia as mensura\u00e7\u00f5es a cada 15 minutos durante o dia e a cada 30 minutos \u00e0 noite. Os participantes tamb\u00e9m foram submetidos a exames de imagem cerebral, a testes de mem\u00f3ria e de outras habilidades de pensamento.<\/p>\n<p>A maioria dos volunt\u00e1rios, 59%, tinha hipertens\u00e3o. Em 50% dos participantes, a press\u00e3o arterial caiu \u00e0 noite, em 40%, se manteve, e em 10%, subiu. Os pesquisadores detectaram que, entre as pessoas que tiveram o mergulho reverso, as hipertensas sofreram os maiores danos cerebrais. Os exames de imagem mostraram que elas tinham, em m\u00e9dia, 6 cent\u00edmetros c\u00fabicos de altera\u00e7\u00f5es no c\u00e9rebro. Os outros participantes tinham 2,5 cent\u00edmetros c\u00fabicos ou menos.<\/p>\n<h3>Fortes evid\u00eancias<\/h3>\n<p>Os hipertensos que sofreram picos de press\u00e3o durante a noite tamb\u00e9m apresentaram maior probabilidade de ter pontua\u00e7\u00f5es mais baixas no teste de <a href=\"https:\/\/blogs.correiobraziliense.com.br\/datempo\/2019\/12\/03\/jogos-de-tabuleiro-ajudam-a-proteger-a-memoria\/\">mem\u00f3ria<\/a>. A pontua\u00e7\u00e3o m\u00e9dia foi de 33, contra 44 entre os demais volunt\u00e1rios. \u201cEsses resultados aumentam evid\u00eancias crescentes que mostram a import\u00e2ncia dos fatores de risco vasculares na contribui\u00e7\u00e3o para problemas de mem\u00f3ria\u201d, enfatiza Adam M. Brickman, pesquisador da universidade norte-americana.<\/p>\n<p>Os autores ponderam que o estudo analisou as pessoas durante um per\u00edodo curto de tempo e incluiu apenas adultos de meia-idade e idosos. Dessa forma, os resultados podem n\u00e3o se aplicar a pessoas de outras faixas et\u00e1rias. Apesar disso, eles destacam que os resultados s\u00e3o \u201cconsistentes\u201d com a hip\u00f3tese de que h\u00e1 uma rela\u00e7\u00e3o entre press\u00e3o alta durante a noite e maior dano cerebral. \u201cParece que a imers\u00e3o reversa pode amplificar os efeitos da press\u00e3o alta na sa\u00fade cerebrovascular das pessoas e nas habilidades cognitivas associadas\u201d, destaca Adam M. Brickman. A pesquisa foi divulgada hoje, na revista\u00a0<em>Neurology.\u00a0<\/em><\/p>\n","protected":false},"excerpt":{"rendered":"<p>Manter a press\u00e3o arterial sob controle \u00e9 cuidado b\u00e1sico entre os hipertensos. E vale para qualquer hora do dia. Pesquisadores americanos, por\u00e9m, ressaltam a import\u00e2ncia de evitar o aumento da press\u00e3o durante a noite como forma de proteger o c\u00e9rebro. Segundo eles, os picos de press\u00e3o nesse per\u00edodo est\u00e3o ligados ao aumento de danos cerebrais de quem est\u00e1 entrando na [&hellip;]<\/p>\n","protected":false},"author":99,"featured_media":414,"comment_status":"open","ping_status":"closed","sticky":false,"template":"","format":"standard","meta":{"footnotes":""},"categories":[36,2,38,3,58],"tags":[21,56,37,40,6,59],"class_list":["post-413","post","type-post","status-publish","format-standard","has-post-thumbnail","hentry","category-hipertensao","category-longevidade","category-meia-idade","category-saude","category-velhice","tag-blogdatempo","tag-envelhecimento","tag-hipertensao","tag-meia-idade","tag-saude","tag-velhice"],"_links":{"self":[{"href":"https:\/\/blogs.correiobraziliense.com.br\/datempo\/wp-json\/wp\/v2\/posts\/413","targetHints":{"allow":["GET"]}}],"collection":[{"href":"https:\/\/blogs.correiobraziliense.com.br\/datempo\/wp-json\/wp\/v2\/posts"}],"about":[{"href":"https:\/\/blogs.correiobraziliense.com.br\/datempo\/wp-json\/wp\/v2\/types\/post"}],"author":[{"embeddable":true,"href":"https:\/\/blogs.correiobraziliense.com.br\/datempo\/wp-json\/wp\/v2\/users\/99"}],"replies":[{"embeddable":true,"href":"https:\/\/blogs.correiobraziliense.com.br\/datempo\/wp-json\/wp\/v2\/comments?post=413"}],"version-history":[{"count":7,"href":"https:\/\/blogs.correiobraziliense.com.br\/datempo\/wp-json\/wp\/v2\/posts\/413\/revisions"}],"predecessor-version":[{"id":421,"href":"https:\/\/blogs.correiobraziliense.com.br\/datempo\/wp-json\/wp\/v2\/posts\/413\/revisions\/421"}],"wp:featuredmedia":[{"embeddable":true,"href":"https:\/\/blogs.correiobraziliense.com.br\/datempo\/wp-json\/wp\/v2\/media\/414"}],"wp:attachment":[{"href":"https:\/\/blogs.correiobraziliense.com.br\/datempo\/wp-json\/wp\/v2\/media?parent=413"}],"wp:term":[{"taxonomy":"category","embeddable":true,"href":"https:\/\/blogs.correiobraziliense.com.br\/datempo\/wp-json\/wp\/v2\/categories?post=413"},{"taxonomy":"post_tag","embeddable":true,"href":"https:\/\/blogs.correiobraziliense.com.br\/datempo\/wp-json\/wp\/v2\/tags?post=413"}],"curies":[{"name":"wp","href":"https:\/\/api.w.org\/{rel}","templated":true}]}}