{"id":32,"date":"2018-10-15T16:25:55","date_gmt":"2018-10-15T19:25:55","guid":{"rendered":"https:\/\/blogs.correiobraziliense.com.br\/datempo\/?p=32"},"modified":"2018-10-15T16:57:54","modified_gmt":"2018-10-15T19:57:54","slug":"receita-da-longevidade","status":"publish","type":"post","link":"https:\/\/blogs.correiobraziliense.com.br\/datempo\/2018\/10\/15\/receita-da-longevidade\/","title":{"rendered":"Longevidade: a receita de quem chegou aos 80"},"content":{"rendered":"<p>Quando completar 100 anos, em 2060, Bras\u00edlia ter\u00e1 dois idosos para cada jovem, segundo o IBGE. Hoje, eles somam cerca de 12% da popula\u00e7\u00e3o \u2014 gente que tem muito a ensinar para os menos vividos da cidade. Por isso, a Universidade Cat\u00f3lica de Bras\u00edlia (UCB) estuda o segredo da longevidade dos mais adiantados: aqueles que chegaram aos 80 anos. A pesquisa com 227 octogen\u00e1rios est\u00e1 em andamento, na fase de an\u00e1lise dos dados, mas os pesquisadores j\u00e1 chegaram a algumas caracter\u00edsticas e comportamentos que garantem mais tempo de vida: gen\u00e9tica, bons h\u00e1bitos e visita regular aos profissionais de sa\u00fade.<\/p>\n<p>\u201cAqueles que t\u00eam pais e av\u00f3s que viveram muito tempo t\u00eam mais chaces de viver mais tamb\u00e9m, mas o autocuidado pode fazer a diferen\u00e7a. N\u00e3o fumar, n\u00e3o beber, praticar exerc\u00edcios e ir ao m\u00e9dico com regularidade influenciam muito nessa quest\u00e3o\u201d, diz Vicente Paulo Alves, coordenador da pesquisa e do programa de p\u00f3s-gradua\u00e7\u00e3o em gerontologia da UCB.<\/p>\n<p>&nbsp;<\/p>\n<h3>Postura positiva<\/h3>\n<p>Os participantes s\u00e3o frequentadores de ambulat\u00f3rios de geriatria e de medicina interna e t\u00eam perfis distintos. Vicente Paulo conta que h\u00e1 casos de idosos com 102 anos e independentes, assim como indiv\u00edduos com menos idade, mas mais comprometidos. \u201cCada pessoa envelhece de um jeito. Se voc\u00ea n\u00e3o pode jogar bola ou n\u00e3o sabe dan\u00e7ar, n\u00e3o deve insistir e se quebrar todo ou ficar frustrado. \u00c9 preciso encontrar o seu lugar e ter uma postura positiva diante da vida\u201d, sugere.<\/p>\n<p>Segundo o professor, o preconceito contra a pessoa idosa tamb\u00e9m \u00e9 um fator que tem sido identificado em pesquisas sobre longevidade e observado pela equipe da UCB. \u201cA medicina tem evolu\u00eddo muito, o que faz com que as pessoas vivam cada vez mais. Mas elas precisam se sentir acolhidas, o que nem sempre acontece. Esse ambiente hostil est\u00e1 relacionado ao aumento de casos de depress\u00e3o e suic\u00eddio na terceira idade\u201d, alerta.<\/p>\n","protected":false},"excerpt":{"rendered":"<p>Quando completar 100 anos, em 2060, Bras\u00edlia ter\u00e1 dois idosos para cada jovem, segundo o IBGE. Hoje, eles somam cerca de 12% da popula\u00e7\u00e3o \u2014 gente que tem muito a ensinar para os menos vividos da cidade. Por isso, a Universidade Cat\u00f3lica de Bras\u00edlia (UCB) estuda o segredo da longevidade dos mais adiantados: aqueles que chegaram aos 80 anos. A [&hellip;]<\/p>\n","protected":false},"author":99,"featured_media":45,"comment_status":"open","ping_status":"closed","sticky":false,"template":"","format":"standard","meta":{"footnotes":""},"categories":[],"tags":[5,4,7,6],"class_list":["post-32","post","type-post","status-publish","format-standard","has-post-thumbnail","hentry","tag-dicas","tag-longevidade","tag-preconceito","tag-saude"],"_links":{"self":[{"href":"https:\/\/blogs.correiobraziliense.com.br\/datempo\/wp-json\/wp\/v2\/posts\/32","targetHints":{"allow":["GET"]}}],"collection":[{"href":"https:\/\/blogs.correiobraziliense.com.br\/datempo\/wp-json\/wp\/v2\/posts"}],"about":[{"href":"https:\/\/blogs.correiobraziliense.com.br\/datempo\/wp-json\/wp\/v2\/types\/post"}],"author":[{"embeddable":true,"href":"https:\/\/blogs.correiobraziliense.com.br\/datempo\/wp-json\/wp\/v2\/users\/99"}],"replies":[{"embeddable":true,"href":"https:\/\/blogs.correiobraziliense.com.br\/datempo\/wp-json\/wp\/v2\/comments?post=32"}],"version-history":[{"count":8,"href":"https:\/\/blogs.correiobraziliense.com.br\/datempo\/wp-json\/wp\/v2\/posts\/32\/revisions"}],"predecessor-version":[{"id":47,"href":"https:\/\/blogs.correiobraziliense.com.br\/datempo\/wp-json\/wp\/v2\/posts\/32\/revisions\/47"}],"wp:featuredmedia":[{"embeddable":true,"href":"https:\/\/blogs.correiobraziliense.com.br\/datempo\/wp-json\/wp\/v2\/media\/45"}],"wp:attachment":[{"href":"https:\/\/blogs.correiobraziliense.com.br\/datempo\/wp-json\/wp\/v2\/media?parent=32"}],"wp:term":[{"taxonomy":"category","embeddable":true,"href":"https:\/\/blogs.correiobraziliense.com.br\/datempo\/wp-json\/wp\/v2\/categories?post=32"},{"taxonomy":"post_tag","embeddable":true,"href":"https:\/\/blogs.correiobraziliense.com.br\/datempo\/wp-json\/wp\/v2\/tags?post=32"}],"curies":[{"name":"wp","href":"https:\/\/api.w.org\/{rel}","templated":true}]}}