{"id":240,"date":"2019-06-21T16:29:44","date_gmt":"2019-06-21T19:29:44","guid":{"rendered":"https:\/\/blogs.correiobraziliense.com.br\/datempo\/?p=240"},"modified":"2019-06-21T17:35:53","modified_gmt":"2019-06-21T20:35:53","slug":"escovar-os-dentes-ajuda-a-evitar-o-alzheimer","status":"publish","type":"post","link":"https:\/\/blogs.correiobraziliense.com.br\/datempo\/2019\/06\/21\/escovar-os-dentes-ajuda-a-evitar-o-alzheimer\/","title":{"rendered":"Escovar os dentes ajuda a evitar o Alzheimer"},"content":{"rendered":"<figure id=\"attachment_243\" aria-describedby=\"caption-attachment-243\" style=\"width: 1000px\" class=\"wp-caption aligncenter\"><a href=\"https:\/\/blogs.correiobraziliense.com.br\/datempo\/wp-content\/uploads\/sites\/46\/2019\/06\/dente-valendo.jpg\"><img loading=\"lazy\" decoding=\"async\" class=\"size-full wp-image-243\" src=\"https:\/\/blogs.correiobraziliense.com.br\/datempo\/wp-content\/uploads\/sites\/46\/2019\/06\/dente-valendo.jpg\" alt=\"\" width=\"1000\" height=\"608\" srcset=\"https:\/\/blogs.correiobraziliense.com.br\/datempo\/wp-content\/uploads\/sites\/46\/2019\/06\/dente-valendo.jpg 1000w, https:\/\/blogs.correiobraziliense.com.br\/datempo\/wp-content\/uploads\/sites\/46\/2019\/06\/dente-valendo-300x182.jpg 300w, https:\/\/blogs.correiobraziliense.com.br\/datempo\/wp-content\/uploads\/sites\/46\/2019\/06\/dente-valendo-768x467.jpg 768w, https:\/\/blogs.correiobraziliense.com.br\/datempo\/wp-content\/uploads\/sites\/46\/2019\/06\/dente-valendo-550x334.jpg 550w, https:\/\/blogs.correiobraziliense.com.br\/datempo\/wp-content\/uploads\/sites\/46\/2019\/06\/dente-valendo-230x140.jpg 230w\" sizes=\"auto, (max-width: 1000px) 100vw, 1000px\" \/><\/a><figcaption id=\"caption-attachment-243\" class=\"wp-caption-text\">Foto: Stelios Varias\/ Reuters<\/figcaption><\/figure>\n<p>A boa higiene bucal ao longo da vida pode prevenir uma das doen\u00e7as mais temidas na velhice: o <a href=\"https:\/\/blogs.correiobraziliense.com.br\/datempo\/2019\/02\/04\/cerebro-das-mulheres-e-mais-jovem-que-o-dos-homens\/\">Alzheimer<\/a>. Segundo pesquisadores da Noruega, h\u00e1 uma forte liga\u00e7\u00e3o entre a gengivite, uma inflama\u00e7\u00e3o comum na gengiva, e a doen\u00e7a neurodegenerativa. A suspeita \u00e9 de que as bact\u00e9rias que causam o problema bucal tamb\u00e9m produzem uma prote\u00edna que destr\u00f3i os neur\u00f4nios, levando \u00e0 perda de mem\u00f3ria.<\/p>\n<p>\u201cDescobrimos provas baseadas no DNA de que a bact\u00e9ria causadora de gengivite pode se mover da boca para o c\u00e9rebro\u201d, diz Piotr Mydel, pesquisador do Departamento de Ci\u00eancias Cl\u00ednicas da <a href=\"https:\/\/www.uib.no\/en\">Universidade de Bergen<\/a> e um dos cientistas participantes do estudo. A equipe identificou a rela\u00e7\u00e3o ao examinar 53 pessoas com Alzheimer. A enzima produzida pela bact\u00e9ria <em>Porphyromonas gingivalis (P.gingivali<\/em>), causadora da gengivite, foi detectada em 96% dos volunt\u00e1rios.<\/p>\n<p>Piotr Mydel ressalta que a bact\u00e9ria n\u00e3o \u00e9 a \u00fanica respons\u00e1vel pelo surgimento do Alzheimer. Mas a presen\u00e7a dela no c\u00e9rebro aumenta substancialmente o risco de surgimento da doen\u00e7a. Os pesquisadores tamb\u00e9m acreditam que a enzima produzida pela <em>P.gingivali<\/em> acelera a progress\u00e3o do Alzheimer.<\/p>\n<h3>Preven\u00e7\u00e3o<\/h3>\n<p>Segundo Piotr Mydel, a boa not\u00edcia \u00e9 que \u00e9 poss\u00edvel conter os efeitos da amea\u00e7adora bact\u00e9ria. Basta adotar cuidados cuja import\u00e2ncia \u00e9 repetida desde a inf\u00e2ncia. \u201cEscove os dentes e use fio dental todos os dias\u201d, ressalta o pesquisador. Tamb\u00e9m \u00e9 importante n\u00e3o postergar o tratamento da gengivite. Por isso, a import\u00e2ncia de ir ao dentista regularmente.<\/p>\n<p>Para ajudar nas medidas de preven\u00e7\u00e3o, os cientistas noruegueses trabalham no desenvolvimento de um rem\u00e9dio que consiga conter os efeitos da<em> P.gingivali<\/em>. \u201cConseguimos desenvolver uma droga que bloqueia as enzimas nocivas da bact\u00e9ria, adiando o desenvolvimento da doen\u00e7a de Alzheimer. Estamos planejando testar essa droga ainda este ano\u201d, conta Piotr Mydel. Segundo o cientista, a bact\u00e9ria est\u00e1 presente na boca da metade da popula\u00e7\u00e3o mundial e tamb\u00e9m \u00e9 relacionada ao surgimento de c\u00e2ncer de es\u00f4fago e reumatismo.<\/p>\n","protected":false},"excerpt":{"rendered":"<p>A boa higiene bucal ao longo da vida pode prevenir uma das doen\u00e7as mais temidas na velhice: o Alzheimer. Segundo pesquisadores da Noruega, h\u00e1 uma forte liga\u00e7\u00e3o entre a gengivite, uma inflama\u00e7\u00e3o comum na gengiva, e a doen\u00e7a neurodegenerativa. A suspeita \u00e9 de que as bact\u00e9rias que causam o problema bucal tamb\u00e9m produzem uma prote\u00edna que destr\u00f3i os neur\u00f4nios, levando [&hellip;]<\/p>\n","protected":false},"author":99,"featured_media":243,"comment_status":"open","ping_status":"closed","sticky":false,"template":"","format":"standard","meta":{"footnotes":""},"categories":[28,2,38,3],"tags":[30,21,50,27,49],"class_list":["post-240","post","type-post","status-publish","format-standard","has-post-thumbnail","hentry","category-alzheimer","category-longevidade","category-meia-idade","category-saude","tag-alzheimer","tag-blogdatempo","tag-gengivite","tag-idosos","tag-saude-bucal"],"_links":{"self":[{"href":"https:\/\/blogs.correiobraziliense.com.br\/datempo\/wp-json\/wp\/v2\/posts\/240","targetHints":{"allow":["GET"]}}],"collection":[{"href":"https:\/\/blogs.correiobraziliense.com.br\/datempo\/wp-json\/wp\/v2\/posts"}],"about":[{"href":"https:\/\/blogs.correiobraziliense.com.br\/datempo\/wp-json\/wp\/v2\/types\/post"}],"author":[{"embeddable":true,"href":"https:\/\/blogs.correiobraziliense.com.br\/datempo\/wp-json\/wp\/v2\/users\/99"}],"replies":[{"embeddable":true,"href":"https:\/\/blogs.correiobraziliense.com.br\/datempo\/wp-json\/wp\/v2\/comments?post=240"}],"version-history":[{"count":4,"href":"https:\/\/blogs.correiobraziliense.com.br\/datempo\/wp-json\/wp\/v2\/posts\/240\/revisions"}],"predecessor-version":[{"id":246,"href":"https:\/\/blogs.correiobraziliense.com.br\/datempo\/wp-json\/wp\/v2\/posts\/240\/revisions\/246"}],"wp:featuredmedia":[{"embeddable":true,"href":"https:\/\/blogs.correiobraziliense.com.br\/datempo\/wp-json\/wp\/v2\/media\/243"}],"wp:attachment":[{"href":"https:\/\/blogs.correiobraziliense.com.br\/datempo\/wp-json\/wp\/v2\/media?parent=240"}],"wp:term":[{"taxonomy":"category","embeddable":true,"href":"https:\/\/blogs.correiobraziliense.com.br\/datempo\/wp-json\/wp\/v2\/categories?post=240"},{"taxonomy":"post_tag","embeddable":true,"href":"https:\/\/blogs.correiobraziliense.com.br\/datempo\/wp-json\/wp\/v2\/tags?post=240"}],"curies":[{"name":"wp","href":"https:\/\/api.w.org\/{rel}","templated":true}]}}