{"id":231,"date":"2019-06-14T16:23:31","date_gmt":"2019-06-14T19:23:31","guid":{"rendered":"https:\/\/blogs.correiobraziliense.com.br\/datempo\/?p=231"},"modified":"2019-06-14T16:28:29","modified_gmt":"2019-06-14T19:28:29","slug":"explosoes-de-raiva-aumentam-o-risco-de-cancer","status":"publish","type":"post","link":"https:\/\/blogs.correiobraziliense.com.br\/datempo\/2019\/06\/14\/explosoes-de-raiva-aumentam-o-risco-de-cancer\/","title":{"rendered":"Explos\u00f5es de raiva aumentam o risco de c\u00e2ncer"},"content":{"rendered":"<figure id=\"attachment_234\" aria-describedby=\"caption-attachment-234\" style=\"width: 929px\" class=\"wp-caption aligncenter\"><a href=\"https:\/\/blogs.correiobraziliense.com.br\/datempo\/wp-content\/uploads\/sites\/46\/2019\/06\/raiva-valendo.jpg\"><img loading=\"lazy\" decoding=\"async\" class=\"wp-image-234 size-full\" src=\"https:\/\/blogs.correiobraziliense.com.br\/datempo\/wp-content\/uploads\/sites\/46\/2019\/06\/raiva-valendo.jpg\" alt=\"\" width=\"929\" height=\"602\" srcset=\"https:\/\/blogs.correiobraziliense.com.br\/datempo\/wp-content\/uploads\/sites\/46\/2019\/06\/raiva-valendo.jpg 929w, https:\/\/blogs.correiobraziliense.com.br\/datempo\/wp-content\/uploads\/sites\/46\/2019\/06\/raiva-valendo-300x194.jpg 300w, https:\/\/blogs.correiobraziliense.com.br\/datempo\/wp-content\/uploads\/sites\/46\/2019\/06\/raiva-valendo-768x498.jpg 768w, https:\/\/blogs.correiobraziliense.com.br\/datempo\/wp-content\/uploads\/sites\/46\/2019\/06\/raiva-valendo-550x356.jpg 550w, https:\/\/blogs.correiobraziliense.com.br\/datempo\/wp-content\/uploads\/sites\/46\/2019\/06\/raiva-valendo-230x149.jpg 230w\" sizes=\"auto, (max-width: 929px) 100vw, 929px\" \/><\/a><figcaption id=\"caption-attachment-234\" class=\"wp-caption-text\">Foto: Alexander Khudoteply\/AFP<\/figcaption><\/figure>\n<p>As explos\u00f5es de raiva recorrentes n\u00e3o comprometem apenas a rela\u00e7\u00e3o com amigos e parentes. A sa\u00fade do idoso que se irrita com facilidade tamb\u00e9m corre perigo. Segundo um estudo da <a href=\"https:\/\/www.concordia.ca\">Universidade Conc\u00f3rdia<\/a>, no Canad\u00e1, as rea\u00e7\u00f5es de f\u00faria aumentam as inflama\u00e7\u00f5es no corpo. Nessa condi\u00e7\u00e3o, a pessoa fica mais vulner\u00e1vel ao surgimento de doen\u00e7as cr\u00f4nicas, como c\u00e2ncer, artrite e<a href=\"https:\/\/blogs.correiobraziliense.com.br\/datempo\/2019\/03\/22\/manter-a-pressao-arterial-sob-controle-reduz-lesoes-no-cerebro\/\"> complica\u00e7\u00f5es card\u00edacas<\/a>.<\/p>\n<p>Para chegar \u00e0 conclus\u00e3o, os pesquisadores acompanharam 226 homens e mulheres com idade entre 59 e 93 anos. Durante uma semana, os participantes responderam a question\u00e1rios sobre o quanto estavam zangados ou tristes e tiveram amostras de sangue coletadas.<\/p>\n<p>A an\u00e1lise dos dados revelou que a raiva pode fazer mais mal \u00e0 sa\u00fade dos idosos do que a tristeza. \u201cNosso estudo mostrou que a raiva pode levar ao desenvolvimento de doen\u00e7as cr\u00f4nicas, enquanto que a tristeza n\u00e3o\u201d, frisa Meaghan A. Barlow, autora principal do estudo, publicado na revista cient\u00edfica <em>Psychology and Aging.<\/em><\/p>\n<p>Os cientistas conclu\u00edram tamb\u00e9m que idosos mais velhos s\u00e3o os principais prejudicados. A equipe canadense dividiu os participantes em duas faixas et\u00e1rias: com 59 a 79 anos e com mais de 80. Ao analisar as amostras de sangue, descobriram n\u00edveis maiores de inflama\u00e7\u00e3o nos volunt\u00e1rios do segundo grupo.<\/p>\n<h3>Controle<\/h3>\n<p>Meaghan A. Barlow levanta uma hip\u00f3tese para explicar a diferen\u00e7a. \u201cOs idosos mais jovens podem usar essa raiva como combust\u00edvel para superar os desafios da vida. Ela se torna problem\u00e1tica para quem chega aos<a href=\"https:\/\/blogs.correiobraziliense.com.br\/datempo\/2018\/10\/15\/receita-da-longevidade\/\"> 80 anos<\/a> porque \u00e9 quando muitos experimentam situa\u00e7\u00f5es irrevers\u00edveis, quando perdas e alguns dos prazeres da vida est\u00e3o fora de alcance\u201d, explica.<\/p>\n<p>Segundo os autores do estudo, os resultados servem de alerta para a import\u00e2ncia de idosos buscarem alternativas que os ajude a manter as emo\u00e7\u00f5es equilibradas. A equipe canadense sugere psicoterapia e atividades educativas como aux\u00edlios para a redu\u00e7\u00e3o da raiva e a busca pelo autoconhecimento. \u201cEntender melhor quais emo\u00e7\u00f5es negativas s\u00e3o prejudiciais, n\u00e3o prejudiciais ou mesmo ben\u00e9ficas para as pessoas mais velhas pode ajud\u00e1-las a lidar com as perdas de maneira saud\u00e1vel e a deixar sua raiva\u201d, diz Barlow.<\/p>\n","protected":false},"excerpt":{"rendered":"<p>As explos\u00f5es de raiva recorrentes n\u00e3o comprometem apenas a rela\u00e7\u00e3o com amigos e parentes. A sa\u00fade do idoso que se irrita com facilidade tamb\u00e9m corre perigo. Segundo um estudo da Universidade Conc\u00f3rdia, no Canad\u00e1, as rea\u00e7\u00f5es de f\u00faria aumentam as inflama\u00e7\u00f5es no corpo. Nessa condi\u00e7\u00e3o, a pessoa fica mais vulner\u00e1vel ao surgimento de doen\u00e7as cr\u00f4nicas, como c\u00e2ncer, artrite e complica\u00e7\u00f5es [&hellip;]<\/p>\n","protected":false},"author":99,"featured_media":234,"comment_status":"open","ping_status":"closed","sticky":false,"template":"","format":"standard","meta":{"footnotes":""},"categories":[42,43,3],"tags":[48,21,47,44,45],"class_list":["post-231","post","type-post","status-publish","format-standard","has-post-thumbnail","hentry","category-emocoes","category-psicologia","category-saude","tag-artrite","tag-blogdatempo","tag-cancer","tag-emocoes","tag-psicologia"],"_links":{"self":[{"href":"https:\/\/blogs.correiobraziliense.com.br\/datempo\/wp-json\/wp\/v2\/posts\/231","targetHints":{"allow":["GET"]}}],"collection":[{"href":"https:\/\/blogs.correiobraziliense.com.br\/datempo\/wp-json\/wp\/v2\/posts"}],"about":[{"href":"https:\/\/blogs.correiobraziliense.com.br\/datempo\/wp-json\/wp\/v2\/types\/post"}],"author":[{"embeddable":true,"href":"https:\/\/blogs.correiobraziliense.com.br\/datempo\/wp-json\/wp\/v2\/users\/99"}],"replies":[{"embeddable":true,"href":"https:\/\/blogs.correiobraziliense.com.br\/datempo\/wp-json\/wp\/v2\/comments?post=231"}],"version-history":[{"count":7,"href":"https:\/\/blogs.correiobraziliense.com.br\/datempo\/wp-json\/wp\/v2\/posts\/231\/revisions"}],"predecessor-version":[{"id":239,"href":"https:\/\/blogs.correiobraziliense.com.br\/datempo\/wp-json\/wp\/v2\/posts\/231\/revisions\/239"}],"wp:featuredmedia":[{"embeddable":true,"href":"https:\/\/blogs.correiobraziliense.com.br\/datempo\/wp-json\/wp\/v2\/media\/234"}],"wp:attachment":[{"href":"https:\/\/blogs.correiobraziliense.com.br\/datempo\/wp-json\/wp\/v2\/media?parent=231"}],"wp:term":[{"taxonomy":"category","embeddable":true,"href":"https:\/\/blogs.correiobraziliense.com.br\/datempo\/wp-json\/wp\/v2\/categories?post=231"},{"taxonomy":"post_tag","embeddable":true,"href":"https:\/\/blogs.correiobraziliense.com.br\/datempo\/wp-json\/wp\/v2\/tags?post=231"}],"curies":[{"name":"wp","href":"https:\/\/api.w.org\/{rel}","templated":true}]}}