{"id":394,"date":"2024-08-09T16:13:00","date_gmt":"2024-08-09T19:13:00","guid":{"rendered":"https:\/\/blogs.correiobraziliense.com.br\/conversandosobrevinho\/?p=394"},"modified":"2024-08-09T16:27:25","modified_gmt":"2024-08-09T19:27:25","slug":"o-vinho-tem-muita-historia-nas-olimpiadas-viii-champagne-ou-leite","status":"publish","type":"post","link":"https:\/\/blogs.correiobraziliense.com.br\/conversandosobrevinho\/2024\/08\/09\/o-vinho-tem-muita-historia-nas-olimpiadas-viii-champagne-ou-leite\/","title":{"rendered":"O vinho tem muita hist\u00f3ria nas Olimp\u00edadas \u2013 VIII      Champagne ou leite?"},"content":{"rendered":"<p>Vamos trazer aqui algumas curiosidades acerca da rela\u00e7\u00e3o entre o vinho e as olimp\u00edadas.<\/p>\n<p><img loading=\"lazy\" decoding=\"async\" class=\"wp-image-397 aligncenter\" src=\"https:\/\/blogs.correiobraziliense.com.br\/conversandosobrevinho\/wp-content\/uploads\/sites\/70\/2024\/08\/Olimpiada-1924-1-300x191.jpg\" alt=\"\" width=\"929\" height=\"591\" \/><\/p>\n<p>O vinho tem muita hist\u00f3ria nas Olimp\u00edadas \u2013 VIII<\/p>\n<p>Champagne ou leite?<\/p>\n<p>Em 1924, pela segunda vez a Olimp\u00edada \u00e9 realizada em Paris. E na Maratona, de uma maneira bem civilizada, nos pontos de hidrata\u00e7\u00e3o, eram oferecidas aos atletas v\u00e1rias op\u00e7\u00f5es de bebidas, tais como \u00e1gua, champagne e vinho branco. Tamb\u00e9m tinha leite (?). Na \u00e9poca ainda n\u00e3o havia a intoler\u00e2ncia a lactose.<br \/>\nA grande pergunta que me veio correndo \u00e0 mente: qual destas bebidas voc\u00ea escolheria? Eu, por exemplo, escolheria n\u00e3o correr a Maratona.<\/p>\n","protected":false},"excerpt":{"rendered":"<p>Vamos trazer aqui algumas curiosidades acerca da rela\u00e7\u00e3o entre o vinho e as olimp\u00edadas. O vinho tem muita hist\u00f3ria nas Olimp\u00edadas \u2013 VIII Champagne ou leite? Em 1924, pela segunda vez a Olimp\u00edada \u00e9 realizada em Paris. E na Maratona, de uma maneira bem civilizada, nos pontos de hidrata\u00e7\u00e3o, eram oferecidas aos atletas v\u00e1rias op\u00e7\u00f5es [&hellip;]<\/p>\n","protected":false},"author":154,"featured_media":0,"comment_status":"open","ping_status":"open","sticky":false,"template":"","format":"standard","meta":{"footnotes":""},"categories":[63],"tags":[64],"class_list":["post-394","post","type-post","status-publish","format-standard","hentry","category-olimpiada","tag-olimpiada"],"_links":{"self":[{"href":"https:\/\/blogs.correiobraziliense.com.br\/conversandosobrevinho\/wp-json\/wp\/v2\/posts\/394","targetHints":{"allow":["GET"]}}],"collection":[{"href":"https:\/\/blogs.correiobraziliense.com.br\/conversandosobrevinho\/wp-json\/wp\/v2\/posts"}],"about":[{"href":"https:\/\/blogs.correiobraziliense.com.br\/conversandosobrevinho\/wp-json\/wp\/v2\/types\/post"}],"author":[{"embeddable":true,"href":"https:\/\/blogs.correiobraziliense.com.br\/conversandosobrevinho\/wp-json\/wp\/v2\/users\/154"}],"replies":[{"embeddable":true,"href":"https:\/\/blogs.correiobraziliense.com.br\/conversandosobrevinho\/wp-json\/wp\/v2\/comments?post=394"}],"version-history":[{"count":3,"href":"https:\/\/blogs.correiobraziliense.com.br\/conversandosobrevinho\/wp-json\/wp\/v2\/posts\/394\/revisions"}],"predecessor-version":[{"id":398,"href":"https:\/\/blogs.correiobraziliense.com.br\/conversandosobrevinho\/wp-json\/wp\/v2\/posts\/394\/revisions\/398"}],"wp:attachment":[{"href":"https:\/\/blogs.correiobraziliense.com.br\/conversandosobrevinho\/wp-json\/wp\/v2\/media?parent=394"}],"wp:term":[{"taxonomy":"category","embeddable":true,"href":"https:\/\/blogs.correiobraziliense.com.br\/conversandosobrevinho\/wp-json\/wp\/v2\/categories?post=394"},{"taxonomy":"post_tag","embeddable":true,"href":"https:\/\/blogs.correiobraziliense.com.br\/conversandosobrevinho\/wp-json\/wp\/v2\/tags?post=394"}],"curies":[{"name":"wp","href":"https:\/\/api.w.org\/{rel}","templated":true}]}}