{"id":999,"date":"2016-04-05T18:48:23","date_gmt":"2016-04-05T21:48:23","guid":{"rendered":"https:\/\/blogs.correiobraziliense.com.br\/consumidor\/?p=999"},"modified":"2016-07-08T10:21:49","modified_gmt":"2016-07-08T13:21:49","slug":"reajuste-na-conta-de-energia-eletrica-e-adiado-para-outubro","status":"publish","type":"post","link":"https:\/\/blogs.correiobraziliense.com.br\/consumidor\/reajuste-na-conta-de-energia-eletrica-e-adiado-para-outubro\/","title":{"rendered":"Reajuste na conta de energia el\u00e9trica \u00e9 adiado para outubro"},"content":{"rendered":"<p>O reajuste na fatura da Companhia Energ\u00e9tica de Bras\u00edlia (CEB) foi adiado para outubro. Nos anos anteriores, o an\u00fancio ocorria em agosto. A mudan\u00e7a foi divulgada nesta ter\u00e7a-feira (5\/4) pela\u00a0Ag\u00eancia Nacional de Energia El\u00e9trica (Aneel). A ag\u00eancia prorrogou a vig\u00eancia das tarifas de 21 concession\u00e1rias de distribui\u00e7\u00e3o que tiveram atrasos na renova\u00e7\u00e3o dos contratos de concess\u00e3o e, portanto, alteraram o anivers\u00e1rio contratual. \u00c9 o caso da CEB, a concess\u00e3o de 30 anos venceu em julho do ano passado, mas a nova autoriza\u00e7\u00e3o saiu apenas em dezembro do mesmo ano.<\/p>\n<p>A CEB ficou em um limbo regulat\u00f3rio de 7 de julho a 22 de dezembro de 2015. Atuando sem o respaldo legal, a empresa n\u00e3o conseguia contratar empr\u00e9stimos banc\u00e1rios para melhoria em infraestrutura e pagamento de d\u00edvidas. Sem a concess\u00e3o, a CEB n\u00e3o possu\u00eda garantia de gerar receita no futuro para pagar a institui\u00e7\u00e3o financeira. Assim como a estatal local, outras distribuidoras estavam na mesma situa\u00e7\u00e3o.<\/p>\n<p>Em outubro de 2015, a Aneel encaminhou os processos de renova\u00e7\u00e3o de 40 distribuidoras ao Minist\u00e9rio de Minas e Energia (MME). Dentre as 40 concess\u00f5es renovadas, 33 foram prorrogadas com altera\u00e7\u00e3o da data de anivers\u00e1rio contratual. O atraso ocorreu para seguir orienta\u00e7\u00f5es do Tribunal de Contas da Uni\u00e3o (TCU).<\/p>\n<p>Leia mais <a href=\"https:\/\/blogs.correiobraziliense.com.br\/consumidor\/ceb-sai-da-ilegalidade-e-renova-concessao-por-mais-30-anos\/\">CEB sai da ilegalidade<\/a>\u00a0\/\/ <a href=\"https:\/\/blogs.correiobraziliense.com.br\/consumidor\/a_ceb_esta_passando_uma_crise_financeira_muito_severa_afirma_presidente_da_ceb\/\">CEB est\u00e1 em uma crise severa<\/a><\/p>\n<p>&nbsp;<\/p>\n<p>&nbsp;<\/p>\n<p>&nbsp;<\/p>\n","protected":false},"excerpt":{"rendered":"<p>O reajuste na fatura da Companhia Energ\u00e9tica de Bras\u00edlia (CEB) foi adiado para outubro. Nos anos anteriores, o an\u00fancio ocorria em agosto. A mudan\u00e7a foi divulgada nesta ter\u00e7a-feira (5\/4) pela\u00a0Ag\u00eancia Nacional de Energia El\u00e9trica (Aneel). A ag\u00eancia prorrogou a vig\u00eancia das tarifas de 21 concession\u00e1rias de distribui\u00e7\u00e3o que tiveram atrasos na renova\u00e7\u00e3o dos contratos de concess\u00e3o e, portanto, alteraram o [&hellip;]<\/p>\n","protected":false},"author":28,"featured_media":0,"comment_status":"open","ping_status":"closed","sticky":false,"template":"","format":"standard","meta":{"footnotes":""},"categories":[144,1],"tags":[],"class_list":["post-999","post","type-post","status-publish","format-standard","hentry","category-consumidor","category-sem-categoria"],"_links":{"self":[{"href":"https:\/\/blogs.correiobraziliense.com.br\/consumidor\/wp-json\/wp\/v2\/posts\/999","targetHints":{"allow":["GET"]}}],"collection":[{"href":"https:\/\/blogs.correiobraziliense.com.br\/consumidor\/wp-json\/wp\/v2\/posts"}],"about":[{"href":"https:\/\/blogs.correiobraziliense.com.br\/consumidor\/wp-json\/wp\/v2\/types\/post"}],"author":[{"embeddable":true,"href":"https:\/\/blogs.correiobraziliense.com.br\/consumidor\/wp-json\/wp\/v2\/users\/28"}],"replies":[{"embeddable":true,"href":"https:\/\/blogs.correiobraziliense.com.br\/consumidor\/wp-json\/wp\/v2\/comments?post=999"}],"version-history":[{"count":1,"href":"https:\/\/blogs.correiobraziliense.com.br\/consumidor\/wp-json\/wp\/v2\/posts\/999\/revisions"}],"predecessor-version":[{"id":1000,"href":"https:\/\/blogs.correiobraziliense.com.br\/consumidor\/wp-json\/wp\/v2\/posts\/999\/revisions\/1000"}],"wp:attachment":[{"href":"https:\/\/blogs.correiobraziliense.com.br\/consumidor\/wp-json\/wp\/v2\/media?parent=999"}],"wp:term":[{"taxonomy":"category","embeddable":true,"href":"https:\/\/blogs.correiobraziliense.com.br\/consumidor\/wp-json\/wp\/v2\/categories?post=999"},{"taxonomy":"post_tag","embeddable":true,"href":"https:\/\/blogs.correiobraziliense.com.br\/consumidor\/wp-json\/wp\/v2\/tags?post=999"}],"curies":[{"name":"wp","href":"https:\/\/api.w.org\/{rel}","templated":true}]}}