{"id":994,"date":"2016-04-04T19:09:00","date_gmt":"2016-04-04T22:09:00","guid":{"rendered":"https:\/\/blogs.correiobraziliense.com.br\/consumidor\/?p=994"},"modified":"2016-07-08T10:21:51","modified_gmt":"2016-07-08T13:21:51","slug":"governo-reve-norma-que-obrigava-fim-de-dividas-tributarias-para-venda-de-imoveis","status":"publish","type":"post","link":"https:\/\/blogs.correiobraziliense.com.br\/consumidor\/governo-reve-norma-que-obrigava-fim-de-dividas-tributarias-para-venda-de-imoveis\/","title":{"rendered":"Governo rev\u00ea norma que obrigava fim de d\u00edvidas tribut\u00e1rias para venda de im\u00f3veis"},"content":{"rendered":"<p>A Secretaria de Fazenda do Distrito Federal voltou atr\u00e1s em rela\u00e7\u00e3o a cobran\u00e7a de certid\u00e3o negativa para transfer\u00eancia de im\u00f3veis. Dessa forma, o vendedor de um im\u00f3vel n\u00e3o vai precisar mais antecipar o Imposto sobre a Propriedade Territorial e Urbana (IPTU) e outros tributos antes do neg\u00f3cio.<\/p>\n<p><a href=\"https:\/\/blogs.correiobraziliense.com.br\/consumidor\/divida-com-imposto-vai-dificultar-venda-de-imoveis-no-distrito-federal\/\">Leia mais D\u00edvida com imposto vai dificultar venda de im\u00f3veis<\/a><\/p>\n<p>A pasta re-publicou a instru\u00e7\u00e3o normativa na \u00faltima semana admitindo a certid\u00e3o positiva com efeito de negativa &#8211; o documento vai apontar que os \u00fanicos d\u00e9bitos em aberto s\u00e3o os impostos do ano corrente.<\/p>\n<p>O subsecret\u00e1rio da Receita, Hormino de Almeida Junior, explicou que a mudan\u00e7a ocorreu para evitar a inseguran\u00e7a jur\u00eddica. \u201cT\u00ednhamos essa discuss\u00e3o aqui dentro. Na primeira vers\u00e3o, est\u00e1vamos repetindo o dispositivo da legisla\u00e7\u00e3o tribut\u00e1ria do DF, que n\u00e3o aceita a certid\u00e3o positiva. Nessa segunda, optamos por acordar com a legisla\u00e7\u00e3o tribut\u00e1ria nacional, que prev\u00ea essa possibilidade\u201d.<\/p>\n","protected":false},"excerpt":{"rendered":"<p>A Secretaria de Fazenda do Distrito Federal voltou atr\u00e1s em rela\u00e7\u00e3o a cobran\u00e7a de certid\u00e3o negativa para transfer\u00eancia de im\u00f3veis. Dessa forma, o vendedor de um im\u00f3vel n\u00e3o vai precisar mais antecipar o Imposto sobre a Propriedade Territorial e Urbana (IPTU) e outros tributos antes do neg\u00f3cio. Leia mais D\u00edvida com imposto vai dificultar venda de im\u00f3veis A pasta re-publicou [&hellip;]<\/p>\n","protected":false},"author":28,"featured_media":0,"comment_status":"open","ping_status":"closed","sticky":false,"template":"","format":"standard","meta":{"footnotes":""},"categories":[144,1],"tags":[],"class_list":["post-994","post","type-post","status-publish","format-standard","hentry","category-consumidor","category-sem-categoria"],"_links":{"self":[{"href":"https:\/\/blogs.correiobraziliense.com.br\/consumidor\/wp-json\/wp\/v2\/posts\/994","targetHints":{"allow":["GET"]}}],"collection":[{"href":"https:\/\/blogs.correiobraziliense.com.br\/consumidor\/wp-json\/wp\/v2\/posts"}],"about":[{"href":"https:\/\/blogs.correiobraziliense.com.br\/consumidor\/wp-json\/wp\/v2\/types\/post"}],"author":[{"embeddable":true,"href":"https:\/\/blogs.correiobraziliense.com.br\/consumidor\/wp-json\/wp\/v2\/users\/28"}],"replies":[{"embeddable":true,"href":"https:\/\/blogs.correiobraziliense.com.br\/consumidor\/wp-json\/wp\/v2\/comments?post=994"}],"version-history":[{"count":1,"href":"https:\/\/blogs.correiobraziliense.com.br\/consumidor\/wp-json\/wp\/v2\/posts\/994\/revisions"}],"predecessor-version":[{"id":995,"href":"https:\/\/blogs.correiobraziliense.com.br\/consumidor\/wp-json\/wp\/v2\/posts\/994\/revisions\/995"}],"wp:attachment":[{"href":"https:\/\/blogs.correiobraziliense.com.br\/consumidor\/wp-json\/wp\/v2\/media?parent=994"}],"wp:term":[{"taxonomy":"category","embeddable":true,"href":"https:\/\/blogs.correiobraziliense.com.br\/consumidor\/wp-json\/wp\/v2\/categories?post=994"},{"taxonomy":"post_tag","embeddable":true,"href":"https:\/\/blogs.correiobraziliense.com.br\/consumidor\/wp-json\/wp\/v2\/tags?post=994"}],"curies":[{"name":"wp","href":"https:\/\/api.w.org\/{rel}","templated":true}]}}