{"id":99,"date":"2015-11-07T12:43:29","date_gmt":"2015-11-07T14:43:29","guid":{"rendered":"https:\/\/blogs.correiobraziliense.com.br\/consumidor\/?p=99"},"modified":"2015-11-07T12:43:29","modified_gmt":"2015-11-07T14:43:29","slug":"brasilia-recebe-o-mais-importante-congresso-de-defesa-da-consumidor","status":"publish","type":"post","link":"https:\/\/blogs.correiobraziliense.com.br\/consumidor\/brasilia-recebe-o-mais-importante-congresso-de-defesa-da-consumidor\/","title":{"rendered":"Bras\u00edlia recebe o mais importante congresso de defesa da consumidor"},"content":{"rendered":"<p>Bras\u00edlia vai sediar o maior evento de prote\u00e7\u00e3o ao consumidor do mundo: o 20\u00ba Congresso Mundial da <em>Consumers International<\/em>, que ocorre a cada quatro anos. Essa \u00e9 a primeira vez que o Brasil recebe o evento, que ser\u00e1 realizado entre os dias 18 e 20 de novembro e contar\u00e1 com a participa\u00e7\u00e3o de representantes de mais de 120 pa\u00edses. As inscri\u00e7\u00f5es podem ser realizadas <a href=\"http:\/\/www.worldcongressbrazil.com.br\/#register\" target=\"_blank\">no site<\/a> at\u00e9 dia 12\/11.<\/p>\n<p>O congresso mundial reunir\u00e1 membros da <em>Consumers International<\/em> e convidados para discutirem temas de impacto mundial nas rela\u00e7\u00f5es de consumo. A Secretaria Nacional do Consumidor do Minist\u00e9rio da Justi\u00e7a (Senacon\/MJ) \u00e9 a co-realizadora do evento e coordenar\u00e1 debates sobre a atualiza\u00e7\u00e3o do C\u00f3digo de Defesa do Consumidor; as diretrizes da Organiza\u00e7\u00e3o das Na\u00e7\u00f5es Unidas (ONU) e o site Consumidor.gov.br.<\/p>\n<p>A <em>Consumers International<\/em> \u00e9 uma organiza\u00e7\u00e3o internacional, fundada em 1960, que re\u00fane membros associados para atuar globalmente em favor dos consumidores.<\/p>\n","protected":false},"excerpt":{"rendered":"<p>Bras\u00edlia vai sediar o maior evento de prote\u00e7\u00e3o ao consumidor do mundo: o 20\u00ba Congresso Mundial da Consumers International, que ocorre a cada quatro anos. Essa \u00e9 a primeira vez que o Brasil recebe o evento, que ser\u00e1 realizado entre os dias 18 e 20 de novembro e contar\u00e1 com a participa\u00e7\u00e3o de representantes de mais de 120 pa\u00edses. As [&hellip;]<\/p>\n","protected":false},"author":28,"featured_media":0,"comment_status":"open","ping_status":"closed","sticky":false,"template":"","format":"standard","meta":{"footnotes":""},"categories":[1],"tags":[],"class_list":["post-99","post","type-post","status-publish","format-standard","hentry","category-sem-categoria"],"_links":{"self":[{"href":"https:\/\/blogs.correiobraziliense.com.br\/consumidor\/wp-json\/wp\/v2\/posts\/99","targetHints":{"allow":["GET"]}}],"collection":[{"href":"https:\/\/blogs.correiobraziliense.com.br\/consumidor\/wp-json\/wp\/v2\/posts"}],"about":[{"href":"https:\/\/blogs.correiobraziliense.com.br\/consumidor\/wp-json\/wp\/v2\/types\/post"}],"author":[{"embeddable":true,"href":"https:\/\/blogs.correiobraziliense.com.br\/consumidor\/wp-json\/wp\/v2\/users\/28"}],"replies":[{"embeddable":true,"href":"https:\/\/blogs.correiobraziliense.com.br\/consumidor\/wp-json\/wp\/v2\/comments?post=99"}],"version-history":[{"count":1,"href":"https:\/\/blogs.correiobraziliense.com.br\/consumidor\/wp-json\/wp\/v2\/posts\/99\/revisions"}],"predecessor-version":[{"id":100,"href":"https:\/\/blogs.correiobraziliense.com.br\/consumidor\/wp-json\/wp\/v2\/posts\/99\/revisions\/100"}],"wp:attachment":[{"href":"https:\/\/blogs.correiobraziliense.com.br\/consumidor\/wp-json\/wp\/v2\/media?parent=99"}],"wp:term":[{"taxonomy":"category","embeddable":true,"href":"https:\/\/blogs.correiobraziliense.com.br\/consumidor\/wp-json\/wp\/v2\/categories?post=99"},{"taxonomy":"post_tag","embeddable":true,"href":"https:\/\/blogs.correiobraziliense.com.br\/consumidor\/wp-json\/wp\/v2\/tags?post=99"}],"curies":[{"name":"wp","href":"https:\/\/api.w.org\/{rel}","templated":true}]}}