{"id":974,"date":"2016-03-29T14:30:03","date_gmt":"2016-03-29T17:30:03","guid":{"rendered":"https:\/\/blogs.correiobraziliense.com.br\/consumidor\/?p=974"},"modified":"2016-07-08T10:21:57","modified_gmt":"2016-07-08T13:21:57","slug":"morar-no-distrito-federal-aumenta-em-86-chance-da-familia-consumir-organicos","status":"publish","type":"post","link":"https:\/\/blogs.correiobraziliense.com.br\/consumidor\/morar-no-distrito-federal-aumenta-em-86-chance-da-familia-consumir-organicos\/","title":{"rendered":"Morar no Distrito Federal aumenta em 86% a chance da fam\u00edlia consumir alimentos org\u00e2nicos"},"content":{"rendered":"<p>As fam\u00edlias do Distrito Federal consomem mais org\u00e2nicos do que a m\u00e9dia brasileira. Segundo estudo divulgado nesta ter\u00e7a-feira (29\/3) pela Companhia de Planejamento do DF, os moradores da capital do pa\u00eds t\u00eam 86% mais chances de comer org\u00e2nicos do que em outros estados.<\/p>\n<p>A pesquisa aponta que, quanto maior a renda da fam\u00edlia e quanto mais anos de estudo t\u00eam os integrantes, maior ser\u00e1 a chance de os itens org\u00e2nicos estarem na mesa diariamente.<\/p>\n<p>Al\u00e9m da renda e da escolaridade, a facilidade log\u00edstica e comercial dos produtos org\u00e2nicos tamb\u00e9m contribuem para a alta participa\u00e7\u00e3o da popula\u00e7\u00e3o no mercado de org\u00e2nicos. A presen\u00e7a de \u00f3rg\u00e3os de incentivo \u00e0 produ\u00e7\u00e3o local de org\u00e2nicos como a Emater, a Embrapa e o Sebrae d\u00e1 f\u00f4lego ao mercado e contribui para o aumento da oferta e consumo.<\/p>\n<p>Os dados analisados apontam que a eleva\u00e7\u00e3o na renda familiar est\u00e1 relacionada ao aumento no\u00a0consumo de produtos org\u00e2nicos. O crescimento do n\u00famero de fam\u00edlias tamb\u00e9m\u00a0influencia no incremento do consumo esperado.<\/p>\n<p><a href=\"https:\/\/blogs.correiobraziliense.com.br\/consumidor\/prefere-organicos-confira-lista-de-feiras-no-distrito-federal\/\">Veja a lista de feiras org\u00e2nicas no DF<\/a><\/p>\n<p>O estudo explica que &#8220;a decis\u00e3o de consumir org\u00e2nicos n\u00e3o se restringe a h\u00e1bitos pessoais e familiares. A\u00a0maior conscientiza\u00e7\u00e3o das vantagens nutricionais e o conhecimento do processo produtivo,\u00a0ambientalmente mais seguro, faz com que este consumidor se volte para valores que\u00a0atendam n\u00e3o somente suas necessidades mas, tamb\u00e9m, aos relacionados com o benef\u00edcio\u00a0coletivo&#8221;.<\/p>\n<p>&nbsp;<\/p>\n<p>&nbsp;<\/p>\n","protected":false},"excerpt":{"rendered":"<p>As fam\u00edlias do Distrito Federal consomem mais org\u00e2nicos do que a m\u00e9dia brasileira. Segundo estudo divulgado nesta ter\u00e7a-feira (29\/3) pela Companhia de Planejamento do DF, os moradores da capital do pa\u00eds t\u00eam 86% mais chances de comer org\u00e2nicos do que em outros estados. A pesquisa aponta que, quanto maior a renda da fam\u00edlia e quanto mais anos de estudo t\u00eam [&hellip;]<\/p>\n","protected":false},"author":28,"featured_media":0,"comment_status":"open","ping_status":"closed","sticky":false,"template":"","format":"standard","meta":{"footnotes":""},"categories":[144,1],"tags":[],"class_list":["post-974","post","type-post","status-publish","format-standard","hentry","category-consumidor","category-sem-categoria"],"_links":{"self":[{"href":"https:\/\/blogs.correiobraziliense.com.br\/consumidor\/wp-json\/wp\/v2\/posts\/974","targetHints":{"allow":["GET"]}}],"collection":[{"href":"https:\/\/blogs.correiobraziliense.com.br\/consumidor\/wp-json\/wp\/v2\/posts"}],"about":[{"href":"https:\/\/blogs.correiobraziliense.com.br\/consumidor\/wp-json\/wp\/v2\/types\/post"}],"author":[{"embeddable":true,"href":"https:\/\/blogs.correiobraziliense.com.br\/consumidor\/wp-json\/wp\/v2\/users\/28"}],"replies":[{"embeddable":true,"href":"https:\/\/blogs.correiobraziliense.com.br\/consumidor\/wp-json\/wp\/v2\/comments?post=974"}],"version-history":[{"count":2,"href":"https:\/\/blogs.correiobraziliense.com.br\/consumidor\/wp-json\/wp\/v2\/posts\/974\/revisions"}],"predecessor-version":[{"id":976,"href":"https:\/\/blogs.correiobraziliense.com.br\/consumidor\/wp-json\/wp\/v2\/posts\/974\/revisions\/976"}],"wp:attachment":[{"href":"https:\/\/blogs.correiobraziliense.com.br\/consumidor\/wp-json\/wp\/v2\/media?parent=974"}],"wp:term":[{"taxonomy":"category","embeddable":true,"href":"https:\/\/blogs.correiobraziliense.com.br\/consumidor\/wp-json\/wp\/v2\/categories?post=974"},{"taxonomy":"post_tag","embeddable":true,"href":"https:\/\/blogs.correiobraziliense.com.br\/consumidor\/wp-json\/wp\/v2\/tags?post=974"}],"curies":[{"name":"wp","href":"https:\/\/api.w.org\/{rel}","templated":true}]}}