{"id":967,"date":"2016-03-22T12:00:08","date_gmt":"2016-03-22T15:00:08","guid":{"rendered":"https:\/\/blogs.correiobraziliense.com.br\/consumidor\/?p=967"},"modified":"2016-07-08T10:22:01","modified_gmt":"2016-07-08T13:22:01","slug":"lojas-de-rua-e-shopping-centers-fecham-na-sexta-feira-da-paixao","status":"publish","type":"post","link":"https:\/\/blogs.correiobraziliense.com.br\/consumidor\/lojas-de-rua-e-shopping-centers-fecham-na-sexta-feira-da-paixao\/","title":{"rendered":"Lojas de rua e shopping centers fecham na sexta-feira da Paix\u00e3o"},"content":{"rendered":"<p>O com\u00e9rcio de rua e as lojas de shopping centers n\u00e3o abrir\u00e3o no pr\u00f3ximo dia 25, feriado da sexta-feira da Paix\u00e3o. Na quinta-feira (24\/3) e no s\u00e1bado de Aleluia, os estabelecimentos funcionam normalmente. No domingo, os shoppings abrem em hor\u00e1rio normal.<\/p>\n<p>O acordo faz parte da Conven\u00e7\u00e3o Coletiva de Trabalho assinada entre o Sindicato do Com\u00e9rcio Varejista do DF e o Sindicato dos Empregados no Com\u00e9rcio.<\/p>\n<p>&nbsp;<\/p>\n","protected":false},"excerpt":{"rendered":"<p>O com\u00e9rcio de rua e as lojas de shopping centers n\u00e3o abrir\u00e3o no pr\u00f3ximo dia 25, feriado da sexta-feira da Paix\u00e3o. Na quinta-feira (24\/3) e no s\u00e1bado de Aleluia, os estabelecimentos funcionam normalmente. No domingo, os shoppings abrem em hor\u00e1rio normal. O acordo faz parte da Conven\u00e7\u00e3o Coletiva de Trabalho assinada entre o Sindicato do Com\u00e9rcio Varejista do DF e [&hellip;]<\/p>\n","protected":false},"author":28,"featured_media":0,"comment_status":"open","ping_status":"closed","sticky":false,"template":"","format":"standard","meta":{"footnotes":""},"categories":[144,1],"tags":[],"class_list":["post-967","post","type-post","status-publish","format-standard","hentry","category-consumidor","category-sem-categoria"],"_links":{"self":[{"href":"https:\/\/blogs.correiobraziliense.com.br\/consumidor\/wp-json\/wp\/v2\/posts\/967","targetHints":{"allow":["GET"]}}],"collection":[{"href":"https:\/\/blogs.correiobraziliense.com.br\/consumidor\/wp-json\/wp\/v2\/posts"}],"about":[{"href":"https:\/\/blogs.correiobraziliense.com.br\/consumidor\/wp-json\/wp\/v2\/types\/post"}],"author":[{"embeddable":true,"href":"https:\/\/blogs.correiobraziliense.com.br\/consumidor\/wp-json\/wp\/v2\/users\/28"}],"replies":[{"embeddable":true,"href":"https:\/\/blogs.correiobraziliense.com.br\/consumidor\/wp-json\/wp\/v2\/comments?post=967"}],"version-history":[{"count":1,"href":"https:\/\/blogs.correiobraziliense.com.br\/consumidor\/wp-json\/wp\/v2\/posts\/967\/revisions"}],"predecessor-version":[{"id":968,"href":"https:\/\/blogs.correiobraziliense.com.br\/consumidor\/wp-json\/wp\/v2\/posts\/967\/revisions\/968"}],"wp:attachment":[{"href":"https:\/\/blogs.correiobraziliense.com.br\/consumidor\/wp-json\/wp\/v2\/media?parent=967"}],"wp:term":[{"taxonomy":"category","embeddable":true,"href":"https:\/\/blogs.correiobraziliense.com.br\/consumidor\/wp-json\/wp\/v2\/categories?post=967"},{"taxonomy":"post_tag","embeddable":true,"href":"https:\/\/blogs.correiobraziliense.com.br\/consumidor\/wp-json\/wp\/v2\/tags?post=967"}],"curies":[{"name":"wp","href":"https:\/\/api.w.org\/{rel}","templated":true}]}}