{"id":931,"date":"2016-03-13T16:32:04","date_gmt":"2016-03-13T19:32:04","guid":{"rendered":"https:\/\/blogs.correiobraziliense.com.br\/consumidor\/?p=931"},"modified":"2016-03-13T16:32:04","modified_gmt":"2016-03-13T19:32:04","slug":"prefere-organicos-confira-lista-de-feiras-no-distrito-federal","status":"publish","type":"post","link":"https:\/\/blogs.correiobraziliense.com.br\/consumidor\/prefere-organicos-confira-lista-de-feiras-no-distrito-federal\/","title":{"rendered":"Prefere org\u00e2nicos? Confira a lista de feiras no Distrito Federal"},"content":{"rendered":"<p>A busca da qualidade de vida tem levado os consumidores a optarem pelos org\u00e2nicos. A Empresa de Assist\u00eancia T\u00e9cnica e Extens\u00e3o Rural do Distrito Federal (Emater) fez uma lista das feiras com produtos org\u00e2nicos no DF. Confira:<\/p>\n<p><strong>AGE (Associa\u00e7\u00e3o de Agricultura Ecol\u00f3gica)<\/strong><br \/>\nContatos: http:\/\/agebrasilia.com.br e (61) 8101-2406<\/p>\n<p>Quarta-feira<br \/>\nLocal: 112 Sul (ao lado da escola Ursinho Feliz) Bras\u00edlia<br \/>\nHor\u00e1rio: manh\u00e3<\/p>\n<p>Quarta e s\u00e1bado<br \/>\nLocais: 315 Norte (ao lado da Igreja Messi\u00e2nica) e 709\/909 Sul (no Sindicato Rural do DF)<br \/>\nHor\u00e1rio: manh\u00e3<\/p>\n<p>S\u00e1bado<br \/>\nLocal: 303 norte (ao lado da Igreja Santo Expedito)<br \/>\nHor\u00e1rio: manh\u00e3<\/p>\n<figure id=\"attachment_933\" aria-describedby=\"caption-attachment-933\" style=\"width: 606px\" class=\"wp-caption aligncenter\"><a href=\"https:\/\/blogs.correiobraziliense.com.br\/consumidor\/wp-content\/uploads\/sites\/11\/2016\/03\/CBPFOT130520110398.jpg\" rel=\"attachment wp-att-933\"><img loading=\"lazy\" decoding=\"async\" class=\" wp-image-933\" src=\"https:\/\/blogs.correiobraziliense.com.br\/consumidor\/wp-content\/uploads\/sites\/11\/2016\/03\/CBPFOT130520110398.jpg\" alt=\"Cr\u00e9dito: Adauto Cruz\/CB\/D.A Press. Brasil. Bras\u00edlia - DF.\" width=\"606\" height=\"402\" srcset=\"https:\/\/blogs.correiobraziliense.com.br\/consumidor\/wp-content\/uploads\/sites\/11\/2016\/03\/CBPFOT130520110398.jpg 800w, https:\/\/blogs.correiobraziliense.com.br\/consumidor\/wp-content\/uploads\/sites\/11\/2016\/03\/CBPFOT130520110398-300x199.jpg 300w, https:\/\/blogs.correiobraziliense.com.br\/consumidor\/wp-content\/uploads\/sites\/11\/2016\/03\/CBPFOT130520110398-768x510.jpg 768w, https:\/\/blogs.correiobraziliense.com.br\/consumidor\/wp-content\/uploads\/sites\/11\/2016\/03\/CBPFOT130520110398-550x365.jpg 550w, https:\/\/blogs.correiobraziliense.com.br\/consumidor\/wp-content\/uploads\/sites\/11\/2016\/03\/CBPFOT130520110398-230x153.jpg 230w\" sizes=\"auto, (max-width: 606px) 100vw, 606px\" \/><\/a><figcaption id=\"caption-attachment-933\" class=\"wp-caption-text\">Cr\u00e9dito: Adauto Cruz\/CB\/D.A Press. Brasil. Bras\u00edlia &#8211; DF.<\/figcaption><\/figure>\n<p><strong>Espa\u00e7o Natural<\/strong><br \/>\nContato: (61) 9963-0988<\/p>\n<p>Ter\u00e7a, quinta e s\u00e1bado<br \/>\nLocal: 315\/316 Norte (em frente \u00e0 Igreja Messi\u00e2nica)<br \/>\nHor\u00e1rio: manh\u00e3<\/p>\n<p><strong>TAO Org\u00e2nica<\/strong><br \/>\nContato: (61) 9327-5712<\/p>\n<p>S\u00e1bado 108\/109 Norte (pr\u00f3ximo \u00e0 escola Pedacinho do C\u00e9u)<br \/>\nHor\u00e1rio: dia todo<\/p>\n<p><strong>Mercado Org\u00e2nico<\/strong><br \/>\nContato: (61) 9987-2290<\/p>\n<p>Quinta e s\u00e1bado<br \/>\nLocal: Mercado Org\u00e2nico (na CEASA\/DF) Cruzeiro<br \/>\nHor\u00e1rio: manh\u00e3<\/p>\n<p>S\u00e1bado:<br \/>\nLocal: 315\/316 Sul (no espa\u00e7o do templo Budista)<br \/>\nHor\u00e1rio: manh\u00e3<\/p>\n<p><strong>MOA Internacional<\/strong><br \/>\nContato: (61) 9961-3080<\/p>\n<p>Segunda a s\u00e1bado<br \/>\nHor\u00e1rio: dia todo e s\u00e1bado pela manh\u00e3<br \/>\nLocal: Centro de Agricultura de Produ\u00e7\u00e3o Natural (DF 180 &#8211; KM 19 Brazl\u00e2ndia)<\/p>\n<p><strong>Grupo de Org\u00e2nicos de S\u00e3o Sebasti\u00e3o 1:<\/strong><br \/>\nContato: (61) 8177- 2873<\/p>\n<p>Quarta:<br \/>\nLocal: QI 25, Lago Sul<br \/>\nHor\u00e1rio: manh\u00e3<\/p>\n<p>S\u00e1bado:<br \/>\nLocais: QI 15, Lago Sul e Banca org\u00e2nicos da Feira do Jardim Bot\u00e2nico<br \/>\nHor\u00e1rio: manh\u00e3<\/p>\n<p>Quarta e s\u00e1bado<br \/>\nLocal: 308 Sul<br \/>\nHor\u00e1rio: manh\u00e3<\/p>\n<figure id=\"attachment_934\" aria-describedby=\"caption-attachment-934\" style=\"width: 322px\" class=\"wp-caption alignleft\"><a href=\"https:\/\/blogs.correiobraziliense.com.br\/consumidor\/wp-content\/uploads\/sites\/11\/2016\/03\/CBPFOT170220160700.jpg\" rel=\"attachment wp-att-934\"><img loading=\"lazy\" decoding=\"async\" class=\" wp-image-934\" src=\"https:\/\/blogs.correiobraziliense.com.br\/consumidor\/wp-content\/uploads\/sites\/11\/2016\/03\/CBPFOT170220160700.jpg\" alt=\"Cr\u00e9dito: Ana Rayssa\/Esp. CB\/D.A. Press. Brasil. Bras\u00edlia - DF.  \" width=\"322\" height=\"483\" srcset=\"https:\/\/blogs.correiobraziliense.com.br\/consumidor\/wp-content\/uploads\/sites\/11\/2016\/03\/CBPFOT170220160700.jpg 800w, https:\/\/blogs.correiobraziliense.com.br\/consumidor\/wp-content\/uploads\/sites\/11\/2016\/03\/CBPFOT170220160700-200x300.jpg 200w, https:\/\/blogs.correiobraziliense.com.br\/consumidor\/wp-content\/uploads\/sites\/11\/2016\/03\/CBPFOT170220160700-768x1152.jpg 768w, https:\/\/blogs.correiobraziliense.com.br\/consumidor\/wp-content\/uploads\/sites\/11\/2016\/03\/CBPFOT170220160700-683x1024.jpg 683w, https:\/\/blogs.correiobraziliense.com.br\/consumidor\/wp-content\/uploads\/sites\/11\/2016\/03\/CBPFOT170220160700-550x825.jpg 550w, https:\/\/blogs.correiobraziliense.com.br\/consumidor\/wp-content\/uploads\/sites\/11\/2016\/03\/CBPFOT170220160700-230x345.jpg 230w\" sizes=\"auto, (max-width: 322px) 100vw, 322px\" \/><\/a><figcaption id=\"caption-attachment-934\" class=\"wp-caption-text\">Cr\u00e9dito: Ana Rayssa\/Esp. CB\/D.A. Press. Brasil. Bras\u00edlia &#8211; DF.<\/figcaption><\/figure>\n<p><strong>Grupo de Org\u00e2nicos de S\u00e3o Sebasti\u00e3o II<\/strong><br \/>\nContato: (61) 9976-2716<\/p>\n<p>S\u00e1bado:<br \/>\nLocal: Varej\u00e3o da CEASA \u2013 Pr\u00f3ximo \u00e0 Loja Sol Embalagens \u2013 Cruzeiro-DF<br \/>\nHor\u00e1rio: manh\u00e3<\/p>\n<p>Quarta e s\u00e1bado<br \/>\nLocal: SCLS 409 Bl. B \u2013 lj. 15\/16 (atr\u00e1s do restaurante Girassol)<br \/>\nHor\u00e1rio: manh\u00e3<\/p>\n<p><strong>Grupo Vida e Preserva\u00e7\u00e3o (GVP) \u2013 Assentamento Col\u00f4nia I<\/strong><br \/>\nContatos: (61) 9902-7912 ou 9904-3559<\/p>\n<p>Ter\u00e7a<br \/>\nLocais: 505 Norte \u2013 Anexo do Minist\u00e9rio do Meio Ambiente e UnB \u2013 Minhoc\u00e3o, Ala Norte<br \/>\nHor\u00e1rio: manh\u00e3<\/p>\n<p>Quinta:<br \/>\nLocais: Minist\u00e9rio do Meio Ambiente, Esplanada dos Minist\u00e9rios; INCRA (no Pal\u00e1cio do Desenvolvimento SBN); UnB \u2013 Minhoc\u00e3o, Ala Norte; ANEEL 603 norte e 203 Norte (com\u00e9rcio)<br \/>\nHor\u00e1rio: tarde<\/p>\n<p>S\u00e1bado:<br \/>\nLocal: 105 Norte (pra\u00e7a)<br \/>\nHor\u00e1rio: manh\u00e3<\/p>\n<p><strong>Feira Org\u00e2nica da Esta\u00e7\u00e3o Biol\u00f3gica<\/strong><\/p>\n<p>Quinta<br \/>\nLocal: Parque Esta\u00e7\u00e3o Biol\u00f3gica \u2013 Asa Norte, em frente a Emater-DF<br \/>\nHor\u00e1rio: manh\u00e3<\/p>\n<p><strong>Grupo de org\u00e2nicos de Planaltina<\/strong><br \/>\nContato: (61) 9108-9932<\/p>\n<p>S\u00e1bado<br \/>\nLocal: Ao lado da Administra\u00e7\u00e3o Regional de Planaltina (Endere\u00e7o Av. Uberdan Cardoso, Setor Administrativo)<br \/>\nHor\u00e1rio: manh\u00e3<\/p>\n<figure id=\"attachment_936\" aria-describedby=\"caption-attachment-936\" style=\"width: 606px\" class=\"wp-caption aligncenter\"><a href=\"https:\/\/blogs.correiobraziliense.com.br\/consumidor\/wp-content\/uploads\/sites\/11\/2016\/03\/CBPFOT140820140801.jpg\" rel=\"attachment wp-att-936\"><img loading=\"lazy\" decoding=\"async\" class=\" wp-image-936\" src=\"https:\/\/blogs.correiobraziliense.com.br\/consumidor\/wp-content\/uploads\/sites\/11\/2016\/03\/CBPFOT140820140801.jpg\" alt=\"Cr\u00e9dito: Minervino Junior\/CB\/D.A Press. Brasil. Bras\u00edlia - DF. \" width=\"606\" height=\"402\" srcset=\"https:\/\/blogs.correiobraziliense.com.br\/consumidor\/wp-content\/uploads\/sites\/11\/2016\/03\/CBPFOT140820140801.jpg 800w, https:\/\/blogs.correiobraziliense.com.br\/consumidor\/wp-content\/uploads\/sites\/11\/2016\/03\/CBPFOT140820140801-300x199.jpg 300w, https:\/\/blogs.correiobraziliense.com.br\/consumidor\/wp-content\/uploads\/sites\/11\/2016\/03\/CBPFOT140820140801-768x510.jpg 768w, https:\/\/blogs.correiobraziliense.com.br\/consumidor\/wp-content\/uploads\/sites\/11\/2016\/03\/CBPFOT140820140801-550x365.jpg 550w, https:\/\/blogs.correiobraziliense.com.br\/consumidor\/wp-content\/uploads\/sites\/11\/2016\/03\/CBPFOT140820140801-230x153.jpg 230w\" sizes=\"auto, (max-width: 606px) 100vw, 606px\" \/><\/a><figcaption id=\"caption-attachment-936\" class=\"wp-caption-text\">Cr\u00e9dito: Minervino Junior\/CB\/D.A Press. Brasil. Bras\u00edlia &#8211; DF.<\/figcaption><\/figure>\n<p><strong>Agro-org\u00e2nica:<\/strong><br \/>\nContato: (61) 8165-9963<\/p>\n<p>Ter\u00e7a<br \/>\nLocal: Ibram; 511 norte<br \/>\nHor\u00e1rio: manh\u00e3<\/p>\n<p>S\u00e1bado:<br \/>\nLocais: QD. 08 (na pra\u00e7a pr\u00f3xima ao estacionamento do Super Maia) Sobradinho; DF 009 &#8211; EPPN Estrada Parque Pen\u00ednsula Norte (pra\u00e7a pr\u00f3xima ao estacionamento do Deck Norte) Lago Norte<br \/>\nHor\u00e1rio: manh\u00e3<\/p>\n<p>Domingo<br \/>\nLocal: DF 015 &#8211; EPTM Estrada Parque Tamandu\u00e1 (no SPA do B\u00e1lsamo) Parano\u00e1<br \/>\nHor\u00e1rio: manh\u00e3<\/p>\n<p>Ter\u00e7a<br \/>\nLocal: Anexo &#8211; Minist\u00e9rio da Sa\u00fade Bras\u00edlia<br \/>\nHor\u00e1rio: manh\u00e3 (7h-14h)<\/p>\n<p><strong>ASTRAF<\/strong><\/p>\n<p>S\u00e1bado<br \/>\nLocais: Banca org\u00e2nicos da Feira Permanente &#8211; Candangol\u00e2ndia e DF 001 Lago Oeste (na sede da Associa\u00e7\u00e3o dos Produtores do Lago Oeste) Sobradinho<br \/>\nHor\u00e1rio: manh\u00e3<\/p>\n<p>Domingo<br \/>\nLocal: Feira do Padre &#8211; Sobradinho<br \/>\nHor\u00e1rio: manh\u00e3<\/p>\n<p><strong>S\u00edtio Geranium<\/strong><\/p>\n<p>Ter\u00e7a e sexta<br \/>\nLocal: S\u00edtio Geranium na estrada de liga\u00e7\u00e3o entre Taguatinga e Samambaia &#8211; Samambaia<br \/>\nHor\u00e1rio: 10h \u00e0s 17 h<\/p>\n<p><strong>Feira do Vicente Pires<\/strong><br \/>\nContato: (61) 9941-1880<\/p>\n<p>S\u00e1bado e domingo<br \/>\nLocal: Banca org\u00e2nicos da Feira de Produtores do Vicente Pires<br \/>\nHor\u00e1rio: manh\u00e3<\/p>\n<p><strong>Feira da Presid\u00eancia<\/strong><\/p>\n<p>Quinta<br \/>\nLocal: Anexo IV do Pal\u00e1cio do Planalto<br \/>\nHor\u00e1rio: 10h \u00e0s 15h<\/p>\n<p><strong>Feira CECAN<\/strong><br \/>\nContato: 9851-1806<\/p>\n<p>S\u00e1bado<br \/>\nLocal: SQSW 304 no estacionamento do CECAN &#8211; Sudoeste<br \/>\nHor\u00e1rio: manh\u00e3<\/p>\n<p>Feira 315 Sul<br \/>\nContato: 9918-5964<\/p>\n<p>Quarta<br \/>\nLocal: 315 Sul atr\u00e1s do Col\u00e9gio Planalto<br \/>\nHor\u00e1rio: manh\u00e3<\/p>\n<p><strong>Mercado da Agricultura Familiar (MAF)<\/strong><\/p>\n<p>S\u00e1bado<br \/>\nLocal: Ceasa-DF no Centro de Capacita\u00e7\u00e3o e Comercializa\u00e7\u00e3o da Agricultura Familiar &#8211; Cruzeiro<br \/>\nHor\u00e1rio: manh\u00e3<\/p>\n<p><strong>Feira org\u00e2nica do Shopping Qu\u00ea:<\/strong><\/p>\n<p>Ter\u00e7a<br \/>\nLocal: Shoping Qu\u00ea &#8211; \u00c1guas Claras<br \/>\nHor\u00e1rio: 17h &#8211; 21h<\/p>\n<p><strong>Emp\u00f3rio Rural do Colorado<\/strong><\/p>\n<p>S\u00e1bado e domingo<br \/>\nLocal: Banca org\u00e2nicos do Emp\u00f3rio Rural (no bal\u00e3o do Colorado SHTAQ) Lago Norte<br \/>\nHor\u00e1rio: manh\u00e3<\/p>\n<p>&nbsp;<\/p>\n<p>&nbsp;<\/p>\n","protected":false},"excerpt":{"rendered":"<p>A busca da qualidade de vida tem levado os consumidores a optarem pelos org\u00e2nicos. A Empresa de Assist\u00eancia T\u00e9cnica e Extens\u00e3o Rural do Distrito Federal (Emater) fez uma lista das feiras com produtos org\u00e2nicos no DF. Confira: AGE (Associa\u00e7\u00e3o de Agricultura Ecol\u00f3gica) Contatos: http:\/\/agebrasilia.com.br e (61) 8101-2406 Quarta-feira Local: 112 Sul (ao lado da escola Ursinho Feliz) Bras\u00edlia Hor\u00e1rio: manh\u00e3 [&hellip;]<\/p>\n","protected":false},"author":28,"featured_media":932,"comment_status":"open","ping_status":"closed","sticky":false,"template":"","format":"standard","meta":{"footnotes":""},"categories":[1],"tags":[82,83,80,81],"class_list":["post-931","post","type-post","status-publish","format-standard","has-post-thumbnail","hentry","category-sem-categoria","tag-df","tag-emater","tag-feira","tag-organicos"],"_links":{"self":[{"href":"https:\/\/blogs.correiobraziliense.com.br\/consumidor\/wp-json\/wp\/v2\/posts\/931","targetHints":{"allow":["GET"]}}],"collection":[{"href":"https:\/\/blogs.correiobraziliense.com.br\/consumidor\/wp-json\/wp\/v2\/posts"}],"about":[{"href":"https:\/\/blogs.correiobraziliense.com.br\/consumidor\/wp-json\/wp\/v2\/types\/post"}],"author":[{"embeddable":true,"href":"https:\/\/blogs.correiobraziliense.com.br\/consumidor\/wp-json\/wp\/v2\/users\/28"}],"replies":[{"embeddable":true,"href":"https:\/\/blogs.correiobraziliense.com.br\/consumidor\/wp-json\/wp\/v2\/comments?post=931"}],"version-history":[{"count":1,"href":"https:\/\/blogs.correiobraziliense.com.br\/consumidor\/wp-json\/wp\/v2\/posts\/931\/revisions"}],"predecessor-version":[{"id":937,"href":"https:\/\/blogs.correiobraziliense.com.br\/consumidor\/wp-json\/wp\/v2\/posts\/931\/revisions\/937"}],"wp:featuredmedia":[{"embeddable":true,"href":"https:\/\/blogs.correiobraziliense.com.br\/consumidor\/wp-json\/wp\/v2\/media\/932"}],"wp:attachment":[{"href":"https:\/\/blogs.correiobraziliense.com.br\/consumidor\/wp-json\/wp\/v2\/media?parent=931"}],"wp:term":[{"taxonomy":"category","embeddable":true,"href":"https:\/\/blogs.correiobraziliense.com.br\/consumidor\/wp-json\/wp\/v2\/categories?post=931"},{"taxonomy":"post_tag","embeddable":true,"href":"https:\/\/blogs.correiobraziliense.com.br\/consumidor\/wp-json\/wp\/v2\/tags?post=931"}],"curies":[{"name":"wp","href":"https:\/\/api.w.org\/{rel}","templated":true}]}}