{"id":877,"date":"2016-02-24T11:43:12","date_gmt":"2016-02-24T14:43:12","guid":{"rendered":"https:\/\/blogs.correiobraziliense.com.br\/consumidor\/?p=877"},"modified":"2016-02-24T11:48:59","modified_gmt":"2016-02-24T14:48:59","slug":"cartao-de-credito-aumenta-quantidade-de-familias-endividadas","status":"publish","type":"post","link":"https:\/\/blogs.correiobraziliense.com.br\/consumidor\/cartao-de-credito-aumenta-quantidade-de-familias-endividadas\/","title":{"rendered":"Cart\u00e3o de cr\u00e9dito aumenta quantidade de fam\u00edlias endividadas"},"content":{"rendered":"<p>O n\u00famero de fam\u00edlias endividadas com contas em atraso mais que dobrou em um ano no Distrito Federal. Em fevereiro de 2015, eles somavam 56.418. Em 2016, passaram a ser 140.407. O cart\u00e3o de cr\u00e9dito \u00e9 o principal respons\u00e1vel pelo endividamento &#8211; 88,3% dos consumidores t\u00eam d\u00e9bitos nesta modalidade.<\/p>\n<p>Os dados s\u00e3o da\u00a0Pesquisa de Endividamento e Inadimpl\u00eancia do Consumidor (Peic) divulgada \u00a0nesta quarta-feira (24\/2) pela Federa\u00e7\u00e3o do Com\u00e9rcio do DF.<\/p>\n<p>Dentre as fam\u00edlias com contas em atraso, 48,8% disseram ter condi\u00e7\u00f5es de quitar suas d\u00edvidas totalmente e 47%, parcialmente. Do universo de endividados, 2,2% n\u00e3o v\u00e3o pagar e 2% n\u00e3o sabem.<\/p>\n<p>A quantidade de endividados com conta em atraso preocupa as entidades representativas de com\u00e9rcio porque significa que as fam\u00edlias n\u00e3o est\u00e3o conseguindo quitar as d\u00edvidas contra\u00eddas no cart\u00e3o de cr\u00e9dito, e, dessa forma, travaram o consumo. Na an\u00e1lise da Fecom\u00e9rcio,\u00a0os brasilienses est\u00e3o usando o cart\u00e3o de cr\u00e9dito para comprar itens essenciais em casa. As taxas de juros das opera\u00e7\u00f5es de cr\u00e9dito subiram pelo 16\u00ba m\u00eas seguido e atingiram o maior n\u00edvel desde fevereiro de 2005, formando uma bola de neve, de modo que o consumidor n\u00e3o\u00a0est\u00e1\u00a0conseguindo quitar os d\u00e9bitos.<\/p>\n<p>O total de endividados (contando os que t\u00eam condi\u00e7\u00e3o pagar e os que n\u00e3o t\u00eam) tamb\u00e9m cresceu. Saltou de 602.980, em fevereiro do ano passado, para 747.588, no mesmo per\u00edodo deste ano. A quantidade de inadimplentes tamb\u00e9m aumentou de 876 fam\u00edlias para 3.035.<\/p>\n<p>A Pesquisa de Endividamento e Inadimpl\u00eancia do Consumidor (PEIC) foi realizada com uma amostra de 600 fam\u00edlias. O estudo serve para orientar os empres\u00e1rios dos setores de com\u00e9rcio, servi\u00e7os e turismo que utilizam o cr\u00e9dito como ferramenta estrat\u00e9gica para o incremento das vendas, uma vez que permite o acompanhamento do perfil de endividamento do consumidor e sua percep\u00e7\u00e3o em rela\u00e7\u00e3o \u00e0 capacidade de pagamento.<\/p>\n","protected":false},"excerpt":{"rendered":"<p>O n\u00famero de fam\u00edlias endividadas com contas em atraso mais que dobrou em um ano no Distrito Federal. Em fevereiro de 2015, eles somavam 56.418. Em 2016, passaram a ser 140.407. O cart\u00e3o de cr\u00e9dito \u00e9 o principal respons\u00e1vel pelo endividamento &#8211; 88,3% dos consumidores t\u00eam d\u00e9bitos nesta modalidade. Os dados s\u00e3o da\u00a0Pesquisa de Endividamento e Inadimpl\u00eancia do Consumidor (Peic) [&hellip;]<\/p>\n","protected":false},"author":28,"featured_media":0,"comment_status":"open","ping_status":"closed","sticky":false,"template":"","format":"standard","meta":{"footnotes":""},"categories":[1],"tags":[],"class_list":["post-877","post","type-post","status-publish","format-standard","hentry","category-sem-categoria"],"_links":{"self":[{"href":"https:\/\/blogs.correiobraziliense.com.br\/consumidor\/wp-json\/wp\/v2\/posts\/877","targetHints":{"allow":["GET"]}}],"collection":[{"href":"https:\/\/blogs.correiobraziliense.com.br\/consumidor\/wp-json\/wp\/v2\/posts"}],"about":[{"href":"https:\/\/blogs.correiobraziliense.com.br\/consumidor\/wp-json\/wp\/v2\/types\/post"}],"author":[{"embeddable":true,"href":"https:\/\/blogs.correiobraziliense.com.br\/consumidor\/wp-json\/wp\/v2\/users\/28"}],"replies":[{"embeddable":true,"href":"https:\/\/blogs.correiobraziliense.com.br\/consumidor\/wp-json\/wp\/v2\/comments?post=877"}],"version-history":[{"count":3,"href":"https:\/\/blogs.correiobraziliense.com.br\/consumidor\/wp-json\/wp\/v2\/posts\/877\/revisions"}],"predecessor-version":[{"id":880,"href":"https:\/\/blogs.correiobraziliense.com.br\/consumidor\/wp-json\/wp\/v2\/posts\/877\/revisions\/880"}],"wp:attachment":[{"href":"https:\/\/blogs.correiobraziliense.com.br\/consumidor\/wp-json\/wp\/v2\/media?parent=877"}],"wp:term":[{"taxonomy":"category","embeddable":true,"href":"https:\/\/blogs.correiobraziliense.com.br\/consumidor\/wp-json\/wp\/v2\/categories?post=877"},{"taxonomy":"post_tag","embeddable":true,"href":"https:\/\/blogs.correiobraziliense.com.br\/consumidor\/wp-json\/wp\/v2\/tags?post=877"}],"curies":[{"name":"wp","href":"https:\/\/api.w.org\/{rel}","templated":true}]}}