{"id":87,"date":"2012-08-30T16:16:00","date_gmt":"2012-08-30T19:16:00","guid":{"rendered":"https:\/\/blogs.correiobraziliense.com.br\/consumidor\/ans_quer_que_planos_de_saude_oferecam_medicacao_domiciliar\/"},"modified":"2012-08-30T16:16:00","modified_gmt":"2012-08-30T19:16:00","slug":"ans_quer_que_planos_de_saude_oferecam_medicacao_domiciliar","status":"publish","type":"post","link":"https:\/\/blogs.correiobraziliense.com.br\/consumidor\/ans_quer_que_planos_de_saude_oferecam_medicacao_domiciliar\/","title":{"rendered":"ANS quer que planos de sa\u00fade ofere\u00e7am medica\u00e7\u00e3o domiciliar"},"content":{"rendered":"\n<p>Portadores de patologias cr\u00f4nicas poder\u00e3o receber os medicamentos em casa por conta das operadoras de plano de sa\u00fade. Apesar de existir uma lei que isenta os planos dessa obriga\u00e7\u00e3o, a Ag\u00eancia Nacional de Sa\u00fade Suplementar (ANS) pretende publicar uma resolu\u00e7\u00e3o normativa que incentive as empresas ao exerc\u00edcio da medica\u00e7\u00e3o domiciliar.   <\/p>\n<p>Para ajudar na constru\u00e7\u00e3o da resolu\u00e7\u00e3o, a ANS vai lan\u00e7ar uma consulta p\u00fablica, a partir do pr\u00f3ximo dia 4, no intuito de receber sugest\u00f5es de pacientes e interessados.  <\/p>\n<p>A medida tem como objetivo reduzir o sub-tratamento das patologias de  maior preval\u00eancia na popula\u00e7\u00e3o, como diabetes, asma br\u00f4nquica e hipertens\u00e3o arterial. Al\u00e9m disso, a ag\u00eancia quer  deixar mais claras as regras para que o benefici\u00e1rio entenda de que forma se  dar\u00e1 a oferta.   <\/p>\n<p>A consulta ocorrer\u00e1 de 4 de setembro a 3 de outubro de 2012 e as sugest\u00f5es podem ser encaminhadas para o site da ANS, no link <a target=\"_blank\" href=\"http:\/\/www.ans.gov.br\/index.php\/participacao-da-sociedade\/consultas-publicas\">Participa\u00e7\u00e3o da Sociedade\/Consultas P\u00fablicas<\/a>.   <\/p>\n","protected":false},"excerpt":{"rendered":"<p>Portadores de patologias cr\u00f4nicas poder\u00e3o receber os medicamentos em casa por conta das operadoras de plano de sa\u00fade. Apesar de existir uma lei que isenta os planos dessa obriga\u00e7\u00e3o, a Ag\u00eancia Nacional de Sa\u00fade Suplementar (ANS) pretende publicar uma resolu\u00e7\u00e3o normativa que incentive as empresas ao exerc\u00edcio da medica\u00e7\u00e3o domiciliar. Para ajudar na constru\u00e7\u00e3o da resolu\u00e7\u00e3o, a ANS vai lan\u00e7ar [&hellip;]<\/p>\n","protected":false},"author":28,"featured_media":0,"comment_status":"open","ping_status":"open","sticky":false,"template":"","format":"standard","meta":{"footnotes":""},"categories":[1],"tags":[],"class_list":["post-87","post","type-post","status-publish","format-standard","hentry","category-sem-categoria"],"_links":{"self":[{"href":"https:\/\/blogs.correiobraziliense.com.br\/consumidor\/wp-json\/wp\/v2\/posts\/87","targetHints":{"allow":["GET"]}}],"collection":[{"href":"https:\/\/blogs.correiobraziliense.com.br\/consumidor\/wp-json\/wp\/v2\/posts"}],"about":[{"href":"https:\/\/blogs.correiobraziliense.com.br\/consumidor\/wp-json\/wp\/v2\/types\/post"}],"author":[{"embeddable":true,"href":"https:\/\/blogs.correiobraziliense.com.br\/consumidor\/wp-json\/wp\/v2\/users\/28"}],"replies":[{"embeddable":true,"href":"https:\/\/blogs.correiobraziliense.com.br\/consumidor\/wp-json\/wp\/v2\/comments?post=87"}],"version-history":[{"count":0,"href":"https:\/\/blogs.correiobraziliense.com.br\/consumidor\/wp-json\/wp\/v2\/posts\/87\/revisions"}],"wp:attachment":[{"href":"https:\/\/blogs.correiobraziliense.com.br\/consumidor\/wp-json\/wp\/v2\/media?parent=87"}],"wp:term":[{"taxonomy":"category","embeddable":true,"href":"https:\/\/blogs.correiobraziliense.com.br\/consumidor\/wp-json\/wp\/v2\/categories?post=87"},{"taxonomy":"post_tag","embeddable":true,"href":"https:\/\/blogs.correiobraziliense.com.br\/consumidor\/wp-json\/wp\/v2\/tags?post=87"}],"curies":[{"name":"wp","href":"https:\/\/api.w.org\/{rel}","templated":true}]}}