{"id":846,"date":"2016-02-18T19:42:26","date_gmt":"2016-02-18T21:42:26","guid":{"rendered":"https:\/\/blogs.correiobraziliense.com.br\/consumidor\/?p=846"},"modified":"2016-02-18T23:08:13","modified_gmt":"2016-02-19T01:08:13","slug":"diretor-do-procon-df-sera-exonerado-apos-denuncia-de-assedio-moral-contra-servidores","status":"publish","type":"post","link":"https:\/\/blogs.correiobraziliense.com.br\/consumidor\/diretor-do-procon-df-sera-exonerado-apos-denuncia-de-assedio-moral-contra-servidores\/","title":{"rendered":"Diretor do Procon-DF ser\u00e1 exonerado ap\u00f3s den\u00fancia de ass\u00e9dio moral contra servidores"},"content":{"rendered":"<p>Paulo M\u00e1rcio Sampaio deixa a dire\u00e7\u00e3o do Procon do Distrito Federal. Segundo o Buriti, a exonera\u00e7\u00e3o ser\u00e1 publicada amanh\u00e3 (19\/2) no Di\u00e1rio Oficial do Distrito Federal. O vice-diretor da autarquia, Jos\u00e9 Oscar da Silva, assumir\u00e1 o posto.<\/p>\n<p>A decis\u00e3o partiu do pr\u00f3prio governador do Distrito Federal, Rodrigo Rollemberg,\u00a0ap\u00f3s as\u00a0 <a href=\"https:\/\/blogs.correiobraziliense.com.br\/consumidor\/mpt-investiga-denuncia-de-assedio-no-procon\/\">den\u00fancias do Correio <\/a>de investiga\u00e7\u00e3o de ass\u00e9dio moral praticado pelo diretor contra servidores da autarquia. Para Rollemberg, a perman\u00eancia de Paulo M\u00e1rcio tornou-se &#8220;insustent\u00e1vel&#8221; na administra\u00e7\u00e3o p\u00fablica.<\/p>\n<p>Antes de deixar o cargo, Paulo M\u00e1rcio saiu de &#8220;f\u00e9rias&#8221;. O ex-diretor chegou a escrever um of\u00edcio pedindo o afastamento, mas a Casa Civil informou que n\u00e3o recebeu esse documento. No texto,\u00a0Paulo M\u00e1rcio se diz inocente e \u00edntegro. Afirma que se dedicou ao m\u00e1ximo ao Procon do DF e agradece ao governador do Distrito Federal, Rodrigo Rollemberg, pela oportunidade. O ex-diretor comunica que resolveu se afastar para responder \u00e0s den\u00fancias.<\/p>\n<p>&nbsp;<\/p>\n","protected":false},"excerpt":{"rendered":"<p>Paulo M\u00e1rcio Sampaio deixa a dire\u00e7\u00e3o do Procon do Distrito Federal. Segundo o Buriti, a exonera\u00e7\u00e3o ser\u00e1 publicada amanh\u00e3 (19\/2) no Di\u00e1rio Oficial do Distrito Federal. O vice-diretor da autarquia, Jos\u00e9 Oscar da Silva, assumir\u00e1 o posto. A decis\u00e3o partiu do pr\u00f3prio governador do Distrito Federal, Rodrigo Rollemberg,\u00a0ap\u00f3s as\u00a0 den\u00fancias do Correio de investiga\u00e7\u00e3o de ass\u00e9dio moral praticado pelo diretor [&hellip;]<\/p>\n","protected":false},"author":28,"featured_media":0,"comment_status":"open","ping_status":"closed","sticky":false,"template":"","format":"standard","meta":{"footnotes":""},"categories":[1],"tags":[],"class_list":["post-846","post","type-post","status-publish","format-standard","hentry","category-sem-categoria"],"_links":{"self":[{"href":"https:\/\/blogs.correiobraziliense.com.br\/consumidor\/wp-json\/wp\/v2\/posts\/846","targetHints":{"allow":["GET"]}}],"collection":[{"href":"https:\/\/blogs.correiobraziliense.com.br\/consumidor\/wp-json\/wp\/v2\/posts"}],"about":[{"href":"https:\/\/blogs.correiobraziliense.com.br\/consumidor\/wp-json\/wp\/v2\/types\/post"}],"author":[{"embeddable":true,"href":"https:\/\/blogs.correiobraziliense.com.br\/consumidor\/wp-json\/wp\/v2\/users\/28"}],"replies":[{"embeddable":true,"href":"https:\/\/blogs.correiobraziliense.com.br\/consumidor\/wp-json\/wp\/v2\/comments?post=846"}],"version-history":[{"count":3,"href":"https:\/\/blogs.correiobraziliense.com.br\/consumidor\/wp-json\/wp\/v2\/posts\/846\/revisions"}],"predecessor-version":[{"id":868,"href":"https:\/\/blogs.correiobraziliense.com.br\/consumidor\/wp-json\/wp\/v2\/posts\/846\/revisions\/868"}],"wp:attachment":[{"href":"https:\/\/blogs.correiobraziliense.com.br\/consumidor\/wp-json\/wp\/v2\/media?parent=846"}],"wp:term":[{"taxonomy":"category","embeddable":true,"href":"https:\/\/blogs.correiobraziliense.com.br\/consumidor\/wp-json\/wp\/v2\/categories?post=846"},{"taxonomy":"post_tag","embeddable":true,"href":"https:\/\/blogs.correiobraziliense.com.br\/consumidor\/wp-json\/wp\/v2\/tags?post=846"}],"curies":[{"name":"wp","href":"https:\/\/api.w.org\/{rel}","templated":true}]}}