{"id":817,"date":"2016-02-03T10:48:04","date_gmt":"2016-02-03T12:48:04","guid":{"rendered":"https:\/\/blogs.correiobraziliense.com.br\/consumidor\/?p=817"},"modified":"2016-02-03T11:53:00","modified_gmt":"2016-02-03T13:53:00","slug":"creditos-do-nota-legal-vao-diminuir-com-mudanca-nas-regras","status":"publish","type":"post","link":"https:\/\/blogs.correiobraziliense.com.br\/consumidor\/creditos-do-nota-legal-vao-diminuir-com-mudanca-nas-regras\/","title":{"rendered":"Cr\u00e9ditos do Nota Legal v\u00e3o diminuir com mudan\u00e7a nas regras"},"content":{"rendered":"<p>Os cr\u00e9ditos do programa Nota Legal v\u00e3o diminuir ainda mais. O governo do Distrito Federal divulgou nesta manh\u00e3 (3\/2) um decreto que modifica a base de c\u00e1lculo do imposto a ser ressarcido. Se antes a porcentagem de rateio do imposto era de 30%, agora cai para 20%. As regras come\u00e7am a valer a partir da publica\u00e7\u00e3o, por\u00e9m, servir\u00e3o para o resgate do ano que vem, uma vez que o prazo de indica\u00e7\u00e3o de 2016 terminou no \u00faltimo 31. Aqueles que optaram por receber em dinheiro no m\u00eas de julho receber\u00e3o pela regra antiga.<\/p>\n<p>O programa Nota Legal existe desde 2008 e, desde a cria\u00e7\u00e3o, vem sofrendo modifica\u00e7\u00f5es de modo que cr\u00e9dito a ser ressarcido ao consumidor fica menor. Em 2012, a Secretaria de Fazenda diminuiu o retorno de 16 segmentos, os mais usados pelo consumidor, como supermercados, hipermercados, lojas de departamentos, vestu\u00e1rio e acess\u00f3rios, eletrodom\u00e9sticos, m\u00f3veis, \u00e1udio e v\u00eddeo e artigos de uso pessoal e dom\u00e9stico; materiais de constru\u00e7\u00e3o; suprimentos de inform\u00e1tica, papelaria, farm\u00e1cias sem manipula\u00e7\u00e3o, loja de cal\u00e7ados e artigos fotogr\u00e1ficos; minimercados, mercearias e armaz\u00e9ns, produtos aliment\u00edcios ; e cama, mesa e banho.<\/p>\n<p>Com isso, o programa assiste uma queda no valor m\u00e9dio de resgate. Nos \u00faltimos tr\u00eas anos, as quantias m\u00e9dias por beneficiado caiu 37%. Em 2013, era R$ 331; em 2014, R$ 226,24 e em R$ 2015, R$ 208,49.<\/p>\n<p>A Secretaria de Fazenda justificou a queda da al\u00edquota dizendo que o objetivo do programa de disseminar a educa\u00e7\u00e3o fiscal entre os brasilienses foi alcan\u00e7ado e, neste momento, tornou-se necess\u00e1rio readequ\u00e1-lo.<\/p>\n","protected":false},"excerpt":{"rendered":"<p>Os cr\u00e9ditos do programa Nota Legal v\u00e3o diminuir ainda mais. O governo do Distrito Federal divulgou nesta manh\u00e3 (3\/2) um decreto que modifica a base de c\u00e1lculo do imposto a ser ressarcido. Se antes a porcentagem de rateio do imposto era de 30%, agora cai para 20%. As regras come\u00e7am a valer a partir da publica\u00e7\u00e3o, por\u00e9m, servir\u00e3o para o [&hellip;]<\/p>\n","protected":false},"author":28,"featured_media":819,"comment_status":"open","ping_status":"closed","sticky":false,"template":"","format":"standard","meta":{"footnotes":""},"categories":[1],"tags":[45,44,29,30],"class_list":["post-817","post","type-post","status-publish","format-standard","has-post-thumbnail","hentry","category-sem-categoria","tag-consumidor","tag-creditos","tag-nota-legal","tag-secretaria-de-fazenda"],"_links":{"self":[{"href":"https:\/\/blogs.correiobraziliense.com.br\/consumidor\/wp-json\/wp\/v2\/posts\/817","targetHints":{"allow":["GET"]}}],"collection":[{"href":"https:\/\/blogs.correiobraziliense.com.br\/consumidor\/wp-json\/wp\/v2\/posts"}],"about":[{"href":"https:\/\/blogs.correiobraziliense.com.br\/consumidor\/wp-json\/wp\/v2\/types\/post"}],"author":[{"embeddable":true,"href":"https:\/\/blogs.correiobraziliense.com.br\/consumidor\/wp-json\/wp\/v2\/users\/28"}],"replies":[{"embeddable":true,"href":"https:\/\/blogs.correiobraziliense.com.br\/consumidor\/wp-json\/wp\/v2\/comments?post=817"}],"version-history":[{"count":3,"href":"https:\/\/blogs.correiobraziliense.com.br\/consumidor\/wp-json\/wp\/v2\/posts\/817\/revisions"}],"predecessor-version":[{"id":821,"href":"https:\/\/blogs.correiobraziliense.com.br\/consumidor\/wp-json\/wp\/v2\/posts\/817\/revisions\/821"}],"wp:featuredmedia":[{"embeddable":true,"href":"https:\/\/blogs.correiobraziliense.com.br\/consumidor\/wp-json\/wp\/v2\/media\/819"}],"wp:attachment":[{"href":"https:\/\/blogs.correiobraziliense.com.br\/consumidor\/wp-json\/wp\/v2\/media?parent=817"}],"wp:term":[{"taxonomy":"category","embeddable":true,"href":"https:\/\/blogs.correiobraziliense.com.br\/consumidor\/wp-json\/wp\/v2\/categories?post=817"},{"taxonomy":"post_tag","embeddable":true,"href":"https:\/\/blogs.correiobraziliense.com.br\/consumidor\/wp-json\/wp\/v2\/tags?post=817"}],"curies":[{"name":"wp","href":"https:\/\/api.w.org\/{rel}","templated":true}]}}