{"id":8,"date":"2012-04-18T18:31:00","date_gmt":"2012-04-18T21:31:00","guid":{"rendered":"https:\/\/blogs.correiobraziliense.com.br\/consumidor\/mobilizacao_para_reembolso_da_tarifa_de_energia_eletrica\/"},"modified":"2012-04-18T18:31:00","modified_gmt":"2012-04-18T21:31:00","slug":"mobilizacao_para_reembolso_da_tarifa_de_energia_eletrica","status":"publish","type":"post","link":"https:\/\/blogs.correiobraziliense.com.br\/consumidor\/mobilizacao_para_reembolso_da_tarifa_de_energia_eletrica\/","title":{"rendered":"Mobiliza\u00e7\u00e3o para reembolso da tarifa de energia el\u00e9trica"},"content":{"rendered":"<p><img decoding=\"async\" src=\"https:\/\/blogs.correiobraziliense.com.br\/wp-content\/uploads\/blog-consumidor\/5d697118b13e2db7a43407b7ac61e274.jpg\">  <\/p>\n<p>Entidades de defesa do consumidor como a Associa\u00e7\u00e3o de Consumidores (Proteste), o Procon de S\u00e3o Paulo, o Instituto Brasileiro de Defesa do Consumidor (Idec) e integrantes da Frente de Defesa dos Consumidores de Energia El\u00e9trica est\u00e3o promovendo uma mobiliza\u00e7\u00e3o nacional via redes sociais para pressionar o Tribunal de Contas da Uni\u00e3o (TCU) a adequar a tarifa de distribui\u00e7\u00e3o de energia el\u00e9trica e compensa\u00e7\u00e3o dos consumidores por conta do erro na f\u00f3rmula de reajuste, que vigorou por mais de sete anos.   <\/p>\n<p>A partir de amanh\u00e3 uma p\u00e1gina do Facebook estar\u00e1 dispon\u00edvel e no dia 24 de abril, as entidades querem promover um twita\u00e7o e envio de e-mails para diferentes os \u00f3rg\u00e3os envolvidos.  <\/p>\n<p>Entenda o caso  <\/p>\n<p>O TCU deve julgar nos pr\u00f3ximos dias  os atos da Ag\u00eancia Nacional de Energia El\u00e9trica (Aneel) que, apesar de ter  reconhecido  que a f\u00f3rmula de reajuste estava errada, decidiu  por n\u00e3o readequar o valor das tarifas, e por n\u00e3o compensar os  consumidores pelos valores pagos a mais por mais de sete anos. Essas  cobran\u00e7as a mais geraram receitas injustificadas \u00e0s 63 distribuidoras de  todo o pa\u00eds de mais de R$ 7 bilh\u00f5es, segundo o TCU.  <\/p>\n","protected":false},"excerpt":{"rendered":"<p>Entidades de defesa do consumidor como a Associa\u00e7\u00e3o de Consumidores (Proteste), o Procon de S\u00e3o Paulo, o Instituto Brasileiro de Defesa do Consumidor (Idec) e integrantes da Frente de Defesa dos Consumidores de Energia El\u00e9trica est\u00e3o promovendo uma mobiliza\u00e7\u00e3o nacional via redes sociais para pressionar o Tribunal de Contas da Uni\u00e3o (TCU) a adequar a tarifa de distribui\u00e7\u00e3o de energia [&hellip;]<\/p>\n","protected":false},"author":28,"featured_media":0,"comment_status":"open","ping_status":"open","sticky":false,"template":"","format":"standard","meta":{"footnotes":""},"categories":[1],"tags":[],"class_list":["post-8","post","type-post","status-publish","format-standard","hentry","category-sem-categoria"],"_links":{"self":[{"href":"https:\/\/blogs.correiobraziliense.com.br\/consumidor\/wp-json\/wp\/v2\/posts\/8","targetHints":{"allow":["GET"]}}],"collection":[{"href":"https:\/\/blogs.correiobraziliense.com.br\/consumidor\/wp-json\/wp\/v2\/posts"}],"about":[{"href":"https:\/\/blogs.correiobraziliense.com.br\/consumidor\/wp-json\/wp\/v2\/types\/post"}],"author":[{"embeddable":true,"href":"https:\/\/blogs.correiobraziliense.com.br\/consumidor\/wp-json\/wp\/v2\/users\/28"}],"replies":[{"embeddable":true,"href":"https:\/\/blogs.correiobraziliense.com.br\/consumidor\/wp-json\/wp\/v2\/comments?post=8"}],"version-history":[{"count":0,"href":"https:\/\/blogs.correiobraziliense.com.br\/consumidor\/wp-json\/wp\/v2\/posts\/8\/revisions"}],"wp:attachment":[{"href":"https:\/\/blogs.correiobraziliense.com.br\/consumidor\/wp-json\/wp\/v2\/media?parent=8"}],"wp:term":[{"taxonomy":"category","embeddable":true,"href":"https:\/\/blogs.correiobraziliense.com.br\/consumidor\/wp-json\/wp\/v2\/categories?post=8"},{"taxonomy":"post_tag","embeddable":true,"href":"https:\/\/blogs.correiobraziliense.com.br\/consumidor\/wp-json\/wp\/v2\/tags?post=8"}],"curies":[{"name":"wp","href":"https:\/\/api.w.org\/{rel}","templated":true}]}}