{"id":793,"date":"2016-01-26T16:48:39","date_gmt":"2016-01-26T18:48:39","guid":{"rendered":"https:\/\/blogs.correiobraziliense.com.br\/consumidor\/?p=793"},"modified":"2016-01-26T16:58:29","modified_gmt":"2016-01-26T18:58:29","slug":"procon-df-autua-83-das-escolas-fiscalizadas-por-irregularidades","status":"publish","type":"post","link":"https:\/\/blogs.correiobraziliense.com.br\/consumidor\/procon-df-autua-83-das-escolas-fiscalizadas-por-irregularidades\/","title":{"rendered":"Procon-DF autua 83% das escolas fiscalizadas por irregularidades na lista de material escolar"},"content":{"rendered":"<p>O Procon autuou 54 escolas do Distrito Federal por irregularidades na lista de material escolar adotada pelas institui\u00e7\u00f5es de ensino. Os principais problemas\u00a0encontrados foram a aus\u00eancia do plano de execu\u00e7\u00e3o de uso do material escolar, a indica\u00e7\u00e3o de marcas e a falta de informa\u00e7\u00e3o sobre a entrega dos materiais de forma parcelada. Foram fiscalizadas 65 estabelecimentos de ensino.<\/p>\n<p>A fiscaliza\u00e7\u00e3o ocorreu em institui\u00e7\u00f5es na Asa Sul, Asa Norte, Sudoeste, Cruzeiro, Lago Sul, Lago Norte, Parano\u00e1, Sobradinho, Planaltina, Guar\u00e1, \u00c1guas Claras, Vicente Pires, Taguatinga, N\u00facleo Bandeirante e Ceil\u00e2ndia.<\/p>\n<p>Na an\u00e1lise do diretor-geral do \u00f3rg\u00e3o, Paulo M\u00e1rcio Sampaio, o \u00edndice de infra\u00e7\u00e3o foi alto e a fiscaliza\u00e7\u00e3o deve servir de alerta para que as escolas respeitem a legisla\u00e7\u00e3o vigente.<\/p>\n<p>Os resultados fazem parte da opera\u00e7\u00e3o Na Ponta do L\u00e1pis. Entre os dias 20 e 26 de janeiro, os funcion\u00e1rios do Procon visitaram escolas da rede particular de ensino no DF para checar as listas de material escolar e os contratos de presta\u00e7\u00e3o de servi\u00e7o.<\/p>\n<p>Na primeira fase da opera\u00e7\u00e3o, o \u00f3rg\u00e3o divulgou pesquisa de pre\u00e7os em 59 papelarias do DF. A varia\u00e7\u00e3o do valor total da lista chegou a 125%, sendo que o pre\u00e7o de itens, como dicion\u00e1rio e apontador, variou mais de 1.400%.<\/p>\n<p>&nbsp;<\/p>\n","protected":false},"excerpt":{"rendered":"<p>O Procon autuou 54 escolas do Distrito Federal por irregularidades na lista de material escolar adotada pelas institui\u00e7\u00f5es de ensino. Os principais problemas\u00a0encontrados foram a aus\u00eancia do plano de execu\u00e7\u00e3o de uso do material escolar, a indica\u00e7\u00e3o de marcas e a falta de informa\u00e7\u00e3o sobre a entrega dos materiais de forma parcelada. Foram fiscalizadas 65 estabelecimentos de ensino. A fiscaliza\u00e7\u00e3o [&hellip;]<\/p>\n","protected":false},"author":28,"featured_media":0,"comment_status":"open","ping_status":"closed","sticky":false,"template":"","format":"standard","meta":{"footnotes":""},"categories":[1],"tags":[],"class_list":["post-793","post","type-post","status-publish","format-standard","hentry","category-sem-categoria"],"_links":{"self":[{"href":"https:\/\/blogs.correiobraziliense.com.br\/consumidor\/wp-json\/wp\/v2\/posts\/793","targetHints":{"allow":["GET"]}}],"collection":[{"href":"https:\/\/blogs.correiobraziliense.com.br\/consumidor\/wp-json\/wp\/v2\/posts"}],"about":[{"href":"https:\/\/blogs.correiobraziliense.com.br\/consumidor\/wp-json\/wp\/v2\/types\/post"}],"author":[{"embeddable":true,"href":"https:\/\/blogs.correiobraziliense.com.br\/consumidor\/wp-json\/wp\/v2\/users\/28"}],"replies":[{"embeddable":true,"href":"https:\/\/blogs.correiobraziliense.com.br\/consumidor\/wp-json\/wp\/v2\/comments?post=793"}],"version-history":[{"count":5,"href":"https:\/\/blogs.correiobraziliense.com.br\/consumidor\/wp-json\/wp\/v2\/posts\/793\/revisions"}],"predecessor-version":[{"id":798,"href":"https:\/\/blogs.correiobraziliense.com.br\/consumidor\/wp-json\/wp\/v2\/posts\/793\/revisions\/798"}],"wp:attachment":[{"href":"https:\/\/blogs.correiobraziliense.com.br\/consumidor\/wp-json\/wp\/v2\/media?parent=793"}],"wp:term":[{"taxonomy":"category","embeddable":true,"href":"https:\/\/blogs.correiobraziliense.com.br\/consumidor\/wp-json\/wp\/v2\/categories?post=793"},{"taxonomy":"post_tag","embeddable":true,"href":"https:\/\/blogs.correiobraziliense.com.br\/consumidor\/wp-json\/wp\/v2\/tags?post=793"}],"curies":[{"name":"wp","href":"https:\/\/api.w.org\/{rel}","templated":true}]}}