{"id":787,"date":"2016-01-26T15:08:19","date_gmt":"2016-01-26T17:08:19","guid":{"rendered":"https:\/\/blogs.correiobraziliense.com.br\/consumidor\/?p=787"},"modified":"2016-01-26T15:08:19","modified_gmt":"2016-01-26T17:08:19","slug":"comecio-do-distrito-federal-amarga-o-pior-resultado-da-serie-historica","status":"publish","type":"post","link":"https:\/\/blogs.correiobraziliense.com.br\/consumidor\/comecio-do-distrito-federal-amarga-o-pior-resultado-da-serie-historica\/","title":{"rendered":"Com\u00e9cio do Distrito Federal amarga o pior resultado da s\u00e9rie hist\u00f3rica"},"content":{"rendered":"<p>Os setores de varejo e de servi\u00e7os em 2015 apresentaram os mais baixos \u00edndices desde o in\u00edcio da s\u00e9rie hist\u00f3rica, em 2006. A queda dos dois setores juntos foi de 17,85% em rela\u00e7\u00e3o a 2014, sendo -18,68% do com\u00e9rcio e -15,82% do segmento de servi\u00e7os. \u00c9 o que mostra a Pesquisa Conjuntural da Federa\u00e7\u00e3o do Com\u00e9rcio do Distrito Federal divulgada nesta ter\u00e7a-feira (26\/1).<\/p>\n<p>Dos 12 meses de 2015, oito deles foram de decr\u00e9scimos consecutivos. De abril a novembro, o com\u00e9rcio n\u00e3o conseguiu reagir \u00e0 crise econ\u00f4mica. Em dezembro, por conta das festas de fim de ano,as vendas ganharam um pouco mais de f\u00f4lego e o m\u00eas quebrou a sequ\u00eancia de resultados negativos.<\/p>\n<p>Na an\u00e1lise da federa\u00e7\u00e3o, o desaquecimento no varejo ao longo do ano est\u00e1 relacionado ao endividamento elevado, infla\u00e7\u00e3o alta e aumento no pre\u00e7o do cr\u00e9dito por causa dos juros altos.<\/p>\n<p>A pesquisa mostrou que, entre as formas de pagamento, o cart\u00e3o de cr\u00e9dito foi o mais utilizado nas compras durante todo o ano de 2015. Em dezembro, a modalidade respondeu por 45,25% das vendas no com\u00e9rcio. No setor de servi\u00e7os, foi respons\u00e1vel por 40,54% das compras.<\/p>\n<p>A Pesquisa Conjuntural de Micro e Pequenas Empresas do DF \u00e9 realizada mensalmente pelo Instituto Fecom\u00e9rcio e tem o apoio do Sebrae. Foram consultadas 900 empresas, sendo 595 do com\u00e9rcio e 305 de servi\u00e7os.<\/p>\n","protected":false},"excerpt":{"rendered":"<p>Os setores de varejo e de servi\u00e7os em 2015 apresentaram os mais baixos \u00edndices desde o in\u00edcio da s\u00e9rie hist\u00f3rica, em 2006. A queda dos dois setores juntos foi de 17,85% em rela\u00e7\u00e3o a 2014, sendo -18,68% do com\u00e9rcio e -15,82% do segmento de servi\u00e7os. \u00c9 o que mostra a Pesquisa Conjuntural da Federa\u00e7\u00e3o do Com\u00e9rcio do Distrito Federal divulgada [&hellip;]<\/p>\n","protected":false},"author":28,"featured_media":788,"comment_status":"open","ping_status":"closed","sticky":false,"template":"","format":"standard","meta":{"footnotes":""},"categories":[1],"tags":[33],"class_list":["post-787","post","type-post","status-publish","format-standard","has-post-thumbnail","hentry","category-sem-categoria","tag-comercio-queda-varejo"],"_links":{"self":[{"href":"https:\/\/blogs.correiobraziliense.com.br\/consumidor\/wp-json\/wp\/v2\/posts\/787","targetHints":{"allow":["GET"]}}],"collection":[{"href":"https:\/\/blogs.correiobraziliense.com.br\/consumidor\/wp-json\/wp\/v2\/posts"}],"about":[{"href":"https:\/\/blogs.correiobraziliense.com.br\/consumidor\/wp-json\/wp\/v2\/types\/post"}],"author":[{"embeddable":true,"href":"https:\/\/blogs.correiobraziliense.com.br\/consumidor\/wp-json\/wp\/v2\/users\/28"}],"replies":[{"embeddable":true,"href":"https:\/\/blogs.correiobraziliense.com.br\/consumidor\/wp-json\/wp\/v2\/comments?post=787"}],"version-history":[{"count":1,"href":"https:\/\/blogs.correiobraziliense.com.br\/consumidor\/wp-json\/wp\/v2\/posts\/787\/revisions"}],"predecessor-version":[{"id":789,"href":"https:\/\/blogs.correiobraziliense.com.br\/consumidor\/wp-json\/wp\/v2\/posts\/787\/revisions\/789"}],"wp:featuredmedia":[{"embeddable":true,"href":"https:\/\/blogs.correiobraziliense.com.br\/consumidor\/wp-json\/wp\/v2\/media\/788"}],"wp:attachment":[{"href":"https:\/\/blogs.correiobraziliense.com.br\/consumidor\/wp-json\/wp\/v2\/media?parent=787"}],"wp:term":[{"taxonomy":"category","embeddable":true,"href":"https:\/\/blogs.correiobraziliense.com.br\/consumidor\/wp-json\/wp\/v2\/categories?post=787"},{"taxonomy":"post_tag","embeddable":true,"href":"https:\/\/blogs.correiobraziliense.com.br\/consumidor\/wp-json\/wp\/v2\/tags?post=787"}],"curies":[{"name":"wp","href":"https:\/\/api.w.org\/{rel}","templated":true}]}}