{"id":715,"date":"2015-12-23T11:38:02","date_gmt":"2015-12-23T13:38:02","guid":{"rendered":"https:\/\/blogs.correiobraziliense.com.br\/consumidor\/?p=715"},"modified":"2015-12-23T12:33:11","modified_gmt":"2015-12-23T14:33:11","slug":"contribuinte-tera-5-de-desconto-ao-optar-por-cota-unica-confira-calendario-de-pagamento","status":"publish","type":"post","link":"https:\/\/blogs.correiobraziliense.com.br\/consumidor\/contribuinte-tera-5-de-desconto-ao-optar-por-cota-unica-confira-calendario-de-pagamento\/","title":{"rendered":"Contribuinte ter\u00e1 5% de desconto ao optar por cota \u00fanica; confira calend\u00e1rio de pagamento"},"content":{"rendered":"<figure id=\"attachment_718\" aria-describedby=\"caption-attachment-718\" style=\"width: 820px\" class=\"wp-caption aligncenter\"><a href=\"https:\/\/blogs.correiobraziliense.com.br\/consumidor\/wp-content\/uploads\/sites\/11\/2015\/12\/Aguas-Claras.jpg\"><img loading=\"lazy\" decoding=\"async\" class=\" wp-image-718\" src=\"https:\/\/blogs.correiobraziliense.com.br\/consumidor\/wp-content\/uploads\/sites\/11\/2015\/12\/Aguas-Claras.jpg\" alt=\"Cr\u00e9dito: Minervino Junior\/CBD.A. Press. \" width=\"820\" height=\"544\" srcset=\"https:\/\/blogs.correiobraziliense.com.br\/consumidor\/wp-content\/uploads\/sites\/11\/2015\/12\/Aguas-Claras.jpg 800w, https:\/\/blogs.correiobraziliense.com.br\/consumidor\/wp-content\/uploads\/sites\/11\/2015\/12\/Aguas-Claras-300x199.jpg 300w, https:\/\/blogs.correiobraziliense.com.br\/consumidor\/wp-content\/uploads\/sites\/11\/2015\/12\/Aguas-Claras-550x365.jpg 550w, https:\/\/blogs.correiobraziliense.com.br\/consumidor\/wp-content\/uploads\/sites\/11\/2015\/12\/Aguas-Claras-230x153.jpg 230w\" sizes=\"auto, (max-width: 820px) 100vw, 820px\" \/><\/a><figcaption id=\"caption-attachment-718\" class=\"wp-caption-text\">Cr\u00e9dito: Minervino Junior\/CBD.A. Press.<\/figcaption><\/figure>\n<p>O contribuinte que optar pela cota \u00fanica para o pagamento do Imposto Sobre a Propriedade Predial e Territorial Urbana (IPTU) e do Imposto sobre a Propriedade de Ve\u00edculos Automotores (IPVA) ter\u00e1 5% de desconto, segundo informa\u00e7\u00f5es da Secretaria de Fazenda do Distrito Federal.<\/p>\n<p>O IPVA poder\u00e1 ser pago em cota \u00fanica ou em at\u00e9 tr\u00eas parcelas, cm exce\u00e7\u00e3o dos casos em que o valor total seja inferior a R$ 50. A al\u00edquota do IPVA e o valor do ve\u00edculo constar\u00e3o nos boletos de pagamento, conforme a lei distrital n\u00ba 5.572\/2015 que entrou em vigor.<\/p>\n<p>O IPTU e a Taxa de Limpeza Urbana (TLP) vencem na mesma data e podem ser quitados de uma vez ou dividido em at\u00e9 seis cotas.<\/p>\n<p>O vencimento do IPVA come\u00e7a em 14 de mar\u00e7o e os do IPTU e TLP, em 13 de junho.<\/p>\n<p><strong>Confira o calend\u00e1rio de 2016:<\/strong><\/p>\n<p><strong>IPTU:<\/strong><\/p>\n<p>Final da inscri\u00e7\u00e3o do im\u00f3vel &#8211; 1\u00aa parcela ou cota \u00fanica<\/p>\n<p>1 e 2 &#8211; 13\/6<br \/>\n3 e 4 &#8211; 14\/6<br \/>\n5 e 6 &#8211; 15\/6<br \/>\n7 e 8 &#8211; 16\/6<br \/>\n9,0 e X &#8211; 17\/6<\/p>\n<p>Final da inscri\u00e7\u00e3o do im\u00f3vel &#8211; 2\u00aa parcela<\/p>\n<p>1 e 2 &#8211; 11\/7<br \/>\n3 e 4 &#8211; 12\/7<br \/>\n5 e 6 &#8211; 13\/7<br \/>\n7 e 8 &#8211; 14\/7<br \/>\n9,0 e X &#8211; 15\/7<\/p>\n<p>Final da inscri\u00e7\u00e3o do im\u00f3vel &#8211; 3\u00aa parcela<\/p>\n<p>1 e 2 &#8211; 8\/8<br \/>\n3 e 4 &#8211; 9\/8<br \/>\n5 e 6 &#8211; 10\/8<br \/>\n7 e 8 &#8211; 11\/8<br \/>\n9,0 e X &#8211; 12\/8<\/p>\n<p>Final da inscri\u00e7\u00e3o do im\u00f3vel &#8211; 4\u00aa parcela<\/p>\n<p>1 e 2 &#8211; 12\/9<br \/>\n3 e 4 &#8211; 13\/9<br \/>\n5 e 6 &#8211; 14\/9<br \/>\n7 e 8 &#8211; 15\/9<br \/>\n9,0 e X &#8211; 16\/9<\/p>\n<p>Final da inscri\u00e7\u00e3o do im\u00f3vel &#8211; 5\u00aa parcela<\/p>\n<p>1 e 2 &#8211; 10\/10<br \/>\n3 e 4 &#8211; 11\/10<br \/>\n5 e 6 &#8211; 13\/10<br \/>\n7 e 8 &#8211; 13\/10<br \/>\n9,0 e X &#8211; 14\/10<\/p>\n<p>Final da inscri\u00e7\u00e3o do im\u00f3vel &#8211; 6\u00aa parcela<\/p>\n<p>1 e 2 &#8211; 14\/11<br \/>\n3 e 4 &#8211; 16\/11<br \/>\n5 e 6 &#8211; 16\/11<br \/>\n7 e 8 &#8211; 17\/11<br \/>\n9,0 e X &#8211; 18\/11<\/p>\n<p><strong>IPVA:<\/strong><\/p>\n<p>Final da placa &#8211; 1\u00aa parcela ou cota \u00fanica<\/p>\n<p>1 e 2 &#8211; 14\/3<br \/>\n3 e 4 &#8211; 15\/3<br \/>\n5 e 6 &#8211; 16\/3<br \/>\n7 e 8 &#8211; 17\/3<br \/>\n9 e 0 &#8211; 18\/3<\/p>\n<p>Final da placa &#8211; 2\u00aa parcela<\/p>\n<p>1 e 2 &#8211; 11\/4<br \/>\n3 e 4 &#8211; 12\/4<br \/>\n5 e 6 &#8211; 13\/4<br \/>\n7 e 8 &#8211; 14\/4<br \/>\n9 e 0 &#8211; 15\/4<\/p>\n<p>Final da placa &#8211; 3\u00aa parcela<\/p>\n<p>1 e 2 &#8211; 9\/5<br \/>\n3 e 4 &#8211; 10\/5<br \/>\n5 e 6 &#8211; 11\/5<br \/>\n7 e 8 &#8211; 12\/5<br \/>\n9 e 0 &#8211; 13\/5<\/p>\n<p>&nbsp;<\/p>\n<p>&nbsp;<\/p>\n<p>&nbsp;<\/p>\n<p>&nbsp;<\/p>\n<p>&nbsp;<\/p>\n<p>&nbsp;<\/p>\n<p>&nbsp;<\/p>\n","protected":false},"excerpt":{"rendered":"<p>O contribuinte que optar pela cota \u00fanica para o pagamento do Imposto Sobre a Propriedade Predial e Territorial Urbana (IPTU) e do Imposto sobre a Propriedade de Ve\u00edculos Automotores (IPVA) ter\u00e1 5% de desconto, segundo informa\u00e7\u00f5es da Secretaria de Fazenda do Distrito Federal. O IPVA poder\u00e1 ser pago em cota \u00fanica ou em at\u00e9 tr\u00eas parcelas, cm exce\u00e7\u00e3o dos casos [&hellip;]<\/p>\n","protected":false},"author":28,"featured_media":719,"comment_status":"open","ping_status":"closed","sticky":false,"template":"","format":"standard","meta":{"footnotes":""},"categories":[1],"tags":[22,23,20,21],"class_list":["post-715","post","type-post","status-publish","format-standard","has-post-thumbnail","hentry","category-sem-categoria","tag-cota-unica","tag-desconto","tag-iptu","tag-ipva"],"_links":{"self":[{"href":"https:\/\/blogs.correiobraziliense.com.br\/consumidor\/wp-json\/wp\/v2\/posts\/715","targetHints":{"allow":["GET"]}}],"collection":[{"href":"https:\/\/blogs.correiobraziliense.com.br\/consumidor\/wp-json\/wp\/v2\/posts"}],"about":[{"href":"https:\/\/blogs.correiobraziliense.com.br\/consumidor\/wp-json\/wp\/v2\/types\/post"}],"author":[{"embeddable":true,"href":"https:\/\/blogs.correiobraziliense.com.br\/consumidor\/wp-json\/wp\/v2\/users\/28"}],"replies":[{"embeddable":true,"href":"https:\/\/blogs.correiobraziliense.com.br\/consumidor\/wp-json\/wp\/v2\/comments?post=715"}],"version-history":[{"count":3,"href":"https:\/\/blogs.correiobraziliense.com.br\/consumidor\/wp-json\/wp\/v2\/posts\/715\/revisions"}],"predecessor-version":[{"id":720,"href":"https:\/\/blogs.correiobraziliense.com.br\/consumidor\/wp-json\/wp\/v2\/posts\/715\/revisions\/720"}],"wp:featuredmedia":[{"embeddable":true,"href":"https:\/\/blogs.correiobraziliense.com.br\/consumidor\/wp-json\/wp\/v2\/media\/719"}],"wp:attachment":[{"href":"https:\/\/blogs.correiobraziliense.com.br\/consumidor\/wp-json\/wp\/v2\/media?parent=715"}],"wp:term":[{"taxonomy":"category","embeddable":true,"href":"https:\/\/blogs.correiobraziliense.com.br\/consumidor\/wp-json\/wp\/v2\/categories?post=715"},{"taxonomy":"post_tag","embeddable":true,"href":"https:\/\/blogs.correiobraziliense.com.br\/consumidor\/wp-json\/wp\/v2\/tags?post=715"}],"curies":[{"name":"wp","href":"https:\/\/api.w.org\/{rel}","templated":true}]}}