{"id":712,"date":"2015-12-22T12:39:03","date_gmt":"2015-12-22T14:39:03","guid":{"rendered":"https:\/\/blogs.correiobraziliense.com.br\/consumidor\/?p=712"},"modified":"2015-12-22T12:39:03","modified_gmt":"2015-12-22T14:39:03","slug":"ceb-sai-da-ilegalidade-e-renova-concessao-por-mais-30-anos","status":"publish","type":"post","link":"https:\/\/blogs.correiobraziliense.com.br\/consumidor\/ceb-sai-da-ilegalidade-e-renova-concessao-por-mais-30-anos\/","title":{"rendered":"CEB sai da ilegalidade e renova concess\u00e3o por mais 30 anos"},"content":{"rendered":"<p>Ap\u00f3s seis meses operando sem licen\u00e7a, a Companhia Energ\u00e9tica de Bras\u00edlia (CEB) assinou nesta manh\u00e3 (22\/12) a prorroga\u00e7\u00e3o do contrato de concess\u00e3o por mais 30 anos. No novo documento firmado, a CEB se compromete a manter os padr\u00f5es de qualidade exigidos pela Ag\u00eancia Nacional de Energia El\u00e9trica (Aneel) e as metas econ\u00f4micas financeiras. Caso a estatal n\u00e3o cumpra os par\u00e2metros estabelecidos por cinco anos, ela pode perder a concess\u00e3o.<\/p>\n<p>A CEB estava em um limbo regulat\u00f3rio desde 7 de julho deste ano. Atuando sem o respaldo legal, a empresa n\u00e3o conseguia contratar empr\u00e9stimos banc\u00e1rios para melhoria em infraestrutura e pagamento de d\u00edvidas. Sem a concess\u00e3o, a CEB n\u00e3o tinha garantia de gerar receita no futuro para pagar a institui\u00e7\u00e3o financeira. Assim como a estatal local, outras 37 estavam na mesma situa\u00e7\u00e3o. O Tribunal de Contas da Uni\u00e3o (TCU) pediu para rever os contratos e orientou mudan\u00e7as no contrato.<\/p>\n<p>Para manter a sa\u00fade financeira da empresa e cumprir os par\u00e2metros da Aneel, a dire\u00e7\u00e3o da CEB aposta na venda de participa\u00e7\u00e3o de empresas da holding, como a parte de gera\u00e7\u00e3o de energia. A ideia \u00e9 fortalecer o bra\u00e7o de distribui\u00e7\u00e3o e melhorar a qualidade do servi\u00e7o.<\/p>\n<p>Durante a cerim\u00f4nia de assinatura da prorroga\u00e7\u00e3o da concess\u00e3o, o presidente da companhia, Ari Joaquim da Silva, ressaltou que as metas contratuais ser\u00e3o cumpridas por conta da venda dos ativos e melhoria do servi\u00e7o. Afirmou ainda que a d\u00edvida da empresa caiu de R$ 360 milh\u00f5es, registrado no in\u00edcio de 2015, para R$ 250 milh\u00f5es.<\/p>\n","protected":false},"excerpt":{"rendered":"<p>Ap\u00f3s seis meses operando sem licen\u00e7a, a Companhia Energ\u00e9tica de Bras\u00edlia (CEB) assinou nesta manh\u00e3 (22\/12) a prorroga\u00e7\u00e3o do contrato de concess\u00e3o por mais 30 anos. No novo documento firmado, a CEB se compromete a manter os padr\u00f5es de qualidade exigidos pela Ag\u00eancia Nacional de Energia El\u00e9trica (Aneel) e as metas econ\u00f4micas financeiras. Caso a estatal n\u00e3o cumpra os par\u00e2metros [&hellip;]<\/p>\n","protected":false},"author":28,"featured_media":0,"comment_status":"open","ping_status":"closed","sticky":false,"template":"","format":"standard","meta":{"footnotes":""},"categories":[1],"tags":[],"class_list":["post-712","post","type-post","status-publish","format-standard","hentry","category-sem-categoria"],"_links":{"self":[{"href":"https:\/\/blogs.correiobraziliense.com.br\/consumidor\/wp-json\/wp\/v2\/posts\/712","targetHints":{"allow":["GET"]}}],"collection":[{"href":"https:\/\/blogs.correiobraziliense.com.br\/consumidor\/wp-json\/wp\/v2\/posts"}],"about":[{"href":"https:\/\/blogs.correiobraziliense.com.br\/consumidor\/wp-json\/wp\/v2\/types\/post"}],"author":[{"embeddable":true,"href":"https:\/\/blogs.correiobraziliense.com.br\/consumidor\/wp-json\/wp\/v2\/users\/28"}],"replies":[{"embeddable":true,"href":"https:\/\/blogs.correiobraziliense.com.br\/consumidor\/wp-json\/wp\/v2\/comments?post=712"}],"version-history":[{"count":1,"href":"https:\/\/blogs.correiobraziliense.com.br\/consumidor\/wp-json\/wp\/v2\/posts\/712\/revisions"}],"predecessor-version":[{"id":713,"href":"https:\/\/blogs.correiobraziliense.com.br\/consumidor\/wp-json\/wp\/v2\/posts\/712\/revisions\/713"}],"wp:attachment":[{"href":"https:\/\/blogs.correiobraziliense.com.br\/consumidor\/wp-json\/wp\/v2\/media?parent=712"}],"wp:term":[{"taxonomy":"category","embeddable":true,"href":"https:\/\/blogs.correiobraziliense.com.br\/consumidor\/wp-json\/wp\/v2\/categories?post=712"},{"taxonomy":"post_tag","embeddable":true,"href":"https:\/\/blogs.correiobraziliense.com.br\/consumidor\/wp-json\/wp\/v2\/tags?post=712"}],"curies":[{"name":"wp","href":"https:\/\/api.w.org\/{rel}","templated":true}]}}