{"id":68,"date":"2015-08-13T12:47:00","date_gmt":"2015-08-13T15:47:00","guid":{"rendered":"https:\/\/blogs.correiobraziliense.com.br\/consumidor\/proteste_entra_na_justica_contra_aumento_na_conta_de_agua_no_df\/"},"modified":"2016-05-13T19:33:51","modified_gmt":"2016-05-13T22:33:51","slug":"proteste_entra_na_justica_contra_aumento_na_conta_de_agua_no_df","status":"publish","type":"post","link":"https:\/\/blogs.correiobraziliense.com.br\/consumidor\/proteste_entra_na_justica_contra_aumento_na_conta_de_agua_no_df\/","title":{"rendered":"Proteste entra na Justi\u00e7a contra aumento na conta de \u00e1gua no DF"},"content":{"rendered":"<div>\n<p>A Proteste Associa\u00e7\u00e3o de Consumidores ajuizou neste manh\u00e3 (13\/8) uma a\u00e7\u00e3o civil p\u00fablica contra o reajuste de 23,59% na conta de \u00e1gua e esgoto de Bras\u00edlia, nos \u00faltimos 12 meses. A alta foi a maior de todo o pa\u00eds, superior \u00e0 infla\u00e7\u00e3o acumulada no per\u00edodo (6,41%) e ao reajuste dos sal\u00e1rios.<\/p><\/div>\n<div>\n<\/div>\n<div>A associa\u00e7\u00e3o pede que a Ag\u00eancia Reguladora de \u00c1guas, Energia e Saneamento B\u00e1sico do Distrito Federal (Adasa) e a Companhia de Saneamento Ambiental do DF (Caesb) retirem a antecipa\u00e7\u00e3o da revis\u00e3o peri\u00f3dica de 16,2%, prevista para 1\u00ba de junho de 2016. O consumidor est\u00e1 pagando essa antecipa\u00e7\u00e3o deste mar\u00e7o deste ano.&nbsp;<\/div>\n<div>\n<\/div>\n<div>Para a Proteste, a antecipa\u00e7\u00e3o \u00e9 abusiva. Por isso, a associa\u00e7\u00e3o pede na Justi\u00e7a o fim da cobran\u00e7a e a restitui\u00e7\u00e3o em dobro nas pr\u00f3ximas tarifas.&nbsp;<\/div>\n<div>\n<\/div>\n<div>Via assessoria, a Caesb informou que revis\u00e3o tarif\u00e1ria cabe \u00e0 Adasa. At\u00e9 a publica\u00e7\u00e3o desta mat\u00e9ria, o Correio n\u00e3o tinha conseguido contato com a ag\u00eancia.&nbsp;<\/div>\n<div>\n<\/div>\n","protected":false},"excerpt":{"rendered":"<p>A Proteste Associa\u00e7\u00e3o de Consumidores ajuizou neste manh\u00e3 (13\/8) uma a\u00e7\u00e3o civil p\u00fablica contra o reajuste de 23,59% na conta de \u00e1gua e esgoto de Bras\u00edlia, nos \u00faltimos 12 meses. A alta foi a maior de todo o pa\u00eds, superior \u00e0 infla\u00e7\u00e3o acumulada no per\u00edodo (6,41%) e ao reajuste dos sal\u00e1rios. A associa\u00e7\u00e3o pede que a Ag\u00eancia Reguladora de \u00c1guas, [&hellip;]<\/p>\n","protected":false},"author":28,"featured_media":0,"comment_status":"open","ping_status":"closed","sticky":false,"template":"","format":"standard","meta":{"footnotes":""},"categories":[1],"tags":[],"class_list":["post-68","post","type-post","status-publish","format-standard","hentry","category-sem-categoria"],"_links":{"self":[{"href":"https:\/\/blogs.correiobraziliense.com.br\/consumidor\/wp-json\/wp\/v2\/posts\/68","targetHints":{"allow":["GET"]}}],"collection":[{"href":"https:\/\/blogs.correiobraziliense.com.br\/consumidor\/wp-json\/wp\/v2\/posts"}],"about":[{"href":"https:\/\/blogs.correiobraziliense.com.br\/consumidor\/wp-json\/wp\/v2\/types\/post"}],"author":[{"embeddable":true,"href":"https:\/\/blogs.correiobraziliense.com.br\/consumidor\/wp-json\/wp\/v2\/users\/28"}],"replies":[{"embeddable":true,"href":"https:\/\/blogs.correiobraziliense.com.br\/consumidor\/wp-json\/wp\/v2\/comments?post=68"}],"version-history":[{"count":1,"href":"https:\/\/blogs.correiobraziliense.com.br\/consumidor\/wp-json\/wp\/v2\/posts\/68\/revisions"}],"predecessor-version":[{"id":1098,"href":"https:\/\/blogs.correiobraziliense.com.br\/consumidor\/wp-json\/wp\/v2\/posts\/68\/revisions\/1098"}],"wp:attachment":[{"href":"https:\/\/blogs.correiobraziliense.com.br\/consumidor\/wp-json\/wp\/v2\/media?parent=68"}],"wp:term":[{"taxonomy":"category","embeddable":true,"href":"https:\/\/blogs.correiobraziliense.com.br\/consumidor\/wp-json\/wp\/v2\/categories?post=68"},{"taxonomy":"post_tag","embeddable":true,"href":"https:\/\/blogs.correiobraziliense.com.br\/consumidor\/wp-json\/wp\/v2\/tags?post=68"}],"curies":[{"name":"wp","href":"https:\/\/api.w.org\/{rel}","templated":true}]}}