{"id":620,"date":"2015-11-24T20:07:21","date_gmt":"2015-11-24T22:07:21","guid":{"rendered":"https:\/\/blogs.correiobraziliense.com.br\/consumidor\/?p=620"},"modified":"2015-11-24T20:11:57","modified_gmt":"2015-11-24T22:11:57","slug":"transparencia-de-preco-de-procedimento-e-para-a-competitividade-e-nao-para-o-consumidor-defendeu-representante-do-ministerio-da-justica","status":"publish","type":"post","link":"https:\/\/blogs.correiobraziliense.com.br\/consumidor\/transparencia-de-preco-de-procedimento-e-para-a-competitividade-e-nao-para-o-consumidor-defendeu-representante-do-ministerio-da-justica\/","title":{"rendered":"\u201cTranspar\u00eancia de pre\u00e7o de procedimento \u00e9 para a competitividade e n\u00e3o para o consumidor\u201d, defende secret\u00e1ria nacional do Consumidor"},"content":{"rendered":"<p><strong>S\u00e3o Paulo-<\/strong> O conceito de transpar\u00eancia em rela\u00e7\u00e3o aos valores dos procedimentos m\u00e9dicos feitos por planos de sa\u00fade foi objeto de debate entre a representante da Secretaria Nacional do Consumidor (Senacon), \u00f3rg\u00e3o vinculado ao Minist\u00e9rio da Justi\u00e7a, Juliana Pereira, e o presidente da Federa\u00e7\u00e3o Nacional de Sa\u00fade Suplementar (FenaSa\u00fade), Marcio Ser\u00f4a de Araujo Coriolano, nesta ter\u00e7a-feira (24\/11).<\/p>\n<p>Durante o 1\u00ba F\u00f3rum da Sa\u00fade Suplementar, Juliana Pereira, secret\u00e1ria da Senacon, defendeu a transpar\u00eancia e o direito \u00e0 informa\u00e7\u00e3o no momento da contrata\u00e7\u00e3o do plano de sa\u00fade e durante a execu\u00e7\u00e3o dos servi\u00e7os. Para ela, a discuss\u00e3o sobre transpar\u00eancia do evento estava muito focada na quest\u00e3o de pre\u00e7os dos planos e nos custos dos procedimentos. \u201cVejo como um abra\u00e7o de afogados. N\u00e3o adianta o consumidor saber o pre\u00e7o de uma cirurgia se ele n\u00e3o tem par\u00e2metro. Estou falando de uma transpar\u00eancia mais b\u00e1sica. Sem ela, o consumidor vai na Justi\u00e7a ou no Procon\u201d.<\/p>\n<p>Incomodado com o posicionamento da secret\u00e1ria, o presidente da FenaSa\u00fade, que n\u00e3o fazia parte do painel, pediu a palavra. \u201cMas \u00e9 preciso empoderar o consumidor. Estamos defendendo a transpar\u00eancia em todos os sentidos. \u00c9 bom para o setor\u201d, defendeu.<\/p>\n<p>Ap\u00f3s o t\u00e9rmino do evento, os dois prosseguiram a discuss\u00e3o. \u201cTranspar\u00eancia de pre\u00e7o de procedimento \u00e9 para a competitividade e n\u00e3o para o consumidor\u201d, continuou defendo a secret\u00e1ria.<\/p>\n<p><em>A rep\u00f3rter viajou a convite da FenaSa\u00fade<\/em><\/p>\n","protected":false},"excerpt":{"rendered":"<p>S\u00e3o Paulo- O conceito de transpar\u00eancia em rela\u00e7\u00e3o aos valores dos procedimentos m\u00e9dicos feitos por planos de sa\u00fade foi objeto de debate entre a representante da Secretaria Nacional do Consumidor (Senacon), \u00f3rg\u00e3o vinculado ao Minist\u00e9rio da Justi\u00e7a, Juliana Pereira, e o presidente da Federa\u00e7\u00e3o Nacional de Sa\u00fade Suplementar (FenaSa\u00fade), Marcio Ser\u00f4a de Araujo Coriolano, nesta ter\u00e7a-feira (24\/11). Durante o 1\u00ba [&hellip;]<\/p>\n","protected":false},"author":28,"featured_media":623,"comment_status":"open","ping_status":"closed","sticky":false,"template":"","format":"standard","meta":{"footnotes":""},"categories":[1],"tags":[],"class_list":["post-620","post","type-post","status-publish","format-standard","has-post-thumbnail","hentry","category-sem-categoria"],"_links":{"self":[{"href":"https:\/\/blogs.correiobraziliense.com.br\/consumidor\/wp-json\/wp\/v2\/posts\/620","targetHints":{"allow":["GET"]}}],"collection":[{"href":"https:\/\/blogs.correiobraziliense.com.br\/consumidor\/wp-json\/wp\/v2\/posts"}],"about":[{"href":"https:\/\/blogs.correiobraziliense.com.br\/consumidor\/wp-json\/wp\/v2\/types\/post"}],"author":[{"embeddable":true,"href":"https:\/\/blogs.correiobraziliense.com.br\/consumidor\/wp-json\/wp\/v2\/users\/28"}],"replies":[{"embeddable":true,"href":"https:\/\/blogs.correiobraziliense.com.br\/consumidor\/wp-json\/wp\/v2\/comments?post=620"}],"version-history":[{"count":2,"href":"https:\/\/blogs.correiobraziliense.com.br\/consumidor\/wp-json\/wp\/v2\/posts\/620\/revisions"}],"predecessor-version":[{"id":622,"href":"https:\/\/blogs.correiobraziliense.com.br\/consumidor\/wp-json\/wp\/v2\/posts\/620\/revisions\/622"}],"wp:featuredmedia":[{"embeddable":true,"href":"https:\/\/blogs.correiobraziliense.com.br\/consumidor\/wp-json\/wp\/v2\/media\/623"}],"wp:attachment":[{"href":"https:\/\/blogs.correiobraziliense.com.br\/consumidor\/wp-json\/wp\/v2\/media?parent=620"}],"wp:term":[{"taxonomy":"category","embeddable":true,"href":"https:\/\/blogs.correiobraziliense.com.br\/consumidor\/wp-json\/wp\/v2\/categories?post=620"},{"taxonomy":"post_tag","embeddable":true,"href":"https:\/\/blogs.correiobraziliense.com.br\/consumidor\/wp-json\/wp\/v2\/tags?post=620"}],"curies":[{"name":"wp","href":"https:\/\/api.w.org\/{rel}","templated":true}]}}